{"id":5435,"date":"2015-11-18T11:15:25","date_gmt":"2015-11-18T10:15:25","guid":{"rendered":"http:\/\/www.ub.edu\/plasostenibilitat\/?p=2310"},"modified":"2024-08-02T10:16:06","modified_gmt":"2024-08-02T10:16:06","slug":"portes-obertes-a-les-maquines-de-retorn-denvasos-al-campus-diagonal","status":"publish","type":"post","link":"https:\/\/www.ub.edu\/ossma\/es\/actualitat-medi-ambient\/portes-obertes-a-les-maquines-de-retorn-denvasos-al-campus-diagonal","title":{"rendered":"Portes obertes a les m\u00e0quines de retorn d&#8217;envasos al Campus Diagonal"},"content":{"rendered":"\n<p>Durant la setmana del <strong>23 al 27 de novembre<\/strong>, dins de la VII Setmana Europea de la Prevenci\u00f3 de Residus, la UB ha programat diverses visites de <strong>portes obertes a les m\u00e0quines de retorn d\u2019envasos de beguda<\/strong> que hi ha instal\u00b7lades al <strong>Campus Diagonal<\/strong>.<\/p>\n\n\n\n<p>Tal com ja us hem anat informant, des del passat mes d&#8217;abril el Campus Diagonal de la UB acull el <strong><a href=\"https:\/\/www.ub.edu\/ossma\/tag\/retorna-ub\">projecte Retorna UB<\/a><\/strong>, un projecte pilot de recollida selectiva d&#8217;envasos de begudes en el que tamb\u00e9 participen la Universitat Polit\u00e8cnica de Catalunya i l&#8217;escola de Disseny Elisava que pret\u00e9n millorar la qualitat i la quantitat dels residus recollits a les universitats. A la UB en concret, s\u2019han instal\u00b7lat vuit m\u00e0quines de retorn d&#8217;envasos que accepten ampolles de pl\u00e0stic i llaunes buides d&#8217;aigua, sucs i refrescs.<\/p>\n\n\n\n<p>L\u2019activitat consistir\u00e0 a mostrar el funcionament de les m\u00e0quines, els resultats de recollida d&#8217;envasos assolits fins al moment, les difer\u00e8ncies d\u2019aquest sistema respecte a la recollida selectiva a partir dels contenidors grocs i les perspectives de futur del projecte.<\/p>\n\n\n\n<p>Totes les visites es faran a les <strong>13 hores<\/strong>, al <strong>costat de les m\u00e0quines de retorn<\/strong> de les seg\u00fcents facultats:<\/p>\n\n\n\n<ul class=\"wp-block-list\">\n<li><strong>Dilluns 23: Facultat d&#8217;Economia i Empresa (Diagonal 690)<\/strong><\/li>\n\n\n\n<li><strong>Dimarts 24: Facultat de Dret<\/strong><\/li>\n\n\n\n<li><strong>Dimecres 25: Atri Solar de les facultats de F\u00edsica i Qu\u00edmica<\/strong><\/li>\n\n\n\n<li><strong>Dijous 26: Facultat de Farm\u00e0cia (Edifici B)<\/strong><\/li>\n\n\n\n<li><strong>Divendres 27: Facultat de Biologia, acc\u00e9s Biblioteca<\/strong><\/li>\n<\/ul>\n\n\n\n<figure class=\"wp-block-image\"><img fetchpriority=\"high\" decoding=\"async\" width=\"1024\" height=\"576\" src=\"https:\/\/www.ub.edu\/ossma\/wp-content\/uploads\/2015\/11\/setmanaeuropeaprevenciaresidus-1024x576.jpg\" alt=\"VII setmana europea de la prevencio de residus. Portes obertes.\" class=\"wp-image-6832\"\/><\/figure>\n\n\n\n<p>L&#8217;actuaci\u00f3 es du a terme en el marc del projecte europeu Green Med Initiative(GMI), impulsat a Catalunya per la Cambra de Comer\u00e7 de Barcelona, ASCAME i Funditec amb les quals la UB ha signat un conveni de col\u00b7laboraci\u00f3, i compta amb l&#8217;assessorament de la Fundaci\u00f3 Catalana per a la prevenci\u00f3 de residu.<\/p>\n","protected":false},"excerpt":{"rendered":"<p>Dins de la VII Setmana Europea de la Prevenci\u00f3 de Residus, la UB ha programat diverses visites de portes obertes a les m\u00e0quines de retorn d\u2019envasos de beguda que hi ha instal\u00b7lades al Campus Diagonal, en el marc del projecte europeu Green Med Initiative (GMI).<\/p>\n","protected":false},"author":1,"featured_media":63040,"comment_status":"open","ping_status":"open","sticky":false,"template":"","format":"standard","meta":{"advgb_blocks_editor_width":"","advgb_blocks_columns_visual_guide":"","footnotes":""},"categories":[20],"tags":[27,99],"class_list":["post-5435","post","type-post","status-publish","format-standard","has-post-thumbnail","hentry","category-actualitat-medi-ambient","tag-residus","tag-retorna-ub"],"author_meta":{"display_name":"OSSMA","author_link":"https:\/\/www.ub.edu\/ossma\/es\/author\/ossmau1"},"featured_img":"https:\/\/www.ub.edu\/ossma\/wp-content\/uploads\/2024\/08\/capcalera-retorna-ub-750x177.jpg","coauthors":[],"tax_additional":{"categories":{"linked":["<a href=\"https:\/\/www.ub.edu\/ossma\/es\/actualitat-medi-ambient\" class=\"advgb-post-tax-term\">Medi Ambient<\/a>"],"unlinked":["<span class=\"advgb-post-tax-term\">Medi Ambient<\/span>"]},"tags":{"linked":["<a href=\"https:\/\/www.ub.edu\/ossma\/es\/actualitat-medi-ambient\" class=\"advgb-post-tax-term\">residus<\/a>","<a href=\"https:\/\/www.ub.edu\/ossma\/es\/actualitat-medi-ambient\" class=\"advgb-post-tax-term\">retorna UB<\/a>"],"unlinked":["<span class=\"advgb-post-tax-term\">residus<\/span>","<span class=\"advgb-post-tax-term\">retorna UB<\/span>"]}},"comment_count":"0","relative_dates":{"created":"Publicado 10 a\u00f1os hace","modified":"Actualizado 2 a\u00f1os hace"},"absolute_dates":{"created":"Publicado el 18 de noviembre de 2015","modified":"Actualizado el 2 de agosto de 2024"},"absolute_dates_time":{"created":"Publicado el 18 de noviembre de 2015 11:15","modified":"Actualizado el 2 de agosto de 2024 10:16"},"featured_img_caption":"","series_order":"","_links":{"self":[{"href":"https:\/\/www.ub.edu\/ossma\/es\/wp-json\/wp\/v2\/posts\/5435","targetHints":{"allow":["GET"]}}],"collection":[{"href":"https:\/\/www.ub.edu\/ossma\/es\/wp-json\/wp\/v2\/posts"}],"about":[{"href":"https:\/\/www.ub.edu\/ossma\/es\/wp-json\/wp\/v2\/types\/post"}],"author":[{"embeddable":true,"href":"https:\/\/www.ub.edu\/ossma\/es\/wp-json\/wp\/v2\/users\/1"}],"replies":[{"embeddable":true,"href":"https:\/\/www.ub.edu\/ossma\/es\/wp-json\/wp\/v2\/comments?post=5435"}],"version-history":[{"count":6,"href":"https:\/\/www.ub.edu\/ossma\/es\/wp-json\/wp\/v2\/posts\/5435\/revisions"}],"predecessor-version":[{"id":63054,"href":"https:\/\/www.ub.edu\/ossma\/es\/wp-json\/wp\/v2\/posts\/5435\/revisions\/63054"}],"wp:featuredmedia":[{"embeddable":true,"href":"https:\/\/www.ub.edu\/ossma\/es\/wp-json\/wp\/v2\/media\/63040"}],"wp:attachment":[{"href":"https:\/\/www.ub.edu\/ossma\/es\/wp-json\/wp\/v2\/media?parent=5435"}],"wp:term":[{"taxonomy":"category","embeddable":true,"href":"https:\/\/www.ub.edu\/ossma\/es\/wp-json\/wp\/v2\/categories?post=5435"},{"taxonomy":"post_tag","embeddable":true,"href":"https:\/\/www.ub.edu\/ossma\/es\/wp-json\/wp\/v2\/tags?post=5435"}],"curies":[{"name":"wp","href":"https:\/\/api.w.org\/{rel}","templated":true}]}}