{"id":5506,"date":"2018-09-18T11:58:14","date_gmt":"2018-09-18T11:58:14","guid":{"rendered":"http:\/\/www.ub.edu\/plasostenibilitat\/?p=3582"},"modified":"2025-01-07T16:26:09","modified_gmt":"2025-01-07T16:26:09","slug":"concurs-mobilitat-2018","status":"publish","type":"post","link":"https:\/\/www.ub.edu\/ossma\/es\/actualitat-medi-ambient\/concurs-mobilitat-2018","title":{"rendered":"Concurs de v\u00eddeos sobre accessibilitat i mobilitat sostenible a la Universitat"},"content":{"rendered":"\n<figure class=\"wp-block-image\"><img decoding=\"async\" src=\"https:\/\/www.ub.edu\/ossma\/wp-content\/uploads\/2019\/04\/concursdevideosobreaccesibilitat.png\" alt=\"Concurs de v\u00eddeos sobre mobilitat\" class=\"wp-image-6172\"\/><\/figure>\n\n\n\n<p>Ets estudiant, PAS o PDI de la Universitat de Barcelona? T&#8217;agrada fer v\u00eddeos creatius i compartir-los? Doncs aquest concurs \u00e9s per a tu!<\/p>\n\n\n\n<p>Fes un v\u00eddeo en horitzontal d&#8217;entre 1 i 2 minuts que tracti el tema de l&#8217;accessibilitat i la mobilitat a la universitat des del punt de vista dels <a href=\"https:\/\/www.un.org\/sustainabledevelopment\/es\/cities\/\" target=\"_blank\" rel=\"noopener noreferrer\">Objectius de Desenvolupament Sostenible<\/a> (problemes o avantatges dels diferents mitjans de transport, possibles solucions o millores, etc.).<\/p>\n\n\n\n<p>Si ets el guanyador d&#8217;aquest <strong>concurs&nbsp;sobre accessibilitat i mobilitat sostenible a la UB<\/strong>&nbsp;podr\u00e0s escollir entre diferents opcions, com ara bicicletes, tel\u00e8fons intel\u00b7ligents, ordinadors o tauletes!<\/p>\n\n\n\n<p>Tens fins al&nbsp;<strong><del>15 d&#8217;octubre<\/del> <span style=\"color: #ff0000;\">(ampliat al 31 d&#8217;octubre)<\/span>&nbsp;<\/strong>per&nbsp;enviar-nos el v\u00eddeo i el document de cessi\u00f3 de dades a <a href=\"mailto:ossma@ub.edu\">ossma@ub.edu<\/a>.<\/p>\n\n\n\n<ul class=\"wp-block-list\">\n<li><strong><a href=\"https:\/\/www.ub.edu\/ossma\/wp-content\/uploads\/2021\/05\/bases-u-mob-concurs-videos-ub.pdf\" target=\"_blank\" rel=\"noreferrer noopener\">Bases del concurs<\/a>&nbsp;<\/strong><em>(ampliat al 31 d&#8217;octubre)<\/em><\/li>\n\n\n\n<li><strong><a href=\"https:\/\/www.ub.edu\/ossma\/wp-content\/uploads\/2021\/05\/document-cessio-drets-ub.pdf\" target=\"_blank\" rel=\"noreferrer noopener\">Document de cessi\u00f3 de drets<\/a><\/strong><\/li>\n\n\n\n<li><strong><a href=\"http:\/\/u-mob.eu\/es\/concurso-de-videos-de-u-mob\/\" target=\"_blank\" rel=\"noopener noreferrer\">Cat\u00e0leg de Premis<\/a><\/strong><\/li>\n<\/ul>\n\n\n\n<p>La Universitat de Barcelona participa en aquest concurs com a membre de la Comissi\u00f3 CRUE Sostenibilidad de la Asociaci\u00f3n CRUE Universidades Espa\u00f1olas, i tamb\u00e9 de la Red Europea de Universidades por la Movilidad Sostenible (<a href=\"http:\/\/u-mob.eu\/es\/\" target=\"_blank\" rel=\"noopener noreferrer\">U-Mob<\/a>), projecte impulsat per la Comissi\u00f3 Europea en el marc del seu Programa LIFE.<\/p>\n\n\n\n<p>Organitzaci\u00f3:<\/p>\n\n\n\n<p>Vicerectorat d&#8217;Igualtat i Acci\u00f3 Social<\/p>\n\n\n\n<p><\/p>\n","protected":false},"excerpt":{"rendered":"<p>Ets estudiant, PAS o PDI de la Universitat de Barcelona? T\u2019agrada fer v\u00eddeos creatius i compartir-los? Doncs aquest concurs \u00e9s per a tu!<\/p>\n","protected":false},"author":1,"featured_media":56690,"comment_status":"open","ping_status":"open","sticky":false,"template":"","format":"standard","meta":{"advgb_blocks_editor_width":"","advgb_blocks_columns_visual_guide":"","footnotes":""},"categories":[20],"tags":[103,58,87,22,119,108],"class_list":["post-5506","post","type-post","status-publish","format-standard","has-post-thumbnail","hentry","category-actualitat-medi-ambient","tag-a-peu","tag-bicicleta","tag-carpooling","tag-mobilitat","tag-ods11","tag-transport-public"],"author_meta":{"display_name":"OSSMA","author_link":"https:\/\/www.ub.edu\/ossma\/es\/author\/ossmau1"},"featured_img":"https:\/\/www.ub.edu\/ossma\/wp-content\/uploads\/2024\/02\/capcalera-mediambient-altres-750x177.jpg","coauthors":[],"tax_additional":{"categories":{"linked":["<a href=\"https:\/\/www.ub.edu\/ossma\/es\/actualitat-medi-ambient\" class=\"advgb-post-tax-term\">Medi Ambient<\/a>"],"unlinked":["<span class=\"advgb-post-tax-term\">Medi Ambient<\/span>"]},"tags":{"linked":["<a href=\"https:\/\/www.ub.edu\/ossma\/es\/actualitat-medi-ambient\" class=\"advgb-post-tax-term\">a peu<\/a>","<a href=\"https:\/\/www.ub.edu\/ossma\/es\/actualitat-medi-ambient\" class=\"advgb-post-tax-term\">bicicleta<\/a>","<a href=\"https:\/\/www.ub.edu\/ossma\/es\/actualitat-medi-ambient\" class=\"advgb-post-tax-term\">carpooling<\/a>","<a href=\"https:\/\/www.ub.edu\/ossma\/es\/actualitat-medi-ambient\" class=\"advgb-post-tax-term\">mobilitat<\/a>","<a href=\"https:\/\/www.ub.edu\/ossma\/es\/actualitat-medi-ambient\" class=\"advgb-post-tax-term\">ods11<\/a>","<a href=\"https:\/\/www.ub.edu\/ossma\/es\/actualitat-medi-ambient\" class=\"advgb-post-tax-term\">transport p\u00fablic<\/a>"],"unlinked":["<span class=\"advgb-post-tax-term\">a peu<\/span>","<span class=\"advgb-post-tax-term\">bicicleta<\/span>","<span class=\"advgb-post-tax-term\">carpooling<\/span>","<span class=\"advgb-post-tax-term\">mobilitat<\/span>","<span class=\"advgb-post-tax-term\">ods11<\/span>","<span class=\"advgb-post-tax-term\">transport p\u00fablic<\/span>"]}},"comment_count":"0","relative_dates":{"created":"Publicado 8 a\u00f1os hace","modified":"Actualizado 1 a\u00f1o hace"},"absolute_dates":{"created":"Publicado el 18 de septiembre de 2018","modified":"Actualizado el 7 de enero de 2025"},"absolute_dates_time":{"created":"Publicado el 18 de septiembre de 2018 11:58","modified":"Actualizado el 7 de enero de 2025 16:26"},"featured_img_caption":"","series_order":"","_links":{"self":[{"href":"https:\/\/www.ub.edu\/ossma\/es\/wp-json\/wp\/v2\/posts\/5506","targetHints":{"allow":["GET"]}}],"collection":[{"href":"https:\/\/www.ub.edu\/ossma\/es\/wp-json\/wp\/v2\/posts"}],"about":[{"href":"https:\/\/www.ub.edu\/ossma\/es\/wp-json\/wp\/v2\/types\/post"}],"author":[{"embeddable":true,"href":"https:\/\/www.ub.edu\/ossma\/es\/wp-json\/wp\/v2\/users\/1"}],"replies":[{"embeddable":true,"href":"https:\/\/www.ub.edu\/ossma\/es\/wp-json\/wp\/v2\/comments?post=5506"}],"version-history":[{"count":8,"href":"https:\/\/www.ub.edu\/ossma\/es\/wp-json\/wp\/v2\/posts\/5506\/revisions"}],"predecessor-version":[{"id":46163,"href":"https:\/\/www.ub.edu\/ossma\/es\/wp-json\/wp\/v2\/posts\/5506\/revisions\/46163"}],"wp:featuredmedia":[{"embeddable":true,"href":"https:\/\/www.ub.edu\/ossma\/es\/wp-json\/wp\/v2\/media\/56690"}],"wp:attachment":[{"href":"https:\/\/www.ub.edu\/ossma\/es\/wp-json\/wp\/v2\/media?parent=5506"}],"wp:term":[{"taxonomy":"category","embeddable":true,"href":"https:\/\/www.ub.edu\/ossma\/es\/wp-json\/wp\/v2\/categories?post=5506"},{"taxonomy":"post_tag","embeddable":true,"href":"https:\/\/www.ub.edu\/ossma\/es\/wp-json\/wp\/v2\/tags?post=5506"}],"curies":[{"name":"wp","href":"https:\/\/api.w.org\/{rel}","templated":true}]}}