{"id":5508,"date":"2018-10-02T12:48:03","date_gmt":"2018-10-02T10:48:03","guid":{"rendered":"http:\/\/www.ub.edu\/plasostenibilitat\/?p=3608"},"modified":"2024-08-01T11:50:18","modified_gmt":"2024-08-01T11:50:18","slug":"programa-acords-voluntaris-reduccio-co2-avaluacio-2017","status":"publish","type":"post","link":"https:\/\/www.ub.edu\/ossma\/es\/actualitat-medi-ambient\/programa-acords-voluntaris-reduccio-co2-avaluacio-2017","title":{"rendered":"La UB completa la primera avaluaci\u00f3 del Programa d&#8217;Acords Voluntaris per a la reducci\u00f3 de CO2"},"content":{"rendered":"\n<p>Despr\u00e9s de signar l&#8217;<a rel=\"noopener noreferrer\" href=\"https:\/\/www.ub.edu\/web\/ub\/ca\/menu_eines\/noticies\/2018\/02\/059.html\" target=\"_blank\">adhesi\u00f3\u00a0al\u00a0Programa d&#8217;acords voluntaris<\/a>\u00a0per a la reducci\u00f3 d&#8217;emissions de CO\u2082 el passat mes de febrer, la Universitat de Barcelona ha passat la primera avaluaci\u00f3, que inclou la realitzaci\u00f3 de l&#8217;inventari d&#8217;emissions de l&#8217;any 2017 i la presentaci\u00f3 del programa de mesures i actuacions per reduir\u00a0les emissions de gasos amb efecte d&#8217;hivernacle (GEH) durant l&#8217;any 2018.<\/p>\n\n\n\n<p>L&#8217;inventari d&#8217;emissions ha donat un total de\u00a021.576,6 tones de CO\u2082 equivalent emeses durant l&#8217;any 2017, corresponents principalment al consum el\u00e8ctric, al consum de gas, i a les p\u00e8rdues de gasos fluorats en els equips de refrigeraci\u00f3.<\/p>\n\n\n\n<figure class=\"wp-block-image\"><img fetchpriority=\"high\" decoding=\"async\" width=\"800\" height=\"350\" src=\"https:\/\/www.ub.edu\/ossma\/wp-content\/uploads\/2019\/04\/inventaridelestonellaesdec02queseemetenperlauniversitatdebarcelona2017.png\" alt=\"inventari de les tonellaes de c02 que se emeten a la universitat de barcelona 2017 \" class=\"wp-image-5935\" srcset=\"https:\/\/www.ub.edu\/ossma\/wp-content\/uploads\/2019\/04\/inventaridelestonellaesdec02queseemetenperlauniversitatdebarcelona2017.png 800w, https:\/\/www.ub.edu\/ossma\/wp-content\/uploads\/2019\/04\/inventaridelestonellaesdec02queseemetenperlauniversitatdebarcelona2017-300x131.png 300w\" sizes=\"(max-width: 800px) 100vw, 800px\" \/><\/figure>\n\n\n\n<p>En el proc\u00e9s d&#8217;elaboraci\u00f3 d&#8217;aquest primer inventari ha participat alumnat de l&#8217;assignatura <em>Desenvolupament sostenible<\/em> del grau de Ci\u00e8ncies Ambientals de la Facultat de Biologia, aplicant la metodologia d&#8217;aprenentatge servei. Aix\u00f2 ha perm\u00e8s donar una dimensi\u00f3 docent al proc\u00e9s d&#8217;adhesi\u00f3 i comprom\u00eds de la UB al Programa d&#8217;acords voluntaris, que es troba en conson\u00e0ncia amb les funcions d&#8217;educaci\u00f3 i innovaci\u00f3 de la nostra instituci\u00f3.<\/p>\n\n\n\n<p>Entre les mesures de reducci\u00f3 d&#8217;emissions plantejades per a l&#8217;any 2018, destaquen la <a href=\"https:\/\/www.ub.edu\/ossma\/medi-ambient\/electricitat-ub-100x100-renovable\/\">contractaci\u00f3 d&#8217;electricitat amb fonts d&#8217;energia renovables i garantia d&#8217;origen<\/a>, la <a href=\"https:\/\/www.ub.edu\/ossma\/medi-ambient\/campanya-desconnectals-desconnecta-3\/\">campanya de sensibilitzaci\u00f3 per a l&#8217;estalvi energ\u00e8tic \u00abDesconnecta&#8217;ls, desconnecta\u00bb<\/a>, la renovaci\u00f3 de vehicles propis o que presten servei a la UB per models m\u00e9s eficients, o les actuacions de millora de les instal\u00b7lacions (renovaci\u00f3 de calderes, substituci\u00f3 de llumin\u00e0ries, etc.). En el desenvolupament d&#8217;aquestes accions participen diversos centres i unitats administratives de la UB, fent que aquest esfor\u00e7 de millora sigui transversal i compartit.<\/p>\n\n\n\n<figure class=\"wp-block-image\"><img decoding=\"async\" src=\"https:\/\/www.ub.edu\/ossma\/wp-content\/uploads\/2019\/04\/etiquetaac02rdsrepresentativesdelprograma.jpg\" alt=\"etiqueta representativa del programa ac02 rds voluntaris compromis amb la reduccio de c02\" class=\"wp-image-5934\"\/><\/figure>\n\n\n\n<p>Durant el 2018, l&#8217;Oficina Catalana del Canvi Clim\u00e0tic ha iniciat una s\u00e8rie d&#8217;entrevistes a algunes organitzacions adherides al Programa d&#8217;acords voluntaris, en les quals les organitzacions expliquen la seva experi\u00e8ncia amb el programa. Al lloc web del Programa podeu veure l&#8217;<a rel=\"noopener noreferrer\" href=\"http:\/\/canviclimatic.gencat.cat\/ca\/detalls\/Noticies\/Entrevista-a-la-Universitat-de-Barcelona-en-el-marc-del-Programa-acords-voluntaris\" target=\"_blank\">entrevista a Maite Vilalta<\/a>, vicerectora d&#8217;Igualtat i Acci\u00f3 Social de la Universitat de Barcelona.<\/p>\n\n\n\n<p>L&#8217;adhesi\u00f3 i comprom\u00eds de la UB amb el&nbsp;Programa d&#8217;acords voluntaris per a la reducci\u00f3 d&#8217;emissions de CO<sub>2<\/sub>&nbsp;forma part de l&#8217;objectiu LE8.1 del Pla de Sostenibilitat de la UB (<em>Promoure la col\u00b7laboraci\u00f3 amb entitats i organismes que comparteixin interessos comuns en l\u2019\u00e0mbit de la sostenibilitat<\/em>), i s&#8217;emmarca en l&#8217;objectiu 13 dels Objectius de Desenvolupament Sostenible de Nacions Unides (<em>Adoptar mesures urgents per combatre el canvi clim\u00e0tic i els seus efectes<\/em>).<\/p>\n","protected":false},"excerpt":{"rendered":"<p>Despr\u00e9s de signar l\u2019adhesi\u00f3 al Programa d\u2019acords voluntaris per a la reducci\u00f3 d\u2019emissions de CO2 el passat mes de febrer, la Universitat de Barcelona ha passat la primera avaluaci\u00f3, que inclou la realitzaci\u00f3 de l\u2019inventari d\u2019emissions de l\u2019any 2017 i la presentaci\u00f3 del programa de mesures i actuacions per reduir les emissions de gasos amb efecte d\u2019hivernacle (GEH) durant l\u2019any 2018.<\/p>\n","protected":false},"author":1,"featured_media":36921,"comment_status":"open","ping_status":"open","sticky":false,"template":"","format":"standard","meta":{"advgb_blocks_editor_width":"","advgb_blocks_columns_visual_guide":"","footnotes":""},"categories":[20],"tags":[114,105,83,116,132],"class_list":["post-5508","post","type-post","status-publish","format-standard","has-post-thumbnail","hentry","category-actualitat-medi-ambient","tag-acords-voluntaris","tag-aps","tag-certificacio-ambiental","tag-emissions-co2","tag-ods13"],"author_meta":{"display_name":"OSSMA","author_link":"https:\/\/www.ub.edu\/ossma\/es\/author\/ossmau1"},"featured_img":"https:\/\/www.ub.edu\/ossma\/wp-content\/uploads\/2022\/03\/baner-acords-voluntaris-UB-2021-300x71.png","coauthors":[],"tax_additional":{"categories":{"linked":["<a href=\"https:\/\/www.ub.edu\/ossma\/es\/actualitat-medi-ambient\" class=\"advgb-post-tax-term\">Medi Ambient<\/a>"],"unlinked":["<span class=\"advgb-post-tax-term\">Medi Ambient<\/span>"]},"tags":{"linked":["<a href=\"https:\/\/www.ub.edu\/ossma\/es\/actualitat-medi-ambient\" class=\"advgb-post-tax-term\">Acords Voluntaris<\/a>","<a href=\"https:\/\/www.ub.edu\/ossma\/es\/actualitat-medi-ambient\" class=\"advgb-post-tax-term\">ApS<\/a>","<a href=\"https:\/\/www.ub.edu\/ossma\/es\/actualitat-medi-ambient\" class=\"advgb-post-tax-term\">certificaci\u00f3 ambiental<\/a>","<a href=\"https:\/\/www.ub.edu\/ossma\/es\/actualitat-medi-ambient\" class=\"advgb-post-tax-term\">emissions CO2<\/a>","<a href=\"https:\/\/www.ub.edu\/ossma\/es\/actualitat-medi-ambient\" class=\"advgb-post-tax-term\">ods13<\/a>"],"unlinked":["<span class=\"advgb-post-tax-term\">Acords Voluntaris<\/span>","<span class=\"advgb-post-tax-term\">ApS<\/span>","<span class=\"advgb-post-tax-term\">certificaci\u00f3 ambiental<\/span>","<span class=\"advgb-post-tax-term\">emissions CO2<\/span>","<span class=\"advgb-post-tax-term\">ods13<\/span>"]}},"comment_count":"0","relative_dates":{"created":"Publicado 8 a\u00f1os hace","modified":"Actualizado 2 a\u00f1os hace"},"absolute_dates":{"created":"Publicado el 2 de octubre de 2018","modified":"Actualizado el 1 de agosto de 2024"},"absolute_dates_time":{"created":"Publicado el 2 de octubre de 2018 12:48","modified":"Actualizado el 1 de agosto de 2024 11:50"},"featured_img_caption":"","series_order":"","_links":{"self":[{"href":"https:\/\/www.ub.edu\/ossma\/es\/wp-json\/wp\/v2\/posts\/5508","targetHints":{"allow":["GET"]}}],"collection":[{"href":"https:\/\/www.ub.edu\/ossma\/es\/wp-json\/wp\/v2\/posts"}],"about":[{"href":"https:\/\/www.ub.edu\/ossma\/es\/wp-json\/wp\/v2\/types\/post"}],"author":[{"embeddable":true,"href":"https:\/\/www.ub.edu\/ossma\/es\/wp-json\/wp\/v2\/users\/1"}],"replies":[{"embeddable":true,"href":"https:\/\/www.ub.edu\/ossma\/es\/wp-json\/wp\/v2\/comments?post=5508"}],"version-history":[{"count":5,"href":"https:\/\/www.ub.edu\/ossma\/es\/wp-json\/wp\/v2\/posts\/5508\/revisions"}],"predecessor-version":[{"id":46157,"href":"https:\/\/www.ub.edu\/ossma\/es\/wp-json\/wp\/v2\/posts\/5508\/revisions\/46157"}],"wp:featuredmedia":[{"embeddable":true,"href":"https:\/\/www.ub.edu\/ossma\/es\/wp-json\/wp\/v2\/media\/36921"}],"wp:attachment":[{"href":"https:\/\/www.ub.edu\/ossma\/es\/wp-json\/wp\/v2\/media?parent=5508"}],"wp:term":[{"taxonomy":"category","embeddable":true,"href":"https:\/\/www.ub.edu\/ossma\/es\/wp-json\/wp\/v2\/categories?post=5508"},{"taxonomy":"post_tag","embeddable":true,"href":"https:\/\/www.ub.edu\/ossma\/es\/wp-json\/wp\/v2\/tags?post=5508"}],"curies":[{"name":"wp","href":"https:\/\/api.w.org\/{rel}","templated":true}]}}