{"id":68304,"date":"2024-12-02T12:41:20","date_gmt":"2024-12-02T12:41:20","guid":{"rendered":"https:\/\/www.ub.edu\/ossma?p=68304"},"modified":"2025-11-17T08:54:05","modified_gmt":"2025-11-17T08:54:05","slug":"jornada-laboratoris-recerca-novembre24","status":"publish","type":"post","link":"https:\/\/www.ub.edu\/ossma\/es\/actualitat-formacio\/jornada-laboratoris-recerca-novembre24","title":{"rendered":"114 persones assisteixen a l&#8217;edici\u00f3 de tardor de la jornada de prevenci\u00f3 de riscos als laboratoris de recerca"},"content":{"rendered":"\n<p>Com cada sis mesos, l\u2019Aula Enric Casassas de la Facultat de Qu\u00edmica va acollir el 28 de novembre una nova edici\u00f3 de la Jornada de Prevenci\u00f3 als Laboratoris de Recerca.\u00a0Durant la sessi\u00f3 es van presentar conceptes b\u00e0sics sobre salut i medi ambient, i es va fer \u00e8mfasi en la integraci\u00f3 de la prevenci\u00f3 de riscos als projectes d\u2019investigaci\u00f3 i als processos de treball.<\/p>\n\n\n\n<p>De les 114 persones que hi van assistir, un 58,8 % procedien de la Facultat de Qu\u00edmica, un 15,8 % de la Facultat de Farm\u00e0cia i Ci\u00e8ncies de l\u2019Alimentaci\u00f3-Campus Diagonal, un 7,9 % de la Facultat de Geografia i Hist\u00f2ria, un 5,3 % de la Facultat de Biologia. En el 12,3 % restant trobem representades la Facultat de Ci\u00e8ncies de la Terra, la Facultat de Medicina-Campus Cl\u00ednic, els CCiTUB,  la Facultat de Medicina-Campus Bellvitge, i el Parc Cient\u00edfic de Barcelona.<\/p>\n\n\n\n<p>La jornada, impartida per personal t\u00e8cnic de l\u2019Oficina de Seguretat, Salut i Medi Ambient (OSSMA), permet que investigadors, t\u00e8cnics i alumnat coneguin la nostra oficina i els serveis que ofereix a la comunitat universit\u00e0ria, com ara assessorament en tot all\u00f2 relacionat amb la implantaci\u00f3 de millores per a la seguretat i la salut en l\u2019activitat de doc\u00e8ncia i recerca que es du a terme als laboratoris.<\/p>\n\n\n\n<figure class=\"wp-block-image size-large\"><img fetchpriority=\"high\" decoding=\"async\" width=\"2250\" height=\"1300\" src=\"https:\/\/www.ub.edu\/ossma\/wp-content\/uploads\/2024\/12\/jorn-prl-lab-20241128.jpg\" alt=\"Aula Enric Casassas de la Facultat de Qu\u00edmica\" class=\"wp-image-68301\" srcset=\"https:\/\/www.ub.edu\/ossma\/wp-content\/uploads\/2024\/12\/jorn-prl-lab-20241128.jpg 2250w, https:\/\/www.ub.edu\/ossma\/wp-content\/uploads\/2024\/12\/jorn-prl-lab-20241128-750x433.jpg 750w, https:\/\/www.ub.edu\/ossma\/wp-content\/uploads\/2024\/12\/jorn-prl-lab-20241128-692x400.jpg 692w, https:\/\/www.ub.edu\/ossma\/wp-content\/uploads\/2024\/12\/jorn-prl-lab-20241128-1536x887.jpg 1536w, https:\/\/www.ub.edu\/ossma\/wp-content\/uploads\/2024\/12\/jorn-prl-lab-20241128-2048x1183.jpg 2048w\" sizes=\"(max-width: 2250px) 100vw, 2250px\" \/><\/figure>\n","protected":false},"excerpt":{"rendered":"<p>L\u2019edici\u00f3 de tardor 2024 d\u2019aquesta jornada va comptar amb assistents, principalment, de les facultats de Qu\u00edmica i de Farm\u00e0cia i Ci\u00e8ncies de l&#8217;Alimentaci\u00f3-Campus Diagonal.<\/p>\n","protected":false},"author":1,"featured_media":42187,"comment_status":"closed","ping_status":"closed","sticky":false,"template":"","format":"standard","meta":{"advgb_blocks_editor_width":"","advgb_blocks_columns_visual_guide":"","footnotes":""},"categories":[33],"tags":[124,123,125],"class_list":["post-68304","post","type-post","status-publish","format-standard","has-post-thumbnail","hentry","category-actualitat-formacio","tag-ods12","tag-ods3","tag-ods8"],"author_meta":{"display_name":"OSSMA","author_link":"https:\/\/www.ub.edu\/ossma\/es\/author\/ossmau1"},"featured_img":"https:\/\/www.ub.edu\/ossma\/wp-content\/uploads\/2022\/10\/1270x300-ossma-format-300x71.png","coauthors":[],"tax_additional":{"categories":{"linked":["<a href=\"https:\/\/www.ub.edu\/ossma\/es\/actualitat-formacio\" class=\"advgb-post-tax-term\">Formaci\u00f3<\/a>"],"unlinked":["<span class=\"advgb-post-tax-term\">Formaci\u00f3<\/span>"]},"tags":{"linked":["<a href=\"https:\/\/www.ub.edu\/ossma\/es\/actualitat-formacio\" class=\"advgb-post-tax-term\">ods12<\/a>","<a href=\"https:\/\/www.ub.edu\/ossma\/es\/actualitat-formacio\" class=\"advgb-post-tax-term\">ods3<\/a>","<a href=\"https:\/\/www.ub.edu\/ossma\/es\/actualitat-formacio\" class=\"advgb-post-tax-term\">ods8<\/a>"],"unlinked":["<span class=\"advgb-post-tax-term\">ods12<\/span>","<span class=\"advgb-post-tax-term\">ods3<\/span>","<span class=\"advgb-post-tax-term\">ods8<\/span>"]}},"comment_count":"0","relative_dates":{"created":"Publicado 1 a\u00f1o hace","modified":"Actualizado 6 meses hace"},"absolute_dates":{"created":"Publicado el 2 de diciembre de 2024","modified":"Actualizado el 17 de noviembre de 2025"},"absolute_dates_time":{"created":"Publicado el 2 de diciembre de 2024 12:41","modified":"Actualizado el 17 de noviembre de 2025 08:54"},"featured_img_caption":"","series_order":"","_links":{"self":[{"href":"https:\/\/www.ub.edu\/ossma\/es\/wp-json\/wp\/v2\/posts\/68304","targetHints":{"allow":["GET"]}}],"collection":[{"href":"https:\/\/www.ub.edu\/ossma\/es\/wp-json\/wp\/v2\/posts"}],"about":[{"href":"https:\/\/www.ub.edu\/ossma\/es\/wp-json\/wp\/v2\/types\/post"}],"author":[{"embeddable":true,"href":"https:\/\/www.ub.edu\/ossma\/es\/wp-json\/wp\/v2\/users\/1"}],"replies":[{"embeddable":true,"href":"https:\/\/www.ub.edu\/ossma\/es\/wp-json\/wp\/v2\/comments?post=68304"}],"version-history":[{"count":2,"href":"https:\/\/www.ub.edu\/ossma\/es\/wp-json\/wp\/v2\/posts\/68304\/revisions"}],"predecessor-version":[{"id":68309,"href":"https:\/\/www.ub.edu\/ossma\/es\/wp-json\/wp\/v2\/posts\/68304\/revisions\/68309"}],"wp:featuredmedia":[{"embeddable":true,"href":"https:\/\/www.ub.edu\/ossma\/es\/wp-json\/wp\/v2\/media\/42187"}],"wp:attachment":[{"href":"https:\/\/www.ub.edu\/ossma\/es\/wp-json\/wp\/v2\/media?parent=68304"}],"wp:term":[{"taxonomy":"category","embeddable":true,"href":"https:\/\/www.ub.edu\/ossma\/es\/wp-json\/wp\/v2\/categories?post=68304"},{"taxonomy":"post_tag","embeddable":true,"href":"https:\/\/www.ub.edu\/ossma\/es\/wp-json\/wp\/v2\/tags?post=68304"}],"curies":[{"name":"wp","href":"https:\/\/api.w.org\/{rel}","templated":true}]}}