{"id":9789,"date":"2019-11-27T12:33:54","date_gmt":"2019-11-27T12:33:54","guid":{"rendered":"https:\/\/www.ub.edu\/ossma\/?p=9789"},"modified":"2025-01-07T09:02:40","modified_gmt":"2025-01-07T09:02:40","slug":"jornada-conveni-oit","status":"publish","type":"post","link":"https:\/\/www.ub.edu\/ossma\/es\/actualitat-formacio\/jornada-conveni-oit","title":{"rendered":"Jornada de treball a la UB sobre viol\u00e8ncia i assetjament i per a la prevenci\u00f3 dels riscos psicosocials"},"content":{"rendered":"\n<p>El passat 21 de novembre l\u2019OSSMA va convidar a la UB al Sr. Manuel Vel\u00e1zquez, inspector de treball de la seguretat social i membre de <a href=\"https:\/\/www.observatoriovascosobreacoso.com\/\" target=\"_blank\" rel=\"noopener noreferrer\">l\u2019Observatori basc de discriminaci\u00f3 i assetjament<\/a>.<\/p>\n\n\n\n<p>La jornada va ser presentada pel Cap de l\u2019OSSMA, el Sr. Pedro Moreno i la Dra. Pilar Rivas, Directora de la Unitat d\u2019Igualtat, qui va realitzar la introducci\u00f3 i benvinguda del ponent.<\/p>\n\n\n\n<p>El ponent, Manuel Vel\u00e1zquez, va tractar els seg\u00fcents temes:<\/p>\n\n\n\n<ul class=\"wp-block-list\">\n<li><a rel=\"noopener noreferrer\" href=\"https:\/\/www.ilo.org\/wcmsp5\/groups\/public\/---ed_norm\/---relconf\/documents\/meetingdocument\/wcms_711719.pdf\" target=\"_blank\">Conveni d&#8217;OIT sobre viol\u00e8ncia i assetjament (n\u00fam. 190)<\/a><\/li>\n\n\n\n<li>Estudi desenvolupat per l\u2019Observatori basc de discriminaci\u00f3 i assetjament sobre sent\u00e8ncies d\u2019assetjament a Espanya<\/li>\n\n\n\n<li>Actuacions de la Inspecci\u00f3 de treball sobre els riscos psicosocials<\/li>\n<\/ul>\n\n\n\n<p>Un cop finalitzada la jornada, el Sr. Vel\u00e1zquez, va participar en la reuni\u00f3 del grup de treball que actualment est\u00e0 realitzant la revisi\u00f3 del protocol en gesti\u00f3 de riscos psicosocials, aportant la seva visi\u00f3 sobre el protocol de la Universitat de Barcelona i alguns aspectes de millora.<\/p>\n\n\n\n<p>La UB agraeix la seva participaci\u00f3 i col\u00b7laboraci\u00f3 amb el grup de treball, que resultar\u00e0 de gran utilitat pel tractament dels riscos psicosocials a la nostra universitat.<\/p>\n","protected":false},"excerpt":{"rendered":"<p>Visita a la UB del Sr. Manuel Vel\u00e1zquez, inspector de treball de la seguretat social i membre de l&#8217;Observatori basc de discriminaci\u00f3 i assetjament<\/p>\n","protected":false},"author":1,"featured_media":9793,"comment_status":"closed","ping_status":"closed","sticky":false,"template":"","format":"standard","meta":{"advgb_blocks_editor_width":"","advgb_blocks_columns_visual_guide":"","footnotes":""},"categories":[33],"tags":[123,131,125,354],"class_list":["post-9789","post","type-post","status-publish","format-standard","has-post-thumbnail","hentry","category-actualitat-formacio","tag-ods3","tag-ods4","tag-ods8","tag-riscos-psicosocials"],"author_meta":{"display_name":"OSSMA","author_link":"https:\/\/www.ub.edu\/ossma\/es\/author\/ossmau1"},"featured_img":"https:\/\/www.ub.edu\/ossma\/wp-content\/uploads\/2019\/11\/jornada-OIT-300x225.jpg","coauthors":[],"tax_additional":{"categories":{"linked":["<a href=\"https:\/\/www.ub.edu\/ossma\/es\/actualitat-formacio\" class=\"advgb-post-tax-term\">Formaci\u00f3<\/a>"],"unlinked":["<span class=\"advgb-post-tax-term\">Formaci\u00f3<\/span>"]},"tags":{"linked":["<a href=\"https:\/\/www.ub.edu\/ossma\/es\/actualitat-formacio\" class=\"advgb-post-tax-term\">ods3<\/a>","<a href=\"https:\/\/www.ub.edu\/ossma\/es\/actualitat-formacio\" class=\"advgb-post-tax-term\">ods4<\/a>","<a href=\"https:\/\/www.ub.edu\/ossma\/es\/actualitat-formacio\" class=\"advgb-post-tax-term\">ods8<\/a>","<a href=\"https:\/\/www.ub.edu\/ossma\/es\/actualitat-formacio\" class=\"advgb-post-tax-term\">riscos psicosocials<\/a>"],"unlinked":["<span class=\"advgb-post-tax-term\">ods3<\/span>","<span class=\"advgb-post-tax-term\">ods4<\/span>","<span class=\"advgb-post-tax-term\">ods8<\/span>","<span class=\"advgb-post-tax-term\">riscos psicosocials<\/span>"]}},"comment_count":"0","relative_dates":{"created":"Publicado 6 a\u00f1os hace","modified":"Actualizado 1 a\u00f1o hace"},"absolute_dates":{"created":"Publicado el 27 de noviembre de 2019","modified":"Actualizado el 7 de enero de 2025"},"absolute_dates_time":{"created":"Publicado el 27 de noviembre de 2019 12:33","modified":"Actualizado el 7 de enero de 2025 09:02"},"featured_img_caption":"","series_order":"","_links":{"self":[{"href":"https:\/\/www.ub.edu\/ossma\/es\/wp-json\/wp\/v2\/posts\/9789","targetHints":{"allow":["GET"]}}],"collection":[{"href":"https:\/\/www.ub.edu\/ossma\/es\/wp-json\/wp\/v2\/posts"}],"about":[{"href":"https:\/\/www.ub.edu\/ossma\/es\/wp-json\/wp\/v2\/types\/post"}],"author":[{"embeddable":true,"href":"https:\/\/www.ub.edu\/ossma\/es\/wp-json\/wp\/v2\/users\/1"}],"replies":[{"embeddable":true,"href":"https:\/\/www.ub.edu\/ossma\/es\/wp-json\/wp\/v2\/comments?post=9789"}],"version-history":[{"count":8,"href":"https:\/\/www.ub.edu\/ossma\/es\/wp-json\/wp\/v2\/posts\/9789\/revisions"}],"predecessor-version":[{"id":45491,"href":"https:\/\/www.ub.edu\/ossma\/es\/wp-json\/wp\/v2\/posts\/9789\/revisions\/45491"}],"wp:featuredmedia":[{"embeddable":true,"href":"https:\/\/www.ub.edu\/ossma\/es\/wp-json\/wp\/v2\/media\/9793"}],"wp:attachment":[{"href":"https:\/\/www.ub.edu\/ossma\/es\/wp-json\/wp\/v2\/media?parent=9789"}],"wp:term":[{"taxonomy":"category","embeddable":true,"href":"https:\/\/www.ub.edu\/ossma\/es\/wp-json\/wp\/v2\/categories?post=9789"},{"taxonomy":"post_tag","embeddable":true,"href":"https:\/\/www.ub.edu\/ossma\/es\/wp-json\/wp\/v2\/tags?post=9789"}],"curies":[{"name":"wp","href":"https:\/\/api.w.org\/{rel}","templated":true}]}}