{"id":11118,"date":"2020-03-02T08:06:28","date_gmt":"2020-03-02T08:06:28","guid":{"rendered":"https:\/\/www.ub.edu\/ossma\/?p=11118"},"modified":"2024-02-06T09:04:50","modified_gmt":"2024-02-06T09:04:50","slug":"calendari-ub-2020-mes-marc","status":"publish","type":"post","link":"https:\/\/www.ub.edu\/ossma\/actualitat-atencio-social\/calendari-ub-2020-mes-marc","title":{"rendered":"Calendari UB 2020: mes de mar\u00e7"},"content":{"rendered":"\n<p>La Universitat de Barcelona \u2014a trav\u00e9s de l\u2019Oficina de Seguretat, Salut i Medi Ambient i en col\u00b7laboraci\u00f3 amb el Servei d\u2019Esports i Desenvolupament Web\u2014 va convocar el <strong>primer concurs de frases per al Calendari UB 2020<\/strong> i, despr\u00e9s d\u2019una selecci\u00f3 i de la posterior votaci\u00f3 electr\u00f2nica, s\u2019han triat les 12 millors frases amb la finalitat d\u2019inspirar els treballadors de la Universitat a tenir un millor ambient de treball.<\/p>\n\n\n\n<p>Per aquest motiu, volem compartir amb tota la comunitat universit\u00e0ria el primer calendari UB, que <strong>ha estat el resultat de la participaci\u00f3 del PDI i el PAS<\/strong>, i que s\u2019ha emmarcat dins dels Objectius de Desenvolupament Sostenible (ODS) de la Universitat.<\/p>\n\n\n\n<p><a href=\"https:\/\/www.ub.edu\/ossma\/wp-content\/uploads\/2020\/02\/mar\u00e7-12-frases-calendari-2020_P\u00e1gina_05-e1582803214182.jpg\" target=\"_blank\" rel=\"noopener noreferrer\">Calendari UB 2020: mes de mar\u00e7<\/a><\/p>\n\n\n<div class=\"wp-block-image\">\n<figure class=\"aligncenter\"><img fetchpriority=\"high\" decoding=\"async\" width=\"440\" height=\"472\" src=\"https:\/\/www.ub.edu\/ossma\/wp-content\/uploads\/2020\/02\/mar\u00e7-12-frases-calendari-2020_P\u00e1gina_05-e1582803214182.jpg\" alt=\"\" class=\"wp-image-11122\"\/><\/figure>\n<\/div>\n\n<div class=\"wp-block-image\">\n<figure class=\"aligncenter size-large\"><img decoding=\"async\" width=\"577\" height=\"1024\" src=\"https:\/\/www.ub.edu\/ossma\/wp-content\/uploads\/2020\/03\/calendari-pantalles-marc-01-577x1024.jpg\" alt=\"Il\u00b7lustraci\u00f3 de tres mans que talles uns cables el\u00e8ctrics\" class=\"wp-image-11174\"\/><\/figure>\n<\/div>","protected":false},"excerpt":{"rendered":"<p>&#8220;Recorda les 3R: reduir, reutilitzar i reciclar. Tinguem cura del medi ambient tamb\u00e9 a la feina&#8221;<\/p>\n","protected":false},"author":1,"featured_media":11174,"comment_status":"closed","ping_status":"closed","sticky":false,"template":"","format":"standard","meta":{"advgb_blocks_editor_width":"","advgb_blocks_columns_visual_guide":"","footnotes":""},"categories":[3],"tags":[424,238,124,125,76],"class_list":["post-11118","post","type-post","status-publish","format-standard","has-post-thumbnail","hentry","category-actualitat-atencio-social","tag-calendari-2020","tag-calendari-ub","tag-ods12","tag-ods8","tag-participacio"],"author_meta":{"display_name":"OSSMA","author_link":"https:\/\/www.ub.edu\/ossma\/author\/ossmau1"},"featured_img":"https:\/\/www.ub.edu\/ossma\/wp-content\/uploads\/2020\/03\/calendari-pantalles-marc-01-169x300.jpg","coauthors":[],"tax_additional":{"categories":{"linked":["<a href=\"https:\/\/www.ub.edu\/ossma\/actualitat-atencio-social\" class=\"advgb-post-tax-term\">Atenci\u00f3 social<\/a>"],"unlinked":["<span class=\"advgb-post-tax-term\">Atenci\u00f3 social<\/span>"]},"tags":{"linked":["<a href=\"https:\/\/www.ub.edu\/ossma\/actualitat-atencio-social\" class=\"advgb-post-tax-term\">Calendari 2020<\/a>","<a href=\"https:\/\/www.ub.edu\/ossma\/actualitat-atencio-social\" class=\"advgb-post-tax-term\">Calendari UB<\/a>","<a href=\"https:\/\/www.ub.edu\/ossma\/actualitat-atencio-social\" class=\"advgb-post-tax-term\">ods12<\/a>","<a href=\"https:\/\/www.ub.edu\/ossma\/actualitat-atencio-social\" class=\"advgb-post-tax-term\">ods8<\/a>","<a href=\"https:\/\/www.ub.edu\/ossma\/actualitat-atencio-social\" class=\"advgb-post-tax-term\">participaci\u00f3<\/a>"],"unlinked":["<span class=\"advgb-post-tax-term\">Calendari 2020<\/span>","<span class=\"advgb-post-tax-term\">Calendari UB<\/span>","<span class=\"advgb-post-tax-term\">ods12<\/span>","<span class=\"advgb-post-tax-term\">ods8<\/span>","<span class=\"advgb-post-tax-term\">participaci\u00f3<\/span>"]}},"comment_count":"0","relative_dates":{"created":"Posted 6 anys ago","modified":"Updated 2 anys ago"},"absolute_dates":{"created":"Posted on 02\/03\/2020","modified":"Updated on 06\/02\/2024"},"absolute_dates_time":{"created":"Posted on 02\/03\/2020 8:06","modified":"Updated on 06\/02\/2024 9:04"},"featured_img_caption":"","series_order":"","_links":{"self":[{"href":"https:\/\/www.ub.edu\/ossma\/wp-json\/wp\/v2\/posts\/11118","targetHints":{"allow":["GET"]}}],"collection":[{"href":"https:\/\/www.ub.edu\/ossma\/wp-json\/wp\/v2\/posts"}],"about":[{"href":"https:\/\/www.ub.edu\/ossma\/wp-json\/wp\/v2\/types\/post"}],"author":[{"embeddable":true,"href":"https:\/\/www.ub.edu\/ossma\/wp-json\/wp\/v2\/users\/1"}],"replies":[{"embeddable":true,"href":"https:\/\/www.ub.edu\/ossma\/wp-json\/wp\/v2\/comments?post=11118"}],"version-history":[{"count":5,"href":"https:\/\/www.ub.edu\/ossma\/wp-json\/wp\/v2\/posts\/11118\/revisions"}],"predecessor-version":[{"id":56934,"href":"https:\/\/www.ub.edu\/ossma\/wp-json\/wp\/v2\/posts\/11118\/revisions\/56934"}],"wp:featuredmedia":[{"embeddable":true,"href":"https:\/\/www.ub.edu\/ossma\/wp-json\/wp\/v2\/media\/11174"}],"wp:attachment":[{"href":"https:\/\/www.ub.edu\/ossma\/wp-json\/wp\/v2\/media?parent=11118"}],"wp:term":[{"taxonomy":"category","embeddable":true,"href":"https:\/\/www.ub.edu\/ossma\/wp-json\/wp\/v2\/categories?post=11118"},{"taxonomy":"post_tag","embeddable":true,"href":"https:\/\/www.ub.edu\/ossma\/wp-json\/wp\/v2\/tags?post=11118"}],"curies":[{"name":"wp","href":"https:\/\/api.w.org\/{rel}","templated":true}]}}