{"id":16473,"date":"2020-05-21T17:07:36","date_gmt":"2020-05-21T17:07:36","guid":{"rendered":"https:\/\/www.ub.edu\/ossma\/?p=16473"},"modified":"2023-02-23T07:38:41","modified_gmt":"2023-02-23T07:38:41","slug":"has-recaigut-tabac","status":"publish","type":"post","link":"https:\/\/www.ub.edu\/ossma\/actualitat-atencio-social\/has-recaigut-tabac","title":{"rendered":"Has recaigut en el tabac?"},"content":{"rendered":"<div style=\"background-color: #1f6617; padding: 10px; clear: both; color: #fff; margin-bottom: 10px;\">\n<p style=\"text-align: right;\"><em><strong>Programa Solidaritat a l\u2019Empresa<\/strong>\u00a0 Maig 2020<\/em><\/p>\n<p><strong>El consell saludable del mes:<\/strong><\/p>\n<p style=\"background: #1F6617;\">HAS RECAIGUT EN EL TABAC?<\/p>\n<\/div>\n<p><strong>La teva salut, primer<br \/>\n<\/strong><strong>Maig 2020<\/strong><\/p>\n<p><span data-contrast=\"none\">Una de les conseq\u00fc\u00e8ncies d\u2019aquest confinament ha estat l\u2019augment del consum d\u2019alcohol i tabac per suportar millor la situaci\u00f3 tan dif\u00edcil en qu\u00e8 ens hem trobat. Potser ara fumem m\u00e9s o, fins i tot, hi h\u00e0gim recaigut despr\u00e9s d\u2019haver aconseguit desterrar de la nostra vida aquest h\u00e0bit tan perill\u00f3s. Potser et penses que nom\u00e9s ser\u00e0 mentre duri aquest per\u00edode de confinament, per\u00f2 la realitat \u00e9s que despr\u00e9s no ser\u00e0 tan f\u00e0cil tornar a deixar de fumar. No obstant aix\u00f2, encara ets a temps d\u2019evitar-ho, i celebrar el Dia Mundial Sense Tabac (el proper 31 de maig) sense fum.\u00a0<\/span><span data-ccp-props=\"{&quot;134233117&quot;:true,&quot;201341983&quot;:0,&quot;335551550&quot;:6,&quot;335551620&quot;:6,&quot;335559739&quot;:160,&quot;335559740&quot;:240}\">\u00a0<\/span><\/p>\n<p><span data-contrast=\"none\">Per a m\u00e9s informaci\u00f3:\u00a0<\/span><a href=\"https:\/\/blog.aecc.es\/consejos-para-dejar-de-fumar\/?utm_source=TuSaludesloPrimero&amp;utm_medium=Email&amp;utm_campaign=Empresas\" target=\"_blank\" rel=\"noopener noreferrer\"><span data-contrast=\"none\">Tingues en<\/span><span data-contrast=\"none\">\u00a0<\/span><span data-contrast=\"none\">c<\/span><span data-contrast=\"none\">o<\/span><span data-contrast=\"none\">m<\/span><span data-contrast=\"none\">pte<\/span><span data-contrast=\"none\">\u00a0<\/span><span data-contrast=\"none\">els consells<\/span><span data-contrast=\"none\">\u00a0saludables per deixar de fumar<\/span><\/a>.<\/p>\n<p><img fetchpriority=\"high\" decoding=\"async\" class=\"aligncenter wp-image-16477\" src=\"https:\/\/www.ub.edu\/ossma\/wp-content\/uploads\/2020\/05\/1noticia-web-aecc2020-300x198.jpg\" alt=\"\" width=\"560\" height=\"370\" \/><\/p>\n<p><span data-ccp-props=\"{&quot;134233117&quot;:true,&quot;201341983&quot;:0,&quot;335551550&quot;:6,&quot;335551620&quot;:6,&quot;335559739&quot;:160,&quot;335559740&quot;:240}\">\u00a0<\/span><\/p>\n","protected":false},"excerpt":{"rendered":"<p>Programa Solidaritat a l&#8217;Empresa.<br \/>\nConsell saludable del mes de maig de l&#8217;AECC.<br \/>\nDia 31 de maig: Dia Mundial Sense Tabac<\/p>\n","protected":false},"author":1,"featured_media":16477,"comment_status":"closed","ping_status":"closed","sticky":false,"template":"","format":"standard","meta":{"advgb_blocks_editor_width":"","advgb_blocks_columns_visual_guide":"","footnotes":""},"categories":[3,21],"tags":[49,123,45],"class_list":["post-16473","post","type-post","status-publish","format-standard","has-post-thumbnail","hentry","category-actualitat-atencio-social","category-actualitat-medicina-del-treball","tag-aecc","tag-ods3","tag-salut"],"author_meta":{"display_name":"OSSMA","author_link":"https:\/\/www.ub.edu\/ossma\/author\/ossmau1"},"featured_img":"https:\/\/www.ub.edu\/ossma\/wp-content\/uploads\/2020\/05\/1noticia-web-aecc2020-300x198.jpg","coauthors":[],"tax_additional":{"categories":{"linked":["<a href=\"https:\/\/www.ub.edu\/ossma\/actualitat-atencio-social\" class=\"advgb-post-tax-term\">Atenci\u00f3 social<\/a>","<a href=\"https:\/\/www.ub.edu\/ossma\/actualitat-medicina-del-treball\" class=\"advgb-post-tax-term\">Medicina del treball<\/a>"],"unlinked":["<span class=\"advgb-post-tax-term\">Atenci\u00f3 social<\/span>","<span class=\"advgb-post-tax-term\">Medicina del treball<\/span>"]},"tags":{"linked":["<a href=\"https:\/\/www.ub.edu\/ossma\/actualitat-medicina-del-treball\" class=\"advgb-post-tax-term\">AECC<\/a>","<a href=\"https:\/\/www.ub.edu\/ossma\/actualitat-medicina-del-treball\" class=\"advgb-post-tax-term\">ods3<\/a>","<a href=\"https:\/\/www.ub.edu\/ossma\/actualitat-medicina-del-treball\" class=\"advgb-post-tax-term\">salut<\/a>"],"unlinked":["<span class=\"advgb-post-tax-term\">AECC<\/span>","<span class=\"advgb-post-tax-term\">ods3<\/span>","<span class=\"advgb-post-tax-term\">salut<\/span>"]}},"comment_count":"0","relative_dates":{"created":"Posted 6 anys ago","modified":"Updated 3 anys ago"},"absolute_dates":{"created":"Posted on 21\/05\/2020","modified":"Updated on 23\/02\/2023"},"absolute_dates_time":{"created":"Posted on 21\/05\/2020 17:07","modified":"Updated on 23\/02\/2023 7:38"},"featured_img_caption":"","series_order":"","_links":{"self":[{"href":"https:\/\/www.ub.edu\/ossma\/wp-json\/wp\/v2\/posts\/16473","targetHints":{"allow":["GET"]}}],"collection":[{"href":"https:\/\/www.ub.edu\/ossma\/wp-json\/wp\/v2\/posts"}],"about":[{"href":"https:\/\/www.ub.edu\/ossma\/wp-json\/wp\/v2\/types\/post"}],"author":[{"embeddable":true,"href":"https:\/\/www.ub.edu\/ossma\/wp-json\/wp\/v2\/users\/1"}],"replies":[{"embeddable":true,"href":"https:\/\/www.ub.edu\/ossma\/wp-json\/wp\/v2\/comments?post=16473"}],"version-history":[{"count":16,"href":"https:\/\/www.ub.edu\/ossma\/wp-json\/wp\/v2\/posts\/16473\/revisions"}],"predecessor-version":[{"id":45420,"href":"https:\/\/www.ub.edu\/ossma\/wp-json\/wp\/v2\/posts\/16473\/revisions\/45420"}],"wp:featuredmedia":[{"embeddable":true,"href":"https:\/\/www.ub.edu\/ossma\/wp-json\/wp\/v2\/media\/16477"}],"wp:attachment":[{"href":"https:\/\/www.ub.edu\/ossma\/wp-json\/wp\/v2\/media?parent=16473"}],"wp:term":[{"taxonomy":"category","embeddable":true,"href":"https:\/\/www.ub.edu\/ossma\/wp-json\/wp\/v2\/categories?post=16473"},{"taxonomy":"post_tag","embeddable":true,"href":"https:\/\/www.ub.edu\/ossma\/wp-json\/wp\/v2\/tags?post=16473"}],"curies":[{"name":"wp","href":"https:\/\/api.w.org\/{rel}","templated":true}]}}