{"id":18766,"date":"2020-06-12T09:03:24","date_gmt":"2020-06-12T09:03:24","guid":{"rendered":"https:\/\/www.ub.edu\/ossma\/?p=18766"},"modified":"2021-04-03T11:08:11","modified_gmt":"2021-04-03T11:08:11","slug":"riscos-tabaquisme-salut","status":"publish","type":"post","link":"https:\/\/www.ub.edu\/ossma\/actualitat-atencio-social\/riscos-tabaquisme-salut","title":{"rendered":"Riscos del tabaquisme per a la salut"},"content":{"rendered":"<div style=\"background-color: #1f6617; padding: 10px; clear: both; color: #fff; margin-bottom: 10px;\">\n<p style=\"text-align: right;\"><em><strong>Programa Solidaritat a l\u2019Empresa<\/strong>&nbsp; Juny 2020<\/em><\/p>\n<p><strong>El consell saludable del mes:<\/strong><\/p>\n<p style=\"background: #1F6617;\">RISCOS DEL TABAQUISME PER A LA SALUT<\/p>\n<\/div>\n<p><strong>La teva salut, primer<br><\/strong><strong>Juny 2020<\/strong><\/p>\n\n\n<p>Amb motiu del Dia Mundial sense Tabac, el 31 de maig, des de l\u2019Associaci\u00f3 Espanyola Contra el C\u00e0ncer han volgut compartir el seminari web que van organitzar sobre \u00abTabac, un problema sanitari i social\u00bb, impartit pels doctors Jacob Sellar\u00e8s, pneum\u00f2leg de l\u2019Hospital Cl\u00ednic, i Edurne Arriola, cap de la secci\u00f3 de C\u00e0ncer de Pulm\u00f3 i Genitourinari del Servei d\u2019Oncologia M\u00e8dica de l\u2019Hospital del Mar.<\/p>\n\n\n\n<p>L\u2019objectiu d\u2019aquest seminari ha estat mostrar les patologies m\u00e9s comunes associades al tabaquisme, com ara les malalties respirat\u00f2ries, i donar a con\u00e8ixer com els aven\u00e7os en c\u00e0ncer de pulm\u00f3 han repercutit en la superviv\u00e8ncia. Finalment, M\u00f2nica Granados, t\u00e8cnica de prevenci\u00f3 i psic\u00f2loga de programes de prevenci\u00f3 de c\u00e0ncer (deshabituaci\u00f3 tab\u00e0quica) a l\u2019AECC de Barcelona, explica els recursos que ofereix l\u2019AECC per deixar de fumar.<\/p>\n\n\n\n<p><a href=\"https:\/\/www.aecc.es\/es\/encuentros\/tabaco-problema-sanitario-y-social?utm_source=TuSaludesloPrimero&amp;utm_medium=Email&amp;utm_campaign=Empresas\" target=\"_blank\" rel=\"noreferrer noopener\">Per a m\u00e9s informaci\u00f3 us podeu descarregar la webinar.<\/a><\/p>\n\n\n\n<div class=\"wp-block-image\"><figure class=\"aligncenter size-large\"><img decoding=\"async\" src=\"https:\/\/www.ub.edu\/ossma\/wp-content\/uploads\/2020\/06\/AECC-juny2020.jpg\" alt=\"\" class=\"wp-image-18780\"\/><\/figure><\/div>\n","protected":false},"excerpt":{"rendered":"<p>Programa Solidaritat a l&#8217;Empresa.<br \/>\nConsell saludable del mes de juny de l&#8217;AECC.<\/p>\n","protected":false},"author":1,"featured_media":18780,"comment_status":"closed","ping_status":"closed","sticky":false,"template":"","format":"standard","meta":{"advgb_blocks_editor_width":"","advgb_blocks_columns_visual_guide":"","footnotes":""},"categories":[3,21],"tags":[49,123,45],"class_list":["post-18766","post","type-post","status-publish","format-standard","has-post-thumbnail","hentry","category-actualitat-atencio-social","category-actualitat-medicina-del-treball","tag-aecc","tag-ods3","tag-salut"],"author_meta":{"display_name":"OSSMA","author_link":"https:\/\/www.ub.edu\/ossma\/author\/ossmau1"},"featured_img":"https:\/\/www.ub.edu\/ossma\/wp-content\/uploads\/2020\/06\/AECC-juny2020-300x198.jpg","coauthors":[],"tax_additional":{"categories":{"linked":["<a href=\"https:\/\/www.ub.edu\/ossma\/actualitat-atencio-social\" class=\"advgb-post-tax-term\">Atenci\u00f3 social<\/a>","<a href=\"https:\/\/www.ub.edu\/ossma\/actualitat-medicina-del-treball\" class=\"advgb-post-tax-term\">Medicina del treball<\/a>"],"unlinked":["<span class=\"advgb-post-tax-term\">Atenci\u00f3 social<\/span>","<span class=\"advgb-post-tax-term\">Medicina del treball<\/span>"]},"tags":{"linked":["<a href=\"https:\/\/www.ub.edu\/ossma\/actualitat-medicina-del-treball\" class=\"advgb-post-tax-term\">AECC<\/a>","<a href=\"https:\/\/www.ub.edu\/ossma\/actualitat-medicina-del-treball\" class=\"advgb-post-tax-term\">ods3<\/a>","<a href=\"https:\/\/www.ub.edu\/ossma\/actualitat-medicina-del-treball\" class=\"advgb-post-tax-term\">salut<\/a>"],"unlinked":["<span class=\"advgb-post-tax-term\">AECC<\/span>","<span class=\"advgb-post-tax-term\">ods3<\/span>","<span class=\"advgb-post-tax-term\">salut<\/span>"]}},"comment_count":"0","relative_dates":{"created":"Posted 6 anys ago","modified":"Updated 5 anys ago"},"absolute_dates":{"created":"Posted on 12\/06\/2020","modified":"Updated on 03\/04\/2021"},"absolute_dates_time":{"created":"Posted on 12\/06\/2020 9:03","modified":"Updated on 03\/04\/2021 11:08"},"featured_img_caption":"","series_order":"","_links":{"self":[{"href":"https:\/\/www.ub.edu\/ossma\/wp-json\/wp\/v2\/posts\/18766","targetHints":{"allow":["GET"]}}],"collection":[{"href":"https:\/\/www.ub.edu\/ossma\/wp-json\/wp\/v2\/posts"}],"about":[{"href":"https:\/\/www.ub.edu\/ossma\/wp-json\/wp\/v2\/types\/post"}],"author":[{"embeddable":true,"href":"https:\/\/www.ub.edu\/ossma\/wp-json\/wp\/v2\/users\/1"}],"replies":[{"embeddable":true,"href":"https:\/\/www.ub.edu\/ossma\/wp-json\/wp\/v2\/comments?post=18766"}],"version-history":[{"count":4,"href":"https:\/\/www.ub.edu\/ossma\/wp-json\/wp\/v2\/posts\/18766\/revisions"}],"predecessor-version":[{"id":23380,"href":"https:\/\/www.ub.edu\/ossma\/wp-json\/wp\/v2\/posts\/18766\/revisions\/23380"}],"wp:featuredmedia":[{"embeddable":true,"href":"https:\/\/www.ub.edu\/ossma\/wp-json\/wp\/v2\/media\/18780"}],"wp:attachment":[{"href":"https:\/\/www.ub.edu\/ossma\/wp-json\/wp\/v2\/media?parent=18766"}],"wp:term":[{"taxonomy":"category","embeddable":true,"href":"https:\/\/www.ub.edu\/ossma\/wp-json\/wp\/v2\/categories?post=18766"},{"taxonomy":"post_tag","embeddable":true,"href":"https:\/\/www.ub.edu\/ossma\/wp-json\/wp\/v2\/tags?post=18766"}],"curies":[{"name":"wp","href":"https:\/\/api.w.org\/{rel}","templated":true}]}}