{"id":20564,"date":"2020-09-10T18:00:33","date_gmt":"2020-09-10T18:00:33","guid":{"rendered":"https:\/\/www.ub.edu\/ossma\/?p=20564"},"modified":"2023-02-23T07:29:25","modified_gmt":"2023-02-23T07:29:25","slug":"que-saps-sobre-prevencio-cancer","status":"publish","type":"post","link":"https:\/\/www.ub.edu\/ossma\/actualitat-atencio-social\/que-saps-sobre-prevencio-cancer","title":{"rendered":"Que saps sobre la prevenci\u00f3 del c\u00e0ncer?"},"content":{"rendered":"<div style=\"background-color: #1f6617; padding: 10px; clear: both; color: #fff; margin-bottom: 10px;\">\n<p style=\"text-align: right;\"><em><strong>Programa Solidaritat a l\u2019Empresa<\/strong>&nbsp; Setembre 2020<\/em><\/p>\n<p><strong>El consell saludable del mes:<\/strong><\/p>\n<p style=\"background: #1F6617;\"><span class=\"TextRun SCXW14680892 BCX0\" xml:lang=\"ES-ES\" data-contrast=\"none\" lang=\"ES-ES\"><span class=\"NormalTextRun SCXW14680892 BCX0\">QU\u00c8 SAPS SOBRE LA PREVENCI\u00d3 DEL C\u00c0NCER?<\/span><\/span><span class=\"EOP SCXW14680892 BCX0\" data-ccp-props=\"{&quot;201341983&quot;:0,&quot;335559740&quot;:259}\">&nbsp;<\/span>&nbsp;<\/p>\n<\/div>\n<p><strong>La teva salut, primer<br><\/strong><strong>Setembre 2020<\/strong><\/p>\n\n\n<p><\/p>\n\n\n\n<p>Segur que saps que el risc de patir c\u00e0ncer est\u00e0 molt relacionat amb el nostre estil de vida. Per\u00f2, <strong>ets conscient de fins a quin punt influeixen els nostres&nbsp;h\u00e0bits?<\/strong>&nbsp;Qu\u00e8&nbsp;et sembla que&nbsp;podries&nbsp;millorar&nbsp;en&nbsp;tel&nbsp;teu&nbsp;dia&nbsp;a&nbsp;dia? Consideres que&nbsp;vius&nbsp;d\u2019una&nbsp;manera saludable?  Aquest&nbsp;mes l&#8217;Associaci\u00f3 Espanyola Contra el C\u00e0ncer,  et convida a <strong>esbrinar tot el que pots fer per prevenir, detectar i actuar d&#8217;una manera preco\u00e7 contra el c\u00e0ncer<\/strong>.<\/p>\n\n\n\n<p><a rel=\"noreferrer noopener\" href=\"https:\/\/news.aecc.es\/re?l=D0I10f21miIac9l6u1I4ITkeo5paqv&amp;s=DIKHGDKEHBOEEJFI\" target=\"_blank\">Tota la informaci\u00f3 a la p\u00e0gina de l&#8217;AECC<\/a><\/p>\n\n\n\n<p>&nbsp;<\/p>\n\n\n<div class=\"wp-block-image\">\n<figure class=\"aligncenter size-large advgb-dyn-fd1c4c95\"><img decoding=\"async\" src=\"https:\/\/www.ub.edu\/ossma\/wp-content\/uploads\/2020\/09\/setembre2020-aecc.jpg\" alt=\"\" class=\"wp-image-20562\"\/><\/figure>\n<\/div>","protected":false},"excerpt":{"rendered":"<p>Programa Solidaritat a l&#8217;Empresa.<br \/>\nConsell saludable del mes de setembre de l&#8217;AECC<\/p>\n","protected":false},"author":1,"featured_media":20562,"comment_status":"closed","ping_status":"closed","sticky":false,"template":"","format":"standard","meta":{"advgb_blocks_editor_width":"","advgb_blocks_columns_visual_guide":"","footnotes":""},"categories":[3,21],"tags":[49,123,45],"class_list":["post-20564","post","type-post","status-publish","format-standard","has-post-thumbnail","hentry","category-actualitat-atencio-social","category-actualitat-medicina-del-treball","tag-aecc","tag-ods3","tag-salut"],"author_meta":{"display_name":"OSSMA","author_link":"https:\/\/www.ub.edu\/ossma\/author\/ossmau1"},"featured_img":"https:\/\/www.ub.edu\/ossma\/wp-content\/uploads\/2020\/09\/setembre2020-aecc-300x198.jpg","coauthors":[],"tax_additional":{"categories":{"linked":["<a href=\"https:\/\/www.ub.edu\/ossma\/actualitat-atencio-social\" class=\"advgb-post-tax-term\">Atenci\u00f3 social<\/a>","<a href=\"https:\/\/www.ub.edu\/ossma\/actualitat-medicina-del-treball\" class=\"advgb-post-tax-term\">Medicina del treball<\/a>"],"unlinked":["<span class=\"advgb-post-tax-term\">Atenci\u00f3 social<\/span>","<span class=\"advgb-post-tax-term\">Medicina del treball<\/span>"]},"tags":{"linked":["<a href=\"https:\/\/www.ub.edu\/ossma\/actualitat-medicina-del-treball\" class=\"advgb-post-tax-term\">AECC<\/a>","<a href=\"https:\/\/www.ub.edu\/ossma\/actualitat-medicina-del-treball\" class=\"advgb-post-tax-term\">ods3<\/a>","<a href=\"https:\/\/www.ub.edu\/ossma\/actualitat-medicina-del-treball\" class=\"advgb-post-tax-term\">salut<\/a>"],"unlinked":["<span class=\"advgb-post-tax-term\">AECC<\/span>","<span class=\"advgb-post-tax-term\">ods3<\/span>","<span class=\"advgb-post-tax-term\">salut<\/span>"]}},"comment_count":"0","relative_dates":{"created":"Posted 6 anys ago","modified":"Updated 3 anys ago"},"absolute_dates":{"created":"Posted on 10\/09\/2020","modified":"Updated on 23\/02\/2023"},"absolute_dates_time":{"created":"Posted on 10\/09\/2020 18:00","modified":"Updated on 23\/02\/2023 7:29"},"featured_img_caption":"","series_order":"","_links":{"self":[{"href":"https:\/\/www.ub.edu\/ossma\/wp-json\/wp\/v2\/posts\/20564","targetHints":{"allow":["GET"]}}],"collection":[{"href":"https:\/\/www.ub.edu\/ossma\/wp-json\/wp\/v2\/posts"}],"about":[{"href":"https:\/\/www.ub.edu\/ossma\/wp-json\/wp\/v2\/types\/post"}],"author":[{"embeddable":true,"href":"https:\/\/www.ub.edu\/ossma\/wp-json\/wp\/v2\/users\/1"}],"replies":[{"embeddable":true,"href":"https:\/\/www.ub.edu\/ossma\/wp-json\/wp\/v2\/comments?post=20564"}],"version-history":[{"count":5,"href":"https:\/\/www.ub.edu\/ossma\/wp-json\/wp\/v2\/posts\/20564\/revisions"}],"predecessor-version":[{"id":45409,"href":"https:\/\/www.ub.edu\/ossma\/wp-json\/wp\/v2\/posts\/20564\/revisions\/45409"}],"wp:featuredmedia":[{"embeddable":true,"href":"https:\/\/www.ub.edu\/ossma\/wp-json\/wp\/v2\/media\/20562"}],"wp:attachment":[{"href":"https:\/\/www.ub.edu\/ossma\/wp-json\/wp\/v2\/media?parent=20564"}],"wp:term":[{"taxonomy":"category","embeddable":true,"href":"https:\/\/www.ub.edu\/ossma\/wp-json\/wp\/v2\/categories?post=20564"},{"taxonomy":"post_tag","embeddable":true,"href":"https:\/\/www.ub.edu\/ossma\/wp-json\/wp\/v2\/tags?post=20564"}],"curies":[{"name":"wp","href":"https:\/\/api.w.org\/{rel}","templated":true}]}}