{"id":21516,"date":"2020-10-07T08:49:52","date_gmt":"2020-10-07T08:49:52","guid":{"rendered":"https:\/\/www.ub.edu\/ossma\/?p=21516"},"modified":"2023-03-30T07:30:16","modified_gmt":"2023-03-30T07:30:16","slug":"nou-material-sensibilitzacio-prevencio-covid-19","status":"publish","type":"post","link":"https:\/\/www.ub.edu\/ossma\/actualitat-medicina-del-treball\/nou-material-sensibilitzacio-prevencio-covid-19","title":{"rendered":"Nou material de sensibilitzaci\u00f3 per a la prevenci\u00f3 de la COVID-19 a la UB"},"content":{"rendered":"\n<p>L\u2019OSSMA,\u00a0ha col\u00b7laborat amb el Vicerectorat de Comunicaci\u00f3 i amb la Unitat d\u2019Imatge corporativa i m\u00e0rqueting en l\u2019elaboraci\u00f3 de\u00a0quatre v\u00eddeos i quatre p\u00f2sters que tenen com a objectiu transmetre a la comunitat universit\u00e0ria les mesures preventives que han de posar en pr\u00e0ctica als espais de la UB. El material inclou tant les directrius d\u2019obligat compliment que estableixen les autoritats sanit\u00e0ries, com recomanacions espec\u00edfiques per a aules, laboratoris i llocs de treball. Podeu trobar m\u00e9s informaci\u00f3 i enlla\u00e7os als v\u00eddeos en l&#8217;apartat de <a href=\"https:\/\/web.ub.edu\/ca\/web\/actualitat\/w\/campanya-de-sensibilitzacio-en-el-marc-de-la-pandemia\" target=\"_blank\" rel=\"noreferrer noopener\">not\u00edcies de la UB<\/a>.<\/p>\n\n\n\n<figure class=\"wp-block-image size-full\"><img decoding=\"async\" src=\"https:\/\/www.ub.edu\/ossma\/wp-content\/uploads\/2020\/10\/prevencio-covid-acces-centres.jpg\" alt=\"P\u00f2ster de prevenci\u00f3 de la COVID-19: acc\u00e9s als centres i espais comuns\" class=\"wp-image-21520\"\/><\/figure>\n\n\n\n<p>Aquests recursos els trobareu disponibles a l\u2019<a href=\"https:\/\/www.ub.edu\/ossma\/seguretat-salut\/covid-19-informacio-reincorporacio-segura\" data-type=\"page\" data-id=\"15061\">apartat de reincorporaci\u00f3 segura de la p\u00e0gina web de l\u2019OSSMA<\/a>, on tamb\u00e9 trobareu els enlla\u00e7os a material informatiu, formatiu i de senyalitzaci\u00f3, instruccions, normes i mesures de seguretat i als tr\u00e0mits que s\u2019han posat en marxa per a l\u2019acc\u00e9s segur al lloc de treball.<\/p>\n\n\n\n<figure class=\"wp-block-image size-large\"><img fetchpriority=\"high\" decoding=\"async\" width=\"1024\" height=\"610\" src=\"https:\/\/www.ub.edu\/ossma\/wp-content\/uploads\/2020\/10\/captura-reincorporacio-segura-1024x610.jpg\" alt=\"Captura de pantalla de l'apartat de reincorporaci\u00f3 segura de la web de l'OSSMA\" class=\"wp-image-21521\" srcset=\"https:\/\/www.ub.edu\/ossma\/wp-content\/uploads\/2020\/10\/captura-reincorporacio-segura-1024x610.jpg 1024w, https:\/\/www.ub.edu\/ossma\/wp-content\/uploads\/2020\/10\/captura-reincorporacio-segura-300x179.jpg 300w, https:\/\/www.ub.edu\/ossma\/wp-content\/uploads\/2020\/10\/captura-reincorporacio-segura.jpg 1386w\" sizes=\"(max-width: 1024px) 100vw, 1024px\" \/><\/figure>\n","protected":false},"excerpt":{"rendered":"<p>Us presentem els nous v\u00eddeos i p\u00f2sters que tenen com a objectiu transmetre a la comunitat universit\u00e0ria les mesures de prevenci\u00f3 de la COVID-19 a la UB.<\/p>\n","protected":false},"author":1,"featured_media":21520,"comment_status":"closed","ping_status":"closed","sticky":false,"template":"","format":"standard","meta":{"advgb_blocks_editor_width":"","advgb_blocks_columns_visual_guide":"","footnotes":""},"categories":[21,271],"tags":[69,123,125,169],"class_list":["post-21516","post","type-post","status-publish","format-standard","has-post-thumbnail","hentry","category-actualitat-medicina-del-treball","category-prevencio-de-riscos","tag-comunicacio","tag-ods3","tag-ods8","tag-salut-publica"],"author_meta":{"display_name":"OSSMA","author_link":"https:\/\/www.ub.edu\/ossma\/author\/ossmau1"},"featured_img":"https:\/\/www.ub.edu\/ossma\/wp-content\/uploads\/2020\/10\/prevencio-covid-acces-centres-215x300.jpg","coauthors":[],"tax_additional":{"categories":{"linked":["<a href=\"https:\/\/www.ub.edu\/ossma\/actualitat-medicina-del-treball\" class=\"advgb-post-tax-term\">Medicina del treball<\/a>","<a href=\"https:\/\/www.ub.edu\/ossma\/prevencio-de-riscos\" class=\"advgb-post-tax-term\">Prevenci\u00f3 de riscos<\/a>"],"unlinked":["<span class=\"advgb-post-tax-term\">Medicina del treball<\/span>","<span class=\"advgb-post-tax-term\">Prevenci\u00f3 de riscos<\/span>"]},"tags":{"linked":["<a href=\"https:\/\/www.ub.edu\/ossma\/prevencio-de-riscos\" class=\"advgb-post-tax-term\">comunicaci\u00f3<\/a>","<a href=\"https:\/\/www.ub.edu\/ossma\/prevencio-de-riscos\" class=\"advgb-post-tax-term\">ods3<\/a>","<a href=\"https:\/\/www.ub.edu\/ossma\/prevencio-de-riscos\" class=\"advgb-post-tax-term\">ods8<\/a>","<a href=\"https:\/\/www.ub.edu\/ossma\/prevencio-de-riscos\" class=\"advgb-post-tax-term\">salut p\u00fablica<\/a>"],"unlinked":["<span class=\"advgb-post-tax-term\">comunicaci\u00f3<\/span>","<span class=\"advgb-post-tax-term\">ods3<\/span>","<span class=\"advgb-post-tax-term\">ods8<\/span>","<span class=\"advgb-post-tax-term\">salut p\u00fablica<\/span>"]}},"comment_count":"0","relative_dates":{"created":"Posted 6 anys ago","modified":"Updated 3 anys ago"},"absolute_dates":{"created":"Posted on 07\/10\/2020","modified":"Updated on 30\/03\/2023"},"absolute_dates_time":{"created":"Posted on 07\/10\/2020 8:49","modified":"Updated on 30\/03\/2023 7:30"},"featured_img_caption":"","series_order":"","_links":{"self":[{"href":"https:\/\/www.ub.edu\/ossma\/wp-json\/wp\/v2\/posts\/21516","targetHints":{"allow":["GET"]}}],"collection":[{"href":"https:\/\/www.ub.edu\/ossma\/wp-json\/wp\/v2\/posts"}],"about":[{"href":"https:\/\/www.ub.edu\/ossma\/wp-json\/wp\/v2\/types\/post"}],"author":[{"embeddable":true,"href":"https:\/\/www.ub.edu\/ossma\/wp-json\/wp\/v2\/users\/1"}],"replies":[{"embeddable":true,"href":"https:\/\/www.ub.edu\/ossma\/wp-json\/wp\/v2\/comments?post=21516"}],"version-history":[{"count":5,"href":"https:\/\/www.ub.edu\/ossma\/wp-json\/wp\/v2\/posts\/21516\/revisions"}],"predecessor-version":[{"id":46878,"href":"https:\/\/www.ub.edu\/ossma\/wp-json\/wp\/v2\/posts\/21516\/revisions\/46878"}],"wp:featuredmedia":[{"embeddable":true,"href":"https:\/\/www.ub.edu\/ossma\/wp-json\/wp\/v2\/media\/21520"}],"wp:attachment":[{"href":"https:\/\/www.ub.edu\/ossma\/wp-json\/wp\/v2\/media?parent=21516"}],"wp:term":[{"taxonomy":"category","embeddable":true,"href":"https:\/\/www.ub.edu\/ossma\/wp-json\/wp\/v2\/categories?post=21516"},{"taxonomy":"post_tag","embeddable":true,"href":"https:\/\/www.ub.edu\/ossma\/wp-json\/wp\/v2\/tags?post=21516"}],"curies":[{"name":"wp","href":"https:\/\/api.w.org\/{rel}","templated":true}]}}