{"id":21619,"date":"2020-10-16T13:16:50","date_gmt":"2020-10-16T13:16:50","guid":{"rendered":"https:\/\/www.ub.edu\/ossma\/?p=21619"},"modified":"2023-02-23T07:26:46","modified_gmt":"2023-02-23T07:26:46","slug":"dia-mundial-contra-cancer-mama","status":"publish","type":"post","link":"https:\/\/www.ub.edu\/ossma\/actualitat-atencio-social\/dia-mundial-contra-cancer-mama","title":{"rendered":"Dia Mundial Contra el C\u00e0ncer de Mama"},"content":{"rendered":"\n<p>El 19 d\u2019octubre \u00e9s el Dia Mundial del C\u00e0ncer de Mama i l\u2019AECC vol que la societat sigui conscient del poder transformador de les persones, i de com la nostra ajuda \u00e9s m\u00e9s necess\u00e0ria que mai per continuar avan\u00e7ant per assolir un futur sense c\u00e0ncer.<\/p>\n\n\n\n<p>Treu pit per elles!<\/p>\n\n\n\n<p><a rel=\"noreferrer noopener\" href=\"https:\/\/tienda.aecc.es\/campanas\/campana-mama\/?utmv_source=TuSaludesloPrimero&amp;utm_medium=Email&amp;utm_campaign=Empresas\" target=\"_blank\">Tota la informaci\u00f3 a la web de l&#8217;AECC<\/a>.<\/p>\n\n\n<div class=\"wp-block-image\">\n<figure class=\"aligncenter size-large advgb-dyn-88252bb2\"><img decoding=\"async\" src=\"https:\/\/www.ub.edu\/ossma\/wp-content\/uploads\/2020\/10\/TREUPIT191020.jpg\" alt=\"\" class=\"wp-image-21618\"\/><\/figure>\n<\/div>","protected":false},"excerpt":{"rendered":"<p>19 d&#8217;octubre<br \/>\nDia Mundial Contra el C\u00e0ncer de Mama<\/p>\n","protected":false},"author":1,"featured_media":21618,"comment_status":"closed","ping_status":"closed","sticky":false,"template":"","format":"standard","meta":{"advgb_blocks_editor_width":"","advgb_blocks_columns_visual_guide":"","footnotes":""},"categories":[3],"tags":[123,76,45],"class_list":["post-21619","post","type-post","status-publish","format-standard","has-post-thumbnail","hentry","category-actualitat-atencio-social","tag-ods3","tag-participacio","tag-salut"],"author_meta":{"display_name":"OSSMA","author_link":"https:\/\/www.ub.edu\/ossma\/author\/ossmau1"},"featured_img":"https:\/\/www.ub.edu\/ossma\/wp-content\/uploads\/2020\/10\/TREUPIT191020-300x198.jpg","coauthors":[],"tax_additional":{"categories":{"linked":["<a href=\"https:\/\/www.ub.edu\/ossma\/actualitat-atencio-social\" class=\"advgb-post-tax-term\">Atenci\u00f3 social<\/a>"],"unlinked":["<span class=\"advgb-post-tax-term\">Atenci\u00f3 social<\/span>"]},"tags":{"linked":["<a href=\"https:\/\/www.ub.edu\/ossma\/actualitat-atencio-social\" class=\"advgb-post-tax-term\">ods3<\/a>","<a href=\"https:\/\/www.ub.edu\/ossma\/actualitat-atencio-social\" class=\"advgb-post-tax-term\">participaci\u00f3<\/a>","<a href=\"https:\/\/www.ub.edu\/ossma\/actualitat-atencio-social\" class=\"advgb-post-tax-term\">salut<\/a>"],"unlinked":["<span class=\"advgb-post-tax-term\">ods3<\/span>","<span class=\"advgb-post-tax-term\">participaci\u00f3<\/span>","<span class=\"advgb-post-tax-term\">salut<\/span>"]}},"comment_count":"0","relative_dates":{"created":"Posted 6 anys ago","modified":"Updated 3 anys ago"},"absolute_dates":{"created":"Posted on 16\/10\/2020","modified":"Updated on 23\/02\/2023"},"absolute_dates_time":{"created":"Posted on 16\/10\/2020 13:16","modified":"Updated on 23\/02\/2023 7:26"},"featured_img_caption":"","series_order":"","_links":{"self":[{"href":"https:\/\/www.ub.edu\/ossma\/wp-json\/wp\/v2\/posts\/21619","targetHints":{"allow":["GET"]}}],"collection":[{"href":"https:\/\/www.ub.edu\/ossma\/wp-json\/wp\/v2\/posts"}],"about":[{"href":"https:\/\/www.ub.edu\/ossma\/wp-json\/wp\/v2\/types\/post"}],"author":[{"embeddable":true,"href":"https:\/\/www.ub.edu\/ossma\/wp-json\/wp\/v2\/users\/1"}],"replies":[{"embeddable":true,"href":"https:\/\/www.ub.edu\/ossma\/wp-json\/wp\/v2\/comments?post=21619"}],"version-history":[{"count":5,"href":"https:\/\/www.ub.edu\/ossma\/wp-json\/wp\/v2\/posts\/21619\/revisions"}],"predecessor-version":[{"id":45402,"href":"https:\/\/www.ub.edu\/ossma\/wp-json\/wp\/v2\/posts\/21619\/revisions\/45402"}],"wp:featuredmedia":[{"embeddable":true,"href":"https:\/\/www.ub.edu\/ossma\/wp-json\/wp\/v2\/media\/21618"}],"wp:attachment":[{"href":"https:\/\/www.ub.edu\/ossma\/wp-json\/wp\/v2\/media?parent=21619"}],"wp:term":[{"taxonomy":"category","embeddable":true,"href":"https:\/\/www.ub.edu\/ossma\/wp-json\/wp\/v2\/categories?post=21619"},{"taxonomy":"post_tag","embeddable":true,"href":"https:\/\/www.ub.edu\/ossma\/wp-json\/wp\/v2\/tags?post=21619"}],"curies":[{"name":"wp","href":"https:\/\/api.w.org\/{rel}","templated":true}]}}