{"id":29379,"date":"2021-10-19T13:39:26","date_gmt":"2021-10-19T13:39:26","guid":{"rendered":"https:\/\/www.ub.edu\/ossma?p=29379"},"modified":"2023-02-22T11:18:10","modified_gmt":"2023-02-22T11:18:10","slug":"em-preocupa-tenir-cancer-de-mama-que-puc-fer-per-prevenir-lo","status":"publish","type":"post","link":"https:\/\/www.ub.edu\/ossma\/actualitat-atencio-social\/em-preocupa-tenir-cancer-de-mama-que-puc-fer-per-prevenir-lo","title":{"rendered":"Em preocupa tenir c\u00e0ncer de mama, qu\u00e8 puc fer per prevenir-lo?"},"content":{"rendered":"\n<p> La por de rebre un diagn\u00f2stic de c\u00e0ncer de mama \u00e9s molt comuna entre les dones, probablement pel fet que \u00e9s el tipus de tumor m\u00e9s freq\u00fcent en la dona. Es calcula que a\u00a0<strong>una de cada vuit dones se li diagnosticar\u00e0 aquest tipus de c\u00e0ncer al llarg de la seva vida<\/strong>. Per tant, totes les dones haur\u00edem de ser conscients d\u2019alguns consells que poden ser \u00fatils en la prevenci\u00f3 del c\u00e0ncer de mama.<\/p>\n\n\n\n<p>De fet, malgrat que hi ha factors de risc que no s\u00f3n modificables, com ara el fet tenir m\u00e9s de cinquanta anys o antecedents familiars,\u00a0<strong>hi ha moltes mesures que s\u00ed que ajuden a reduir el risc de mortalitat per c\u00e0ncer de mama i, fins i tot, ens poden ajudar a prevenir-lo<\/strong> perqu\u00e8 en redueix el risc.<br><a rel=\"noreferrer noopener\" href=\"https:\/\/news.aecc.es\/re?l=D0I10f6qvrIac9l6u1I4ITkuxsqi8f&amp;s=CMLHNCGOCANGLLOD\" target=\"_blank\"><strong> L&#8217;AECC t&#8217;ho explica!<\/strong><\/a><\/p>\n\n\n\n<p class=\"has-text-align-center\"><img decoding=\"async\" src=\"https:\/\/news.aecc.es\/imgproxy\/img\/2037587474\/GettyImages-1270618184-tslp.jpg\" width=\"535\"><\/p>\n\n\n\n<h2 class=\"wp-block-heading\">Preguntes freq\u00fcents sobre el c\u00e0ncer de mama <\/h2>\n\n\n\n<p>A l\u2019AECC-Catalunya contra el C\u00e0ncer saben que el diagn\u00f2stic de c\u00e0ncer de mama genera molts dubtes. Per aix\u00f2, t\u2019ofereix <strong>una guia de preguntes m\u00e9s freq\u00fcents<\/strong>.<br><br><a rel=\"noreferrer noopener\" href=\"https:\/\/news.aecc.es\/re?l=D0I10f6qvrIac9l6u1I6ITkuxsqi8f&amp;s=CMLHNCGOCANGLLOD\" target=\"_blank\"> <strong>Preguntes m\u00e9s freq\u00fcents<\/strong><\/a>.<\/p>\n\n\n\n<p><br> <\/p>\n","protected":false},"excerpt":{"rendered":"<p>19 d&#8217;octubre<br \/>\nDia Mundial Contra el C\u00e0ncer de Mama<\/p>\n","protected":false},"author":1,"featured_media":29386,"comment_status":"closed","ping_status":"closed","sticky":false,"template":"","format":"standard","meta":{"advgb_blocks_editor_width":"","advgb_blocks_columns_visual_guide":"","footnotes":""},"categories":[3,21],"tags":[49,123,45],"class_list":["post-29379","post","type-post","status-publish","format-standard","has-post-thumbnail","hentry","category-actualitat-atencio-social","category-actualitat-medicina-del-treball","tag-aecc","tag-ods3","tag-salut"],"author_meta":{"display_name":"OSSMA","author_link":"https:\/\/www.ub.edu\/ossma\/author\/ossmau1"},"featured_img":"https:\/\/www.ub.edu\/ossma\/wp-content\/uploads\/2021\/10\/llac_aecc_cancer-300x71.png","coauthors":[],"tax_additional":{"categories":{"linked":["<a href=\"https:\/\/www.ub.edu\/ossma\/actualitat-atencio-social\" class=\"advgb-post-tax-term\">Atenci\u00f3 social<\/a>","<a href=\"https:\/\/www.ub.edu\/ossma\/actualitat-medicina-del-treball\" class=\"advgb-post-tax-term\">Medicina del treball<\/a>"],"unlinked":["<span class=\"advgb-post-tax-term\">Atenci\u00f3 social<\/span>","<span class=\"advgb-post-tax-term\">Medicina del treball<\/span>"]},"tags":{"linked":["<a href=\"https:\/\/www.ub.edu\/ossma\/actualitat-medicina-del-treball\" class=\"advgb-post-tax-term\">AECC<\/a>","<a href=\"https:\/\/www.ub.edu\/ossma\/actualitat-medicina-del-treball\" class=\"advgb-post-tax-term\">ods3<\/a>","<a href=\"https:\/\/www.ub.edu\/ossma\/actualitat-medicina-del-treball\" class=\"advgb-post-tax-term\">salut<\/a>"],"unlinked":["<span class=\"advgb-post-tax-term\">AECC<\/span>","<span class=\"advgb-post-tax-term\">ods3<\/span>","<span class=\"advgb-post-tax-term\">salut<\/span>"]}},"comment_count":"0","relative_dates":{"created":"Posted 5 anys ago","modified":"Updated 3 anys ago"},"absolute_dates":{"created":"Posted on 19\/10\/2021","modified":"Updated on 22\/02\/2023"},"absolute_dates_time":{"created":"Posted on 19\/10\/2021 13:39","modified":"Updated on 22\/02\/2023 11:18"},"featured_img_caption":"","series_order":"","_links":{"self":[{"href":"https:\/\/www.ub.edu\/ossma\/wp-json\/wp\/v2\/posts\/29379","targetHints":{"allow":["GET"]}}],"collection":[{"href":"https:\/\/www.ub.edu\/ossma\/wp-json\/wp\/v2\/posts"}],"about":[{"href":"https:\/\/www.ub.edu\/ossma\/wp-json\/wp\/v2\/types\/post"}],"author":[{"embeddable":true,"href":"https:\/\/www.ub.edu\/ossma\/wp-json\/wp\/v2\/users\/1"}],"replies":[{"embeddable":true,"href":"https:\/\/www.ub.edu\/ossma\/wp-json\/wp\/v2\/comments?post=29379"}],"version-history":[{"count":11,"href":"https:\/\/www.ub.edu\/ossma\/wp-json\/wp\/v2\/posts\/29379\/revisions"}],"predecessor-version":[{"id":45345,"href":"https:\/\/www.ub.edu\/ossma\/wp-json\/wp\/v2\/posts\/29379\/revisions\/45345"}],"wp:featuredmedia":[{"embeddable":true,"href":"https:\/\/www.ub.edu\/ossma\/wp-json\/wp\/v2\/media\/29386"}],"wp:attachment":[{"href":"https:\/\/www.ub.edu\/ossma\/wp-json\/wp\/v2\/media?parent=29379"}],"wp:term":[{"taxonomy":"category","embeddable":true,"href":"https:\/\/www.ub.edu\/ossma\/wp-json\/wp\/v2\/categories?post=29379"},{"taxonomy":"post_tag","embeddable":true,"href":"https:\/\/www.ub.edu\/ossma\/wp-json\/wp\/v2\/tags?post=29379"}],"curies":[{"name":"wp","href":"https:\/\/api.w.org\/{rel}","templated":true}]}}