{"id":30132,"date":"2021-11-09T07:32:39","date_gmt":"2021-11-09T07:32:39","guid":{"rendered":"https:\/\/www.ub.edu\/ossma?p=30132"},"modified":"2023-02-24T07:54:19","modified_gmt":"2023-02-24T07:54:19","slug":"finalitza-a-semifinals-la-participacio-de-la-ub-al-torneig-umob-muv-sobre-mobilitat-sostenible","status":"publish","type":"post","link":"https:\/\/www.ub.edu\/ossma\/actualitat-medi-ambient\/finalitza-a-semifinals-la-participacio-de-la-ub-al-torneig-umob-muv-sobre-mobilitat-sostenible","title":{"rendered":"Finalitza a semifinals la participaci\u00f3 de la UB al Torneig UMOB &#8211; MUV sobre mobilitat sostenible"},"content":{"rendered":"\n<p>L&#8217;enfrontament de semifinals del <a href=\"https:\/\/www.ub.edu\/ossma\/actualitat-medi-ambient\/torneig-europeu-universitari-mobilitat-sostenible-2021\">Torneig Europeu Universitari U\u00b7MOB-MUV sobre mobilitat sostenible<\/a> contra la Universit\u00e0 degli Studi di Torino es preveia dur i, efectivament, aquest centre ens ha superat amb la puntuaci\u00f3 setmanal m\u00e9s alta de la competici\u00f3. Felicitem tant aquesta universitat italiana com la Universidad de Las Palmas de Gran Canaria, que s\u00f3n les finalistes del torneig.<\/p>\n\n\n\n<p>Aprofitem per agrair la participaci\u00f3 activa de les 150 persones que s&#8217;han sumat a l&#8217;equip UB i que han registrat els seus despla\u00e7aments en mitjans de transport actius (a peu, en bicicleta), en transport p\u00fablic, o compartint cotxe.<\/p>\n\n\n\n<p>Ens veiem al proper repte de mobilitat sostenible!<\/p>\n\n\n\n<figure class=\"wp-block-image size-large\"><img fetchpriority=\"high\" decoding=\"async\" width=\"1024\" height=\"1024\" src=\"https:\/\/www.ub.edu\/ossma\/wp-content\/uploads\/2021\/09\/social-1024x1024.png\" alt=\"Repte mobilitat Umob 2021 p\u00f2ster muv\" class=\"wp-image-28748\" srcset=\"https:\/\/www.ub.edu\/ossma\/wp-content\/uploads\/2021\/09\/social-1024x1024.png 1024w, https:\/\/www.ub.edu\/ossma\/wp-content\/uploads\/2021\/09\/social-300x300.png 300w, https:\/\/www.ub.edu\/ossma\/wp-content\/uploads\/2021\/09\/social.png 1080w\" sizes=\"(max-width: 1024px) 100vw, 1024px\" \/><\/figure>\n","protected":false},"excerpt":{"rendered":"<p>La Universit\u00e0 degli Studi di Torino ens ha superat a les semifinals del torneig amb la puntuaci\u00f3 setmanal m\u00e9s alta de la competici\u00f3.<\/p>\n","protected":false},"author":1,"featured_media":28738,"comment_status":"closed","ping_status":"closed","sticky":false,"template":"","format":"standard","meta":{"advgb_blocks_editor_width":"","advgb_blocks_columns_visual_guide":"","footnotes":""},"categories":[20],"tags":[22,119,212],"class_list":["post-30132","post","type-post","status-publish","format-standard","has-post-thumbnail","hentry","category-actualitat-medi-ambient","tag-mobilitat","tag-ods11","tag-reptes-mobilitat"],"author_meta":{"display_name":"OSSMA","author_link":"https:\/\/www.ub.edu\/ossma\/author\/ossmau1"},"featured_img":"https:\/\/www.ub.edu\/ossma\/wp-content\/uploads\/2021\/09\/umob-mub-baner-300x71.png","coauthors":[],"tax_additional":{"categories":{"linked":["<a href=\"https:\/\/www.ub.edu\/ossma\/actualitat-medi-ambient\" class=\"advgb-post-tax-term\">Medi Ambient<\/a>"],"unlinked":["<span class=\"advgb-post-tax-term\">Medi Ambient<\/span>"]},"tags":{"linked":["<a href=\"https:\/\/www.ub.edu\/ossma\/actualitat-medi-ambient\" class=\"advgb-post-tax-term\">mobilitat<\/a>","<a href=\"https:\/\/www.ub.edu\/ossma\/actualitat-medi-ambient\" class=\"advgb-post-tax-term\">ods11<\/a>","<a href=\"https:\/\/www.ub.edu\/ossma\/actualitat-medi-ambient\" class=\"advgb-post-tax-term\">reptes-mobilitat<\/a>"],"unlinked":["<span class=\"advgb-post-tax-term\">mobilitat<\/span>","<span class=\"advgb-post-tax-term\">ods11<\/span>","<span class=\"advgb-post-tax-term\">reptes-mobilitat<\/span>"]}},"comment_count":"0","relative_dates":{"created":"Posted 4 anys ago","modified":"Updated 3 anys ago"},"absolute_dates":{"created":"Posted on 09\/11\/2021","modified":"Updated on 24\/02\/2023"},"absolute_dates_time":{"created":"Posted on 09\/11\/2021 7:32","modified":"Updated on 24\/02\/2023 7:54"},"featured_img_caption":"","series_order":"","_links":{"self":[{"href":"https:\/\/www.ub.edu\/ossma\/wp-json\/wp\/v2\/posts\/30132","targetHints":{"allow":["GET"]}}],"collection":[{"href":"https:\/\/www.ub.edu\/ossma\/wp-json\/wp\/v2\/posts"}],"about":[{"href":"https:\/\/www.ub.edu\/ossma\/wp-json\/wp\/v2\/types\/post"}],"author":[{"embeddable":true,"href":"https:\/\/www.ub.edu\/ossma\/wp-json\/wp\/v2\/users\/1"}],"replies":[{"embeddable":true,"href":"https:\/\/www.ub.edu\/ossma\/wp-json\/wp\/v2\/comments?post=30132"}],"version-history":[{"count":2,"href":"https:\/\/www.ub.edu\/ossma\/wp-json\/wp\/v2\/posts\/30132\/revisions"}],"predecessor-version":[{"id":45517,"href":"https:\/\/www.ub.edu\/ossma\/wp-json\/wp\/v2\/posts\/30132\/revisions\/45517"}],"wp:featuredmedia":[{"embeddable":true,"href":"https:\/\/www.ub.edu\/ossma\/wp-json\/wp\/v2\/media\/28738"}],"wp:attachment":[{"href":"https:\/\/www.ub.edu\/ossma\/wp-json\/wp\/v2\/media?parent=30132"}],"wp:term":[{"taxonomy":"category","embeddable":true,"href":"https:\/\/www.ub.edu\/ossma\/wp-json\/wp\/v2\/categories?post=30132"},{"taxonomy":"post_tag","embeddable":true,"href":"https:\/\/www.ub.edu\/ossma\/wp-json\/wp\/v2\/tags?post=30132"}],"curies":[{"name":"wp","href":"https:\/\/api.w.org\/{rel}","templated":true}]}}