{"id":36625,"date":"2021-06-01T08:44:00","date_gmt":"2021-06-01T08:44:00","guid":{"rendered":"https:\/\/www.ub.edu\/ossma?p=36625"},"modified":"2022-03-01T12:24:57","modified_gmt":"2022-03-01T12:24:57","slug":"aps-2021-ecoauditoria-material-oficina-biologia","status":"publish","type":"post","link":"https:\/\/www.ub.edu\/ossma\/actualitat-medi-ambient\/aps-2021-ecoauditoria-material-oficina-biologia","title":{"rendered":"ApS 2021: Ecoauditoria del material d\u2019oficina de la Facultat de Biologia"},"content":{"rendered":"\n<p>Un curs m\u00e9s, l&#8217;OSSMA ha col\u00b7laborat amb l&#8217;assignatura de Desenvolupament Sostenible del grau de Ci\u00e8ncies Ambientals, en la realitzaci\u00f3 del projecte &#8216;companys de feina, materials de vida&#8217;,  un projecte sobre la compra verda de material d&#8217;oficina a la Facultat de Biologia seguint la metodologia d&#8217;aprenentatge servei (ApS). <\/p>\n\n\n\n<p>El grup format per l&#8217;Ariadna, l&#8217;Ignasi, el Miquel i l&#8217;Andrea, va analitzar quins eren els materials d&#8217;oficina que m\u00e9s s&#8217;havien comprat als departaments i unitats administratives de la Facultat de Biologia durant els anys 2019 i 2020,  a partir dels llistats de compres que va facilitar la Unitat de Compres UB.<\/p>\n\n\n\n<p>Considerant com a criteris de selecci\u00f3 que fossin articles que es compressin de manera habitual i generalitzada per part dels departaments i unitats de la facultat, es van triar 4 articles: un bol\u00edgraf, un subratllador, un paquet de paper autoadhesiu i una ampolla d&#8217;aigua.<\/p>\n\n\n\n<p>Es va decidir no considerar en aquest estudi el paper d&#8217;oficina, perqu\u00e8 ja es disposaven de dades de l&#8217;impacte ambiental facilitades pel prove\u00efdor oficial, i tamb\u00e9 es van descartar les piles, per la complexitat  i la manca de temps per poder-ho abordar en aquest projecte.<\/p>\n\n\n\n<p>A partir del cat\u00e0leg del prove\u00efdor oficial de material d&#8217;oficina de la UB, es van buscar alternatives als articles triats que podrien ser m\u00e9s sostenibles: un subratllador recarregable, un bol\u00edgraf recarregable, i un altre tipus de bol\u00edgraf. <\/p>\n\n\n\n<p>Per al paquet autoadhesiu es va considerar que l&#8217;alternativa m\u00e9s sostenible era no utilitzar-ne, i utilitzar papers d&#8217;esborrany per a les notes. Per a l&#8217;ampolla d&#8217;aigua de pl\u00e0stic d&#8217;un sol \u00fas, tamb\u00e9 es va considerar que l&#8217;alternativa m\u00e9s sostenible era beure aigua de la font directament o reomplir la cantimplora reutilitzable per evitar generar residus.  <\/p>\n\n\n\n<figure class=\"wp-block-image size-large\"><img fetchpriority=\"high\" decoding=\"async\" width=\"1024\" height=\"576\" src=\"https:\/\/www.ub.edu\/ossma\/wp-content\/uploads\/2021\/06\/aps21-articles-ecoauditoria-1024x576.png\" alt=\"Articles triats per a fer l'ecoauditoria\" class=\"wp-image-36637\" srcset=\"https:\/\/www.ub.edu\/ossma\/wp-content\/uploads\/2021\/06\/aps21-articles-ecoauditoria-1024x576.png 1024w, https:\/\/www.ub.edu\/ossma\/wp-content\/uploads\/2021\/06\/aps21-articles-ecoauditoria-300x169.png 300w, https:\/\/www.ub.edu\/ossma\/wp-content\/uploads\/2021\/06\/aps21-articles-ecoauditoria-1536x864.png 1536w, https:\/\/www.ub.edu\/ossma\/wp-content\/uploads\/2021\/06\/aps21-articles-ecoauditoria.png 1607w\" sizes=\"(max-width: 1024px) 100vw, 1024px\" \/><figcaption>Articles d&#8217;oficina triats per a fer l&#8217;ecoauditoria <em>(Font: A. Julian, I. Monle\u00f3n, M. Santos, A. Vilar)<\/em><\/figcaption><\/figure>\n\n\n\n<p>Gr\u00e0cies a la col\u00b7laboraci\u00f3 de la Dra. M\u00f2nica Mart\u00ednez del Departament de Ci\u00e8ncies de Materials  i Qu\u00edmica F\u00edsica de la Facultat de Qu\u00edmica, es va realitzar una ecoautoria de cada un dels articles triats i de les possibles alternatives, que va permetre obtenir informaci\u00f3 de l&#8217;energia utilitzada i les emissions de CO\u2082 generades durant totes les etapes del cicle vida: producci\u00f3, \u00fas i fi de vida. Per a l&#8217;an\u00e0lisi es va considerar quina era la composici\u00f3 de cada producte i si era reciclat o no, la proced\u00e8ncia, el mitj\u00e0 de transport emprat per al seu despla\u00e7ament, l&#8217;\u00fas i el seu fi de vida, \u00e9s a dir, si es podia reutilitzar o reciclar, o si anava a abocador o incineraci\u00f3.  <\/p>\n\n\n\n<p>El projecte va concloure que l&#8217;etapa que t\u00e9 m\u00e9s impacte ambiental \u00e9s l&#8217;extracci\u00f3 de la mat\u00e8ria primera. Per tant, aquells productes compostos per materials reciclats i\/o que siguin reutilitzables o recarregables, tenen un impacte ambiental significativament menor. <\/p>\n","protected":false},"excerpt":{"rendered":"<p>Un curs m\u00e9s, l&#8217;OSSMA ha col\u00b7laborat amb l&#8217;assignatura de Desenvolupament Sostenible del grau de Ci\u00e8ncies Ambientals, en la realitzaci\u00f3 d&#8217;un projecte sobre la compra verda de material d&#8217;oficina a la Facultat de Biologia seguint la metodologia d&#8217;aprenentatge servei (ApS).<\/p>\n","protected":false},"author":1,"featured_media":36626,"comment_status":"closed","ping_status":"closed","sticky":false,"template":"","format":"standard","meta":{"advgb_blocks_editor_width":"","advgb_blocks_columns_visual_guide":"","footnotes":""},"categories":[20],"tags":[105,98,116,124,131],"class_list":["post-36625","post","type-post","status-publish","format-standard","has-post-thumbnail","hentry","category-actualitat-medi-ambient","tag-aps","tag-consum-responsable","tag-emissions-co2","tag-ods12","tag-ods4"],"author_meta":{"display_name":"OSSMA","author_link":"https:\/\/www.ub.edu\/ossma\/author\/ossmau1"},"featured_img":"https:\/\/www.ub.edu\/ossma\/wp-content\/uploads\/2022\/03\/capcalera-ApS-ccaa-300x71.jpg","coauthors":[],"tax_additional":{"categories":{"linked":["<a href=\"https:\/\/www.ub.edu\/ossma\/actualitat-medi-ambient\" class=\"advgb-post-tax-term\">Medi Ambient<\/a>"],"unlinked":["<span class=\"advgb-post-tax-term\">Medi Ambient<\/span>"]},"tags":{"linked":["<a href=\"https:\/\/www.ub.edu\/ossma\/actualitat-medi-ambient\" class=\"advgb-post-tax-term\">ApS<\/a>","<a href=\"https:\/\/www.ub.edu\/ossma\/actualitat-medi-ambient\" class=\"advgb-post-tax-term\">consum responsable<\/a>","<a href=\"https:\/\/www.ub.edu\/ossma\/actualitat-medi-ambient\" class=\"advgb-post-tax-term\">emissions CO2<\/a>","<a href=\"https:\/\/www.ub.edu\/ossma\/actualitat-medi-ambient\" class=\"advgb-post-tax-term\">ods12<\/a>","<a href=\"https:\/\/www.ub.edu\/ossma\/actualitat-medi-ambient\" class=\"advgb-post-tax-term\">ods4<\/a>"],"unlinked":["<span class=\"advgb-post-tax-term\">ApS<\/span>","<span class=\"advgb-post-tax-term\">consum responsable<\/span>","<span class=\"advgb-post-tax-term\">emissions CO2<\/span>","<span class=\"advgb-post-tax-term\">ods12<\/span>","<span class=\"advgb-post-tax-term\">ods4<\/span>"]}},"comment_count":"0","relative_dates":{"created":"Posted 5 anys ago","modified":"Updated 4 anys ago"},"absolute_dates":{"created":"Posted on 01\/06\/2021","modified":"Updated on 01\/03\/2022"},"absolute_dates_time":{"created":"Posted on 01\/06\/2021 8:44","modified":"Updated on 01\/03\/2022 12:24"},"featured_img_caption":"","series_order":"","_links":{"self":[{"href":"https:\/\/www.ub.edu\/ossma\/wp-json\/wp\/v2\/posts\/36625","targetHints":{"allow":["GET"]}}],"collection":[{"href":"https:\/\/www.ub.edu\/ossma\/wp-json\/wp\/v2\/posts"}],"about":[{"href":"https:\/\/www.ub.edu\/ossma\/wp-json\/wp\/v2\/types\/post"}],"author":[{"embeddable":true,"href":"https:\/\/www.ub.edu\/ossma\/wp-json\/wp\/v2\/users\/1"}],"replies":[{"embeddable":true,"href":"https:\/\/www.ub.edu\/ossma\/wp-json\/wp\/v2\/comments?post=36625"}],"version-history":[{"count":7,"href":"https:\/\/www.ub.edu\/ossma\/wp-json\/wp\/v2\/posts\/36625\/revisions"}],"predecessor-version":[{"id":36664,"href":"https:\/\/www.ub.edu\/ossma\/wp-json\/wp\/v2\/posts\/36625\/revisions\/36664"}],"wp:featuredmedia":[{"embeddable":true,"href":"https:\/\/www.ub.edu\/ossma\/wp-json\/wp\/v2\/media\/36626"}],"wp:attachment":[{"href":"https:\/\/www.ub.edu\/ossma\/wp-json\/wp\/v2\/media?parent=36625"}],"wp:term":[{"taxonomy":"category","embeddable":true,"href":"https:\/\/www.ub.edu\/ossma\/wp-json\/wp\/v2\/categories?post=36625"},{"taxonomy":"post_tag","embeddable":true,"href":"https:\/\/www.ub.edu\/ossma\/wp-json\/wp\/v2\/tags?post=36625"}],"curies":[{"name":"wp","href":"https:\/\/api.w.org\/{rel}","templated":true}]}}