{"id":36815,"date":"2022-03-08T18:47:04","date_gmt":"2022-03-08T18:47:04","guid":{"rendered":"https:\/\/www.ub.edu\/ossma?p=36815"},"modified":"2023-02-22T07:33:36","modified_gmt":"2023-02-22T07:33:36","slug":"com-es-pot-detectar-el-cancer-de-colon","status":"publish","type":"post","link":"https:\/\/www.ub.edu\/ossma\/actualitat-atencio-social\/com-es-pot-detectar-el-cancer-de-colon","title":{"rendered":"Com es pot detectar el c\u00e0ncer de c\u00f2lon?"},"content":{"rendered":"\n<div class=\"wp-block-columns has-white-color has-text-color has-background is-layout-flex wp-container-core-columns-is-layout-9d6595d7 wp-block-columns-is-layout-flex\" style=\"background-color:#26c148\">\n<div class=\"wp-block-column is-layout-flow wp-block-column-is-layout-flow\">\n<p class=\"has-text-align-right\"><em><strong>Programa Solidaritat a l&#8217;Empresa<\/strong> Mar\u00e7 202<\/em>2<\/p>\n\n\n\n<p>El consell saludable del mes:<\/p>\n\n\n\n<p>COM ES POT DETECTAR EL C\u00c0NCER DE C\u00d2LON? <\/p>\n<\/div>\n<\/div>\n\n\n\n<p><\/p>\n\n\n\n<p><strong>La teva salut, primer<br>Mar\u00e7 2022<\/strong><\/p>\n\n\n\n<p>El c\u00e0ncer de c\u00f2lon \u00e9s un dels pocs c\u00e0ncers que es pot diagnosticar preco\u00e7ment, abans que la persona en noti cap s\u00edmptoma. Gr\u00e0cies a aquest diagn\u00f2stic preco\u00e7, s\u2019aconsegueixen m\u00e9s taxes de curaci\u00f3 i cirurgies menys agressives. Una prova senzilla com el test de sang oculta en femta (TSOF) permet detectar lesions premalignes o p\u00f2lips que en el futur es poden convertir en malignes. Aquesta prova es fa cada dos anys en els programes de cribratge i, si \u00e9s positiva, es recomana una colonosc\u00f2pia. A m\u00e9s, hi ha altres proves per detectar el c\u00e0ncer de c\u00f2lon d\u2019una manera preco\u00e7: la colonosc\u00f2pia, el tacte rectal i la bi\u00f2psia.<\/p>\n\n\n\n<p><a href=\"https:\/\/www.contraelcancer.es\/es\/todo-sobre-cancer\/tipos-cancer\/cancer-colon\/prevencion\/deteccion-cancer-colon?dmc_cid=22295&amp;dmc_gid=2200491880&amp;dmc_ch=email&amp;dmc_mid=2202349899&amp;dmc_uid=22509522649\" target=\"_blank\" rel=\"noreferrer noopener\">Per a m\u00e9s informaci\u00f3 visiteu la p\u00e0gina seg\u00fcent<\/a>.<\/p>\n\n\n\n<figure class=\"wp-block-embed is-type-video is-provider-youtube wp-block-embed-youtube wp-embed-aspect-16-9 wp-has-aspect-ratio\"><div class=\"wp-block-embed__wrapper\">\n<iframe title=\"Esta mierda te puede salvar la vida\" width=\"1200\" height=\"675\" src=\"https:\/\/www.youtube.com\/embed\/55oVNJHadiA?feature=oembed\" frameborder=\"0\" allow=\"accelerometer; autoplay; clipboard-write; encrypted-media; gyroscope; picture-in-picture; web-share\" allowfullscreen><\/iframe>\n<\/div><\/figure>\n\n\n\n<p> Test de sang oculta en femta (TSOF)<\/p>\n\n\n<div class=\"wp-block-image\">\n<figure class=\"aligncenter size-full is-resized advgb-dyn-f55cd4f7\"><img fetchpriority=\"high\" decoding=\"async\" src=\"https:\/\/www.ub.edu\/ossma\/wp-content\/uploads\/2022\/03\/aecc_proves_cancer_colon.png\" alt=\"\" class=\"wp-image-36816\" width=\"787\" height=\"500\" srcset=\"https:\/\/www.ub.edu\/ossma\/wp-content\/uploads\/2022\/03\/aecc_proves_cancer_colon.png 560w, https:\/\/www.ub.edu\/ossma\/wp-content\/uploads\/2022\/03\/aecc_proves_cancer_colon-300x191.png 300w\" sizes=\"(max-width: 787px) 100vw, 787px\" \/><\/figure>\n<\/div>\n\n\n<p><\/p>\n","protected":false},"excerpt":{"rendered":"<p>Programa Solidaritat a l\u2019Empresa.<br \/>\nConsell saludable del mes de mar\u00e7 de l\u2019AECC.<\/p>\n","protected":false},"author":1,"featured_media":36844,"comment_status":"closed","ping_status":"closed","sticky":false,"template":"","format":"standard","meta":{"advgb_blocks_editor_width":"","advgb_blocks_columns_visual_guide":"","footnotes":""},"categories":[3,21],"tags":[49,123,45],"class_list":["post-36815","post","type-post","status-publish","format-standard","has-post-thumbnail","hentry","category-actualitat-atencio-social","category-actualitat-medicina-del-treball","tag-aecc","tag-ods3","tag-salut"],"author_meta":{"display_name":"OSSMA","author_link":"https:\/\/www.ub.edu\/ossma\/author\/ossmau1"},"featured_img":"https:\/\/www.ub.edu\/ossma\/wp-content\/uploads\/2022\/03\/Aecc_revisio-cancer-colon-300x71.jpg","coauthors":[],"tax_additional":{"categories":{"linked":["<a href=\"https:\/\/www.ub.edu\/ossma\/actualitat-atencio-social\" class=\"advgb-post-tax-term\">Atenci\u00f3 social<\/a>","<a href=\"https:\/\/www.ub.edu\/ossma\/actualitat-medicina-del-treball\" class=\"advgb-post-tax-term\">Medicina del treball<\/a>"],"unlinked":["<span class=\"advgb-post-tax-term\">Atenci\u00f3 social<\/span>","<span class=\"advgb-post-tax-term\">Medicina del treball<\/span>"]},"tags":{"linked":["<a href=\"https:\/\/www.ub.edu\/ossma\/actualitat-medicina-del-treball\" class=\"advgb-post-tax-term\">AECC<\/a>","<a href=\"https:\/\/www.ub.edu\/ossma\/actualitat-medicina-del-treball\" class=\"advgb-post-tax-term\">ods3<\/a>","<a href=\"https:\/\/www.ub.edu\/ossma\/actualitat-medicina-del-treball\" class=\"advgb-post-tax-term\">salut<\/a>"],"unlinked":["<span class=\"advgb-post-tax-term\">AECC<\/span>","<span class=\"advgb-post-tax-term\">ods3<\/span>","<span class=\"advgb-post-tax-term\">salut<\/span>"]}},"comment_count":"0","relative_dates":{"created":"Posted 4 anys ago","modified":"Updated 3 anys ago"},"absolute_dates":{"created":"Posted on 08\/03\/2022","modified":"Updated on 22\/02\/2023"},"absolute_dates_time":{"created":"Posted on 08\/03\/2022 18:47","modified":"Updated on 22\/02\/2023 7:33"},"featured_img_caption":"","series_order":"","_links":{"self":[{"href":"https:\/\/www.ub.edu\/ossma\/wp-json\/wp\/v2\/posts\/36815","targetHints":{"allow":["GET"]}}],"collection":[{"href":"https:\/\/www.ub.edu\/ossma\/wp-json\/wp\/v2\/posts"}],"about":[{"href":"https:\/\/www.ub.edu\/ossma\/wp-json\/wp\/v2\/types\/post"}],"author":[{"embeddable":true,"href":"https:\/\/www.ub.edu\/ossma\/wp-json\/wp\/v2\/users\/1"}],"replies":[{"embeddable":true,"href":"https:\/\/www.ub.edu\/ossma\/wp-json\/wp\/v2\/comments?post=36815"}],"version-history":[{"count":5,"href":"https:\/\/www.ub.edu\/ossma\/wp-json\/wp\/v2\/posts\/36815\/revisions"}],"predecessor-version":[{"id":45294,"href":"https:\/\/www.ub.edu\/ossma\/wp-json\/wp\/v2\/posts\/36815\/revisions\/45294"}],"wp:featuredmedia":[{"embeddable":true,"href":"https:\/\/www.ub.edu\/ossma\/wp-json\/wp\/v2\/media\/36844"}],"wp:attachment":[{"href":"https:\/\/www.ub.edu\/ossma\/wp-json\/wp\/v2\/media?parent=36815"}],"wp:term":[{"taxonomy":"category","embeddable":true,"href":"https:\/\/www.ub.edu\/ossma\/wp-json\/wp\/v2\/categories?post=36815"},{"taxonomy":"post_tag","embeddable":true,"href":"https:\/\/www.ub.edu\/ossma\/wp-json\/wp\/v2\/tags?post=36815"}],"curies":[{"name":"wp","href":"https:\/\/api.w.org\/{rel}","templated":true}]}}