{"id":38136,"date":"2022-04-21T10:23:44","date_gmt":"2022-04-21T10:23:44","guid":{"rendered":"https:\/\/www.ub.edu\/ossma?p=38136"},"modified":"2023-02-22T07:29:15","modified_gmt":"2023-02-22T07:29:15","slug":"lestiu-es-teu-2022","status":"publish","type":"post","link":"https:\/\/www.ub.edu\/ossma\/actualitat-atencio-social\/lestiu-es-teu-2022","title":{"rendered":"L\u2019Estiu \u00e9s Teu 2022"},"content":{"rendered":"\n<p>L\u2019Ag\u00e8ncia Catalana de la Joventut (ACJ) obre les inscripcions a la 28a edici\u00f3 de &#8220;<a rel=\"noreferrer noopener\" href=\"http:\/\/xanascat.gencat.cat\/ca\/programes\/lestiu-es-teu\" target=\"_blank\">L\u2019estiu \u00e9s teu!<\/a>&#8220;, un proc\u00e9s que es podr\u00e0 fer pel sistema de reserva directa de places a trav\u00e9s de l\u2019oferta del\u00a0<a rel=\"noreferrer noopener\" href=\"https:\/\/xanascat.gencat.cat\/PortalPreinscripcions\/\" target=\"_blank\">portal virtual<\/a>.<\/p>\n\n\n\n<p>Amb el reclam \u201cEstiu per sempre. Les col\u00f2nies com sempre han estat\u201d, les col\u00f2nies de la Generalitat s\u00f3n un programa de lleure educatiu adre\u00e7at a infants i adolescents de 5 a 16 anys. A trav\u00e9s d\u2019una \u00e0mplia oferta d\u2019activitats, s\u2019ofereixen estades de fins a deu dies en 14 albergs de la Xarxa Jove d\u2019Albergs de Catalunya (Xanascat): Banyoles, Cabrera de Mar, Canyamars, Coma-ruga, Deltebre, La Molina, l\u2019Escala, L\u2019Espluga de Francol\u00ed, M\u00f3ra la Nova, N\u00faria, Planoles, Tremp, la Vall d\u2019en Bas i Vic.<\/p>\n\n\n\n<p>D\u2019altra banda, &#8220;L&#8217;estiu \u00e9s teu!&#8221; tamb\u00e9 beneficia les fam\u00edlies nombroses, monoparentals i les acollidores, les quals continuaran gaudint d\u2019una reducci\u00f3 del 10% en el preu de les estades.&nbsp;<\/p>\n\n\n\n<p><a href=\"https:\/\/xanascat.gencat.cat\/ca\/noticies\/lestiu-es-teu-2022\" target=\"_blank\" rel=\"noreferrer noopener\">Per a m\u00e9s informaci\u00f3 visiteu la p\u00e0gina seg\u00fcent<\/a>.<\/p>\n","protected":false},"excerpt":{"rendered":"<p>&#8220;L\u2019estiu \u00e9s teu&#8221; \u00e9s un programa que organitza col\u00f2nies d\u2019estiu per a nens, nenes i joves de 5 a 16 anys que vulguin aprendre i divertir-se.<\/p>\n","protected":false},"author":1,"featured_media":38147,"comment_status":"closed","ping_status":"closed","sticky":false,"template":"","format":"standard","meta":{"advgb_blocks_editor_width":"","advgb_blocks_columns_visual_guide":"","footnotes":""},"categories":[3],"tags":[13,131,12],"class_list":["post-38136","post","type-post","status-publish","format-standard","has-post-thumbnail","hentry","category-actualitat-atencio-social","tag-ajudes","tag-ods4","tag-vacances"],"author_meta":{"display_name":"OSSMA","author_link":"https:\/\/www.ub.edu\/ossma\/author\/ossmau1"},"featured_img":"https:\/\/www.ub.edu\/ossma\/wp-content\/uploads\/2022\/04\/Estiu-es-teu_colonies_generalitat-300x71.jpg","coauthors":[],"tax_additional":{"categories":{"linked":["<a href=\"https:\/\/www.ub.edu\/ossma\/actualitat-atencio-social\" class=\"advgb-post-tax-term\">Atenci\u00f3 social<\/a>"],"unlinked":["<span class=\"advgb-post-tax-term\">Atenci\u00f3 social<\/span>"]},"tags":{"linked":["<a href=\"https:\/\/www.ub.edu\/ossma\/actualitat-atencio-social\" class=\"advgb-post-tax-term\">ajudes<\/a>","<a href=\"https:\/\/www.ub.edu\/ossma\/actualitat-atencio-social\" class=\"advgb-post-tax-term\">ods4<\/a>","<a href=\"https:\/\/www.ub.edu\/ossma\/actualitat-atencio-social\" class=\"advgb-post-tax-term\">vacances<\/a>"],"unlinked":["<span class=\"advgb-post-tax-term\">ajudes<\/span>","<span class=\"advgb-post-tax-term\">ods4<\/span>","<span class=\"advgb-post-tax-term\">vacances<\/span>"]}},"comment_count":"0","relative_dates":{"created":"Posted 4 anys ago","modified":"Updated 3 anys ago"},"absolute_dates":{"created":"Posted on 21\/04\/2022","modified":"Updated on 22\/02\/2023"},"absolute_dates_time":{"created":"Posted on 21\/04\/2022 10:23","modified":"Updated on 22\/02\/2023 7:29"},"featured_img_caption":"","series_order":"","_links":{"self":[{"href":"https:\/\/www.ub.edu\/ossma\/wp-json\/wp\/v2\/posts\/38136","targetHints":{"allow":["GET"]}}],"collection":[{"href":"https:\/\/www.ub.edu\/ossma\/wp-json\/wp\/v2\/posts"}],"about":[{"href":"https:\/\/www.ub.edu\/ossma\/wp-json\/wp\/v2\/types\/post"}],"author":[{"embeddable":true,"href":"https:\/\/www.ub.edu\/ossma\/wp-json\/wp\/v2\/users\/1"}],"replies":[{"embeddable":true,"href":"https:\/\/www.ub.edu\/ossma\/wp-json\/wp\/v2\/comments?post=38136"}],"version-history":[{"count":8,"href":"https:\/\/www.ub.edu\/ossma\/wp-json\/wp\/v2\/posts\/38136\/revisions"}],"predecessor-version":[{"id":45288,"href":"https:\/\/www.ub.edu\/ossma\/wp-json\/wp\/v2\/posts\/38136\/revisions\/45288"}],"wp:featuredmedia":[{"embeddable":true,"href":"https:\/\/www.ub.edu\/ossma\/wp-json\/wp\/v2\/media\/38147"}],"wp:attachment":[{"href":"https:\/\/www.ub.edu\/ossma\/wp-json\/wp\/v2\/media?parent=38136"}],"wp:term":[{"taxonomy":"category","embeddable":true,"href":"https:\/\/www.ub.edu\/ossma\/wp-json\/wp\/v2\/categories?post=38136"},{"taxonomy":"post_tag","embeddable":true,"href":"https:\/\/www.ub.edu\/ossma\/wp-json\/wp\/v2\/tags?post=38136"}],"curies":[{"name":"wp","href":"https:\/\/api.w.org\/{rel}","templated":true}]}}