{"id":43139,"date":"2022-11-28T11:45:04","date_gmt":"2022-11-28T11:45:04","guid":{"rendered":"https:\/\/www.ub.edu\/ossma?p=43139"},"modified":"2023-02-22T06:58:53","modified_gmt":"2023-02-22T06:58:53","slug":"ajuts-per-millorar-laccessibilitat-dels-habitatges-de-persones-grans-amb-discapacitat-o-dependencia","status":"publish","type":"post","link":"https:\/\/www.ub.edu\/ossma\/actualitat-atencio-social\/ajuts-per-millorar-laccessibilitat-dels-habitatges-de-persones-grans-amb-discapacitat-o-dependencia","title":{"rendered":"Ajuts per millorar l&#8217;accessibilitat dels habitatges de persones grans, amb discapacitat i\/o depend\u00e8ncia"},"content":{"rendered":"\n<p><a href=\"https:\/\/dogc.gencat.cat\/ca\/document-del-dogc\/?documentId=942443\" target=\"_blank\" rel=\"noreferrer noopener\">RESOLUCI\u00d3 TER\/3532\/2022<\/a>, de 7 de novembre, per la qual s&#8217;obre la convocat\u00f2ria per a la concessi\u00f3, en r\u00e8gim de concurr\u00e8ncia p\u00fablica no competitiva, de subvencions a l&#8217;empara del Reglament (UE) 2021\/241 del Parlament Europeu i del Consell, de 12 de febrer de 2021, del Pla de Recuperaci\u00f3, Transformaci\u00f3 i Resili\u00e8ncia, finan\u00e7at per la Uni\u00f3 Europea-NextGenerationEU, per assegurar les actuacions d&#8217;accessibilitat universal a l&#8217;habitatge a persones grans, amb discapacitat i\/o en situaci\u00f3 de depend\u00e8ncia a Catalunya (ref. BDNS 658270).<\/p>\n\n\n\n<p><\/p>\n\n\n\n<p>El  29 de novembre s\u2019obre el termini de sol\u00b7licitud de subvencions per afavorir l\u2019accessibilitat als edificis i habitatges. Els ajuts estan dirigits a persones majors de setanta anys o que tinguin reconeguda la condici\u00f3 de discapacitat o de depend\u00e8ncia.<\/p>\n\n\n\n<p>Les obres s\u2019han d\u2019haver iniciat amb posterioritat a l\u20191 de febrer de 2020 i han d\u2019haver finalitzat abans del 31 de mar\u00e7 de 2023, incl\u00f2s.<\/p>\n\n\n\n<h2 class=\"wp-block-heading\">A qui s\u2019adre\u00e7a<\/h2>\n\n\n\n<p>A les persones f\u00edsiques o jur\u00eddiques, propiet\u00e0ries o usufructu\u00e0ries d&#8217;habitatges, que compleixin almenys un dels seg\u00fcents requisits:<\/p>\n\n\n\n<ul class=\"wp-block-list\">\n<li>Tenir complerts setanta anys.<\/li>\n\n\n\n<li>Tenir reconeguda legalment la discapacitat o la situaci\u00f3 de depend\u00e8ncia.<\/li>\n<\/ul>\n\n\n\n<h3 class=\"wp-block-heading\">75% per actuacions en zones comunes<\/h3>\n\n\n\n<p>Les actuacions que es duguin a terme en les zones comunes dels edificis podran rebre una subvenci\u00f3 equivalent al 75% del pressupost.<\/p>\n\n\n\n<p>Aquestes actuacions poden ser, entre d\u2019altres: nous ascensors, rampes, plataformes elevadores, elements com ara senyals lluminosos o productes de suport a l&#8217;audici\u00f3.<\/p>\n\n\n\n<h3 class=\"wp-block-heading\">100% per obres a l\u2019interior dels habitatges<\/h3>\n\n\n\n<p>Les obres de millora que afectin l\u2019interior dels habitatges rebran el 100% del pressupost amb un m\u00e0xim de 6.000 euros per habitatge, ampliables fins a 10.000 euros en cas de discapacitat del 75% o de 15.000 euros, en cas de depend\u00e8ncia.<\/p>\n\n\n\n<p>Per a persones en situaci\u00f3 de vulnerabilitat econ\u00f2mica acreditada, hi ha una subvenci\u00f3 complement\u00e0ria que cobrir\u00e0 fins al 100%.<\/p>\n\n\n\n<p>Se subvencionen actuacions com ara: ascensors, plataformes elevadores, salva-escales o rampes, elements d&#8217;informaci\u00f3 o d&#8217;av\u00eds, instal\u00b7laci\u00f3 dom\u00f2tica i d&#8217;altres aven\u00e7os tecnol\u00f2gics, substituci\u00f3 de la banyera per un plat de dutxa o millores en la seguretat a la cuina.<\/p>\n\n\n\n<h2 class=\"wp-block-heading\">Com es demana l&#8217;ajut<\/h2>\n\n\n\n<p><a href=\"https:\/\/habitatge.gencat.cat\/ca\/detalls\/Tramits\/Subvencions-Accessibilitat\" target=\"_blank\" rel=\"noreferrer noopener\">Les sol\u00b7licituds es podran presentar per internet<\/a> des del dia 29 de novembre fins al 31 de gener de 2023, incl\u00f2s, i s\u2019atendran per ordre d\u2019entrada, amb documentaci\u00f3 completa, fins a exhaurir el pressupost.<\/p>\n\n\n\n<p><a href=\"https:\/\/web.gencat.cat\/ca\/actualitat\/detall\/Habitatges-mes-accessibles\">M\u00e9s informaci\u00f3<\/a>.<\/p>\n\n\n\n<p><\/p>\n\n\n<div class=\"wp-block-image\">\n<figure class=\"aligncenter size-full is-resized\"><img fetchpriority=\"high\" decoding=\"async\" src=\"https:\/\/www.ub.edu\/ossma\/wp-content\/uploads\/2022\/11\/vivenda_accessible.jpg\" alt=\"Ajuts vivenda accessible\" class=\"wp-image-43140\" width=\"801\" height=\"465\" srcset=\"https:\/\/www.ub.edu\/ossma\/wp-content\/uploads\/2022\/11\/vivenda_accessible.jpg 750w, https:\/\/www.ub.edu\/ossma\/wp-content\/uploads\/2022\/11\/vivenda_accessible-300x174.jpg 300w\" sizes=\"(max-width: 801px) 100vw, 801px\" \/><\/figure>\n<\/div>","protected":false},"excerpt":{"rendered":"<p>Convocat\u00f2ria per assegurar les actuacions d&#8217;accessibilitat universal a l&#8217;habitatge a persones grans, amb discapacitat i\/o en situaci\u00f3 de depend\u00e8ncia a Catalunya. <\/p>\n","protected":false},"author":1,"featured_media":43143,"comment_status":"closed","ping_status":"closed","sticky":false,"template":"","format":"standard","meta":{"advgb_blocks_editor_width":"","advgb_blocks_columns_visual_guide":"","footnotes":""},"categories":[3],"tags":[13,141,139],"class_list":["post-43139","post","type-post","status-publish","format-standard","has-post-thumbnail","hentry","category-actualitat-atencio-social","tag-ajudes","tag-ods10","tag-persones-amb-discapacitat"],"author_meta":{"display_name":"OSSMA","author_link":"https:\/\/www.ub.edu\/ossma\/author\/ossmau1"},"featured_img":"https:\/\/www.ub.edu\/ossma\/wp-content\/uploads\/2022\/11\/cuina-accessible-300x71.png","coauthors":[],"tax_additional":{"categories":{"linked":["<a href=\"https:\/\/www.ub.edu\/ossma\/actualitat-atencio-social\" class=\"advgb-post-tax-term\">Atenci\u00f3 social<\/a>"],"unlinked":["<span class=\"advgb-post-tax-term\">Atenci\u00f3 social<\/span>"]},"tags":{"linked":["<a href=\"https:\/\/www.ub.edu\/ossma\/actualitat-atencio-social\" class=\"advgb-post-tax-term\">ajudes<\/a>","<a href=\"https:\/\/www.ub.edu\/ossma\/actualitat-atencio-social\" class=\"advgb-post-tax-term\">ods10<\/a>","<a href=\"https:\/\/www.ub.edu\/ossma\/actualitat-atencio-social\" class=\"advgb-post-tax-term\">persones amb discapacitat<\/a>"],"unlinked":["<span class=\"advgb-post-tax-term\">ajudes<\/span>","<span class=\"advgb-post-tax-term\">ods10<\/span>","<span class=\"advgb-post-tax-term\">persones amb discapacitat<\/span>"]}},"comment_count":"0","relative_dates":{"created":"Posted 3 anys ago","modified":"Updated 3 anys ago"},"absolute_dates":{"created":"Posted on 28\/11\/2022","modified":"Updated on 22\/02\/2023"},"absolute_dates_time":{"created":"Posted on 28\/11\/2022 11:45","modified":"Updated on 22\/02\/2023 6:58"},"featured_img_caption":"","series_order":"","_links":{"self":[{"href":"https:\/\/www.ub.edu\/ossma\/wp-json\/wp\/v2\/posts\/43139","targetHints":{"allow":["GET"]}}],"collection":[{"href":"https:\/\/www.ub.edu\/ossma\/wp-json\/wp\/v2\/posts"}],"about":[{"href":"https:\/\/www.ub.edu\/ossma\/wp-json\/wp\/v2\/types\/post"}],"author":[{"embeddable":true,"href":"https:\/\/www.ub.edu\/ossma\/wp-json\/wp\/v2\/users\/1"}],"replies":[{"embeddable":true,"href":"https:\/\/www.ub.edu\/ossma\/wp-json\/wp\/v2\/comments?post=43139"}],"version-history":[{"count":5,"href":"https:\/\/www.ub.edu\/ossma\/wp-json\/wp\/v2\/posts\/43139\/revisions"}],"predecessor-version":[{"id":45270,"href":"https:\/\/www.ub.edu\/ossma\/wp-json\/wp\/v2\/posts\/43139\/revisions\/45270"}],"wp:featuredmedia":[{"embeddable":true,"href":"https:\/\/www.ub.edu\/ossma\/wp-json\/wp\/v2\/media\/43143"}],"wp:attachment":[{"href":"https:\/\/www.ub.edu\/ossma\/wp-json\/wp\/v2\/media?parent=43139"}],"wp:term":[{"taxonomy":"category","embeddable":true,"href":"https:\/\/www.ub.edu\/ossma\/wp-json\/wp\/v2\/categories?post=43139"},{"taxonomy":"post_tag","embeddable":true,"href":"https:\/\/www.ub.edu\/ossma\/wp-json\/wp\/v2\/tags?post=43139"}],"curies":[{"name":"wp","href":"https:\/\/api.w.org\/{rel}","templated":true}]}}