{"id":50092,"date":"2023-10-06T12:17:57","date_gmt":"2023-10-06T12:17:57","guid":{"rendered":"https:\/\/www.ub.edu\/ossma?p=50092"},"modified":"2024-03-05T12:14:33","modified_gmt":"2024-03-05T12:14:33","slug":"lossma-informa-3","status":"publish","type":"post","link":"https:\/\/www.ub.edu\/ossma\/actualitat-atencio-social\/lossma-informa-3","title":{"rendered":"L&#8217;OSSMA informa"},"content":{"rendered":"\n<p>La Universitat de Barcelona, us anima a participar en les<a href=\"https:\/\/www.ub.edu\/ossma\/wp-content\/uploads\/2023\/10\/PROGRAMA_061_suicidi-UB.pdf\"> <strong>Jornades #TrioLaVida <\/strong><\/a>que se celebraran els dies 9, 10 i 11 d&#8217;octubre al Campus Mundet de la Universitat.<\/p>\n\n\n\n<p>Des de l&#8217;Oficina de Seguretat, Salut i Medi Ambient (OSSMA), es vol donar visibilitat a aquestes Jornades.<\/p>\n\n\n\n<p>Animeu-vos a fer les inscripcions a les activitats programades !! <\/p>\n\n\n\n<p>El <strong>dimarts 10 d&#8217;octubre  de 15 hores a 16:30 hores  <\/strong>podreu seguir en directe <a href=\"http:\/\/: https:\/\/www.ub.edu\/ubtv\/video\/jornades-trio-la-vida-2023\"> <\/a><a href=\"https:\/\/www.ub.edu\/ubtv\/video\/jornades-trio-la-vida-2023\">la Taula Rodona: <strong>Salut Mental s. XXI: on som ara mateix? <\/strong><\/a> <\/p>\n\n\n\n<p><\/p>\n\n\n<div class=\"wp-block-image\">\n<figure class=\"aligncenter size-large is-resized\"><img fetchpriority=\"high\" decoding=\"async\" src=\"https:\/\/www.ub.edu\/ossma\/wp-content\/uploads\/2023\/10\/PROGRAMA_061_suicidi-UB-joa-1-4-566x400.png\" alt=\"\" class=\"wp-image-50095\" style=\"width:1033px;height:730px\" width=\"1033\" height=\"730\" srcset=\"https:\/\/www.ub.edu\/ossma\/wp-content\/uploads\/2023\/10\/PROGRAMA_061_suicidi-UB-joa-1-4-566x400.png 566w, https:\/\/www.ub.edu\/ossma\/wp-content\/uploads\/2023\/10\/PROGRAMA_061_suicidi-UB-joa-1-4-707x500.png 707w, https:\/\/www.ub.edu\/ossma\/wp-content\/uploads\/2023\/10\/PROGRAMA_061_suicidi-UB-joa-1-4-1536x1086.png 1536w, https:\/\/www.ub.edu\/ossma\/wp-content\/uploads\/2023\/10\/PROGRAMA_061_suicidi-UB-joa-1-4-2048x1448.png 2048w\" sizes=\"(max-width: 1033px) 100vw, 1033px\" \/><\/figure>\n<\/div>\n\n\n<figure class=\"wp-block-embed is-type-video is-provider-youtube wp-block-embed-youtube wp-embed-aspect-16-9 wp-has-aspect-ratio\"><div class=\"wp-block-embed__wrapper\">\n<iframe title=\"Jornades #Triolavida a la UB\" width=\"1200\" height=\"675\" src=\"https:\/\/www.youtube.com\/embed\/zsdaIOXulFw?feature=oembed\" frameborder=\"0\" allow=\"accelerometer; autoplay; clipboard-write; encrypted-media; gyroscope; picture-in-picture; web-share\" allowfullscreen><\/iframe>\n<\/div><\/figure>\n\n\n\n<p><a href=\"http:\/\/www.clinicapsicologicaub.cat\/ca\/75\/trio-la-vida-2023\">Per a m\u00e9s informaci\u00f3 visiteu la p\u00e0gina de la Cl\u00ednica Psicol\u00f2gica de la Universitat de Barcelona<\/a><\/p>\n","protected":false},"excerpt":{"rendered":"<p>El su\u00efcidi s&#8217;evita parlant-ne.<br \/>\nJornades#TrioLaVida<\/p>\n","protected":false},"author":1,"featured_media":38240,"comment_status":"closed","ping_status":"closed","sticky":false,"template":"","format":"standard","meta":{"advgb_blocks_editor_width":"","advgb_blocks_columns_visual_guide":"","footnotes":""},"categories":[3,243],"tags":[123,305,45,50],"class_list":["post-50092","post","type-post","status-publish","format-standard","has-post-thumbnail","hentry","category-actualitat-atencio-social","category-actualitat-general","tag-ods3","tag-ossma-informa","tag-salut","tag-ub-saludable"],"author_meta":{"display_name":"OSSMA","author_link":"https:\/\/www.ub.edu\/ossma\/author\/ossmau1"},"featured_img":"https:\/\/www.ub.edu\/ossma\/wp-content\/uploads\/2022\/04\/1270x300-ossma-informa-300x71.png","coauthors":[],"tax_additional":{"categories":{"linked":["<a href=\"https:\/\/www.ub.edu\/ossma\/actualitat-atencio-social\" class=\"advgb-post-tax-term\">Atenci\u00f3 social<\/a>","<a href=\"https:\/\/www.ub.edu\/ossma\/actualitat-general\" class=\"advgb-post-tax-term\">OSSMA<\/a>"],"unlinked":["<span class=\"advgb-post-tax-term\">Atenci\u00f3 social<\/span>","<span class=\"advgb-post-tax-term\">OSSMA<\/span>"]},"tags":{"linked":["<a href=\"https:\/\/www.ub.edu\/ossma\/actualitat-general\" class=\"advgb-post-tax-term\">ods3<\/a>","<a href=\"https:\/\/www.ub.edu\/ossma\/actualitat-general\" class=\"advgb-post-tax-term\">ossma-informa<\/a>","<a href=\"https:\/\/www.ub.edu\/ossma\/actualitat-general\" class=\"advgb-post-tax-term\">salut<\/a>","<a href=\"https:\/\/www.ub.edu\/ossma\/actualitat-general\" class=\"advgb-post-tax-term\">UB Saludable<\/a>"],"unlinked":["<span class=\"advgb-post-tax-term\">ods3<\/span>","<span class=\"advgb-post-tax-term\">ossma-informa<\/span>","<span class=\"advgb-post-tax-term\">salut<\/span>","<span class=\"advgb-post-tax-term\">UB Saludable<\/span>"]}},"comment_count":"0","relative_dates":{"created":"Posted 3 anys ago","modified":"Updated 2 anys ago"},"absolute_dates":{"created":"Posted on 06\/10\/2023","modified":"Updated on 05\/03\/2024"},"absolute_dates_time":{"created":"Posted on 06\/10\/2023 12:17","modified":"Updated on 05\/03\/2024 12:14"},"featured_img_caption":"","series_order":"","_links":{"self":[{"href":"https:\/\/www.ub.edu\/ossma\/wp-json\/wp\/v2\/posts\/50092","targetHints":{"allow":["GET"]}}],"collection":[{"href":"https:\/\/www.ub.edu\/ossma\/wp-json\/wp\/v2\/posts"}],"about":[{"href":"https:\/\/www.ub.edu\/ossma\/wp-json\/wp\/v2\/types\/post"}],"author":[{"embeddable":true,"href":"https:\/\/www.ub.edu\/ossma\/wp-json\/wp\/v2\/users\/1"}],"replies":[{"embeddable":true,"href":"https:\/\/www.ub.edu\/ossma\/wp-json\/wp\/v2\/comments?post=50092"}],"version-history":[{"count":15,"href":"https:\/\/www.ub.edu\/ossma\/wp-json\/wp\/v2\/posts\/50092\/revisions"}],"predecessor-version":[{"id":58388,"href":"https:\/\/www.ub.edu\/ossma\/wp-json\/wp\/v2\/posts\/50092\/revisions\/58388"}],"wp:featuredmedia":[{"embeddable":true,"href":"https:\/\/www.ub.edu\/ossma\/wp-json\/wp\/v2\/media\/38240"}],"wp:attachment":[{"href":"https:\/\/www.ub.edu\/ossma\/wp-json\/wp\/v2\/media?parent=50092"}],"wp:term":[{"taxonomy":"category","embeddable":true,"href":"https:\/\/www.ub.edu\/ossma\/wp-json\/wp\/v2\/categories?post=50092"},{"taxonomy":"post_tag","embeddable":true,"href":"https:\/\/www.ub.edu\/ossma\/wp-json\/wp\/v2\/tags?post=50092"}],"curies":[{"name":"wp","href":"https:\/\/api.w.org\/{rel}","templated":true}]}}