{"id":5443,"date":"2016-03-29T12:17:47","date_gmt":"2016-03-29T10:17:47","guid":{"rendered":"http:\/\/www.ub.edu\/plasostenibilitat\/?p=2407"},"modified":"2023-06-09T05:37:59","modified_gmt":"2023-06-09T05:37:59","slug":"el-desti-de-les-tovalloletes-higieniques-eco2-0-36","status":"publish","type":"post","link":"https:\/\/www.ub.edu\/ossma\/actualitat-medi-ambient\/el-desti-de-les-tovalloletes-higieniques-eco2-0-36","title":{"rendered":"El dest\u00ed de les tovalloletes higi\u00e8niques (Eco2.0-36)"},"content":{"rendered":"\n<p>Des de fa temps se&#8217;ns recomana que a l&#8217;inodor no s&#8217;hi pot llen\u00e7ar qualsevol cosa, i que els residus s\u00f2lids han d&#8217;anar al rebuig.<\/p>\n\n\n\n<p>En els darrers anys, per\u00f2, l&#8217;\u00fas massiu de les <strong>tovalloletes higi\u00e8niques o paper humit<\/strong> que s\u00f3n llen\u00e7ades directament pel lavabo ha comen\u00e7at a ser un problema molt greu, provocant embussos a les canonades dels edificis i a les depuradores municipals. Alhora perjudica el medi ambient, ja que moltes d&#8217;aquestes tovalloletes arriben al mar esdevenint un residu s\u00f2lid dif\u00edcil de gestionar (vegeu l&#8217;ecoconsell <a href=\"https:\/\/www.ub.edu\/ossma\/actualitat-medi-ambient\/deixalles-envaint-el-mar-eco2-0-16\" data-type=\"post\">Deixalles envaint el mar<\/a>).<\/p>\n\n\n\n<p>De tovalloletes en podem trobar de molts tipus, com ara per higiene de nadons i adults, desmaquillants facials, refrescants, desinfectants o per neteja de vidres i altres superf\u00edcies, aix\u00ed com de materials diferents, ja que algunes s\u00f3n de poliestir\u00e8 o polietil\u00e8, de teixits t\u00e8xtils com el cot\u00f3, i altres de cel\u00b7lulosa.<\/p>\n\n\n\n<p>El problema d&#8217;aquestes tovalloletes \u00e9s que encara que en alguns casos s&#8217;indiqui que s\u00f3n biodegradables, el temps que tarden a degradar-se \u00e9s massa llarg. En canvi, el paper higi\u00e8nic es desf\u00e0 a l&#8217;aigua en pocs segons, i aix\u00f2 facilita que passi dels nostres baixants al clavegueram sense produir cap problema.<\/p>\n\n\n\n<figure class=\"wp-block-image alignnone size-large advgb-dyn-343b6f03\"><img fetchpriority=\"high\" decoding=\"async\" width=\"640\" height=\"480\" src=\"https:\/\/www.ub.edu\/ossma\/wp-content\/uploads\/2021\/05\/solids-depuradora.jpg\" alt=\"S\u00f3lids, depuradora\" class=\"wp-image-26638\" srcset=\"https:\/\/www.ub.edu\/ossma\/wp-content\/uploads\/2021\/05\/solids-depuradora.jpg 640w, https:\/\/www.ub.edu\/ossma\/wp-content\/uploads\/2021\/05\/solids-depuradora-300x225.jpg 300w\" sizes=\"(max-width: 640px) 100vw, 640px\" \/><figcaption class=\"wp-element-caption\">Residus s\u00f2lids a les plantes depuradores. <a href=\"http:\/\/www.aiguesdebarcelona.cat\/ca\/detalle-noticia\/-\/journal_content\/56_INSTANCE_g5JCrIOjjlmO\/2950762\/2956304#\" target=\"_blank\" rel=\"noopener noreferrer\">Font: Aig\u00fces de Barcelona<\/a><\/figcaption><\/figure>\n\n\n\n<p>Per evitar els dubtes que generen les etiquetes d&#8217;algunes marques de tovalloletes higi\u00e8niques que indiquen err\u00f2niament que es poden llen\u00e7ar per l&#8217;inodor, s&#8217;est\u00e0 treballant per crear una norma internacional ISO que permeti als fabricants verificar que els seus productes s\u00f3n aptes per ser llen\u00e7ats pel lavabo.<\/p>\n\n\n\n<p>Ara per ara, <strong>la millor soluci\u00f3 \u00e9s no llen\u00e7ar cap mena de tovalloleta higi\u00e8nica per l&#8217;inodor<\/strong>, encara que l&#8217;etiqueta ens indiqui que \u00e9s biodegradable.<\/p>\n\n\n\n<div class=\"wp-block-columns destacat is-layout-flex wp-container-core-columns-is-layout-9d6595d7 wp-block-columns-is-layout-flex\">\n<div class=\"wp-block-column is-layout-flow wp-block-column-is-layout-flow\" style=\"flex-basis:100%\">\n<h2 class=\"wp-block-heading advgb-dyn-113e2066\">On hem de llen\u00e7ar els residus s\u00f2lids que generem al bany?<\/h2>\n\n\n\n<ul class=\"wp-block-list\">\n<li><strong>L&#8217;inodor no \u00e9s una paperera!<\/strong> Per tant, no l&#8217;utilitzis com a tal. Les tovalloletes, els bastonets de les orelles, i qualsevol objecte s\u00f2lid que es llenci per l&#8217;inodor pot provocar embussos. Si no vols tenir sorpreses inesperades, vigila quins objectes hi llences!<\/li>\n\n\n\n<li>Un consell per evitar un mal \u00fas de l&#8217;inodor \u00e9s tenir una petita paperera al lavabo, i d&#8217;aquesta forma, podr\u00e0s llen\u00e7ar cada cosa al seu lloc.<\/li>\n\n\n\n<li>Sempre \u00e9s millor fer servir <strong>productes<\/strong> que siguin <strong>biodegradables<\/strong>, per\u00f2 no \u00e9s el mateix que es degradi en anys, en hores o en minuts. Recorda que les tovalloletes o paper humit no es degraden amb suficient rapidesa, com s\u00ed que succeeix amb el paper higi\u00e8nic.<\/li>\n<\/ul>\n<\/div>\n<\/div>\n\n\n\n<h2 class=\"wp-block-heading advgb-dyn-d0c0fe86\">M\u00e9s informaci\u00f3<\/h2>\n\n\n\n<ul class=\"wp-block-list\">\n<li><a rel=\"noopener noreferrer\" href=\"http:\/\/www.cassa.cat\/web\/index.php\/noticies-portada\/noticies-de-via-publica\/806-embossos-al-clavegueram-degut-a-les-tovalloletes-higieniques\" target=\"_blank\">Embossos al clavegueram a causa de les tovalloletes higi\u00e8niques<\/a>. Ajuntament de Cass\u00e0 de la Selva.<\/li>\n\n\n\n<li><a href=\"http:\/\/www.ccma.cat\/tv3\/alacarta\/espai-terra\/espai-terra-dimecres-27-de-maig\/video\/5527804\/\" target=\"_blank\" rel=\"noopener noreferrer\">Tovalloletes de bany<\/a>. Espai Terra, TV3. 27 de maig 2015.<\/li>\n\n\n\n<li><a href=\"https:\/\/asociacionmustela.wordpress.com\/2015\/12\/02\/toallitas-higienicas\/\" target=\"_blank\" rel=\"noopener noreferrer\">Toallitas \u00bfhigi\u00e9nicas?.<\/a> Asociaci\u00f3n Mustela &#8211; conservaci\u00f3n y estudio de los ecosistemas mediterr\u00e1neos, desembre 2015.<\/li>\n\n\n\n<li><a href=\"http:\/\/eureau.org\/administrator\/components\/com_europublication\/pdf\/e805676ff5d3f3f34deb24e8a417f548-2014.10.24%20EurEau%20PP%20on%20Wet%20Wipes.pdf\" target=\"_blank\" rel=\"noopener noreferrer\">Toilets are not a bin! Wet wipes and personal care products are not flushable materials.<\/a> Eur Eau Position Paper, 2014.<\/li>\n<\/ul>\n","protected":false},"excerpt":{"rendered":"<p>Des de fa temps se\u2019ns recomana que a l\u2019inodor no s\u2019hi pot llen\u00e7ar qualsevol cosa, i que els residus s\u00f2lids han d\u2019anar al rebuig.<\/p>\n","protected":false},"author":1,"featured_media":62,"comment_status":"closed","ping_status":"closed","sticky":false,"template":"","format":"standard","meta":{"advgb_blocks_editor_width":"","advgb_blocks_columns_visual_guide":"","footnotes":""},"categories":[20],"tags":[25,119,124,27],"class_list":["post-5443","post","type-post","status-publish","format-standard","has-post-thumbnail","hentry","category-actualitat-medi-ambient","tag-ecoconsells","tag-ods11","tag-ods12","tag-residus"],"author_meta":{"display_name":"OSSMA","author_link":"https:\/\/www.ub.edu\/ossma\/author\/ossmau1"},"featured_img":"https:\/\/www.ub.edu\/ossma\/wp-content\/uploads\/2016\/02\/ecoconsells.jpg","coauthors":[],"tax_additional":{"categories":{"linked":["<a href=\"https:\/\/www.ub.edu\/ossma\/actualitat-medi-ambient\" class=\"advgb-post-tax-term\">Medi Ambient<\/a>"],"unlinked":["<span class=\"advgb-post-tax-term\">Medi Ambient<\/span>"]},"tags":{"linked":["<a href=\"https:\/\/www.ub.edu\/ossma\/actualitat-medi-ambient\" class=\"advgb-post-tax-term\">ecoconsells<\/a>","<a href=\"https:\/\/www.ub.edu\/ossma\/actualitat-medi-ambient\" class=\"advgb-post-tax-term\">ods11<\/a>","<a href=\"https:\/\/www.ub.edu\/ossma\/actualitat-medi-ambient\" class=\"advgb-post-tax-term\">ods12<\/a>","<a href=\"https:\/\/www.ub.edu\/ossma\/actualitat-medi-ambient\" class=\"advgb-post-tax-term\">residus<\/a>"],"unlinked":["<span class=\"advgb-post-tax-term\">ecoconsells<\/span>","<span class=\"advgb-post-tax-term\">ods11<\/span>","<span class=\"advgb-post-tax-term\">ods12<\/span>","<span class=\"advgb-post-tax-term\">residus<\/span>"]}},"comment_count":"0","relative_dates":{"created":"Posted 10 anys ago","modified":"Updated 3 anys ago"},"absolute_dates":{"created":"Posted on 29\/03\/2016","modified":"Updated on 09\/06\/2023"},"absolute_dates_time":{"created":"Posted on 29\/03\/2016 12:17","modified":"Updated on 09\/06\/2023 5:37"},"featured_img_caption":"","series_order":"","_links":{"self":[{"href":"https:\/\/www.ub.edu\/ossma\/wp-json\/wp\/v2\/posts\/5443","targetHints":{"allow":["GET"]}}],"collection":[{"href":"https:\/\/www.ub.edu\/ossma\/wp-json\/wp\/v2\/posts"}],"about":[{"href":"https:\/\/www.ub.edu\/ossma\/wp-json\/wp\/v2\/types\/post"}],"author":[{"embeddable":true,"href":"https:\/\/www.ub.edu\/ossma\/wp-json\/wp\/v2\/users\/1"}],"replies":[{"embeddable":true,"href":"https:\/\/www.ub.edu\/ossma\/wp-json\/wp\/v2\/comments?post=5443"}],"version-history":[{"count":7,"href":"https:\/\/www.ub.edu\/ossma\/wp-json\/wp\/v2\/posts\/5443\/revisions"}],"predecessor-version":[{"id":48442,"href":"https:\/\/www.ub.edu\/ossma\/wp-json\/wp\/v2\/posts\/5443\/revisions\/48442"}],"wp:featuredmedia":[{"embeddable":true,"href":"https:\/\/www.ub.edu\/ossma\/wp-json\/wp\/v2\/media\/62"}],"wp:attachment":[{"href":"https:\/\/www.ub.edu\/ossma\/wp-json\/wp\/v2\/media?parent=5443"}],"wp:term":[{"taxonomy":"category","embeddable":true,"href":"https:\/\/www.ub.edu\/ossma\/wp-json\/wp\/v2\/categories?post=5443"},{"taxonomy":"post_tag","embeddable":true,"href":"https:\/\/www.ub.edu\/ossma\/wp-json\/wp\/v2\/tags?post=5443"}],"curies":[{"name":"wp","href":"https:\/\/api.w.org\/{rel}","templated":true}]}}