{"id":5450,"date":"2016-05-26T13:51:30","date_gmt":"2016-05-26T11:51:30","guid":{"rendered":"http:\/\/www.ub.edu\/plasostenibilitat\/?p=2498"},"modified":"2023-03-22T08:39:18","modified_gmt":"2023-03-22T08:39:18","slug":"el-paper-aprofitem-lo-per-les-dues-cares-eco2-0-38-2","status":"publish","type":"post","link":"https:\/\/www.ub.edu\/ossma\/actualitat-medi-ambient\/el-paper-aprofitem-lo-per-les-dues-cares-eco2-0-38-2","title":{"rendered":"El paper, aprofitem-lo per les dues cares! (Eco2.0-38)"},"content":{"rendered":"\n<p>Quants fulls utilitzes a la setmana quan ets a la universitat? Consideres que en fas un bon \u00fas?<\/p>\n\n\n\n<p>A l&#8217;ecoconsell <a href=\"https:\/\/www.ub.edu\/ossma\/actualitat-medi-ambient\/el-paper-al-blau-eco2-0-31\">El paper, al blau (Eco2.0-31)<\/a> ja vam esmentar que aproximadament un 60% dels residus que generem a la UB \u00e9s paper i cart\u00f3, i que per cada full que utilitzem, estem consumint recursos com ara fusta, energia i aigua, i tamb\u00e9 estem emetent gasos d&#8217;efecte hivernacle.<\/p>\n\n\n\n<p>Aquest impacte negatiu que el nostre consum de paper genera sobre el medi ambient es pot minimitzar a trav\u00e9s de petites accions. Per aix\u00f2 \u00e9s important que abans de llen\u00e7ar un full pensis si encara el pots continuar aprofitant per l&#8217;altra cara o per altres usos.<\/p>\n\n\n\n<figure class=\"wp-block-image alignnone wp-image-6727 size-full advgb-dyn-48234d2e\"><img fetchpriority=\"high\" decoding=\"async\" width=\"800\" height=\"400\" src=\"https:\/\/www.ub.edu\/ossma\/wp-content\/uploads\/2016\/05\/papersafates.png\" alt=\"punts de reutilitzaci\u00f3 de papar a la UB\" class=\"wp-image-6727\" srcset=\"https:\/\/www.ub.edu\/ossma\/wp-content\/uploads\/2016\/05\/papersafates.png 800w, https:\/\/www.ub.edu\/ossma\/wp-content\/uploads\/2016\/05\/papersafates-300x150.png 300w\" sizes=\"(max-width: 800px) 100vw, 800px\" \/><figcaption class=\"wp-element-caption\">Exemples de punts de reutilitzaci\u00f3 de paper a la UB: capsa de cartr\u00f3 del projecte de Compra Verda durant el curs 2009-10 (esquerra) i noves safates de paper dels CRAIs (dreta).<\/figcaption><\/figure>\n\n\n\n<p>A continuaci\u00f3 us mostrem algunes idees que podeu aplicar quan sou a la universitat o a casa vostra i que us ajudaran a reduir la quantitat de paper que feu servir habitualment, com ara la configuraci\u00f3 predeterminada de la impressora, l&#8217;<a href=\"https:\/\/www.ub.edu\/ossma\/actualitat-medi-ambient\/lecoedicio-llibres-que-respecten-el-medi-ambient-eco2-0-15\">ecoedici\u00f3<\/a> dels documents o l&#8217;\u00fas de paper d&#8217;esborrany.<\/p>\n\n\n\n<div class=\"wp-block-columns destacat is-layout-flex wp-container-core-columns-is-layout-9d6595d7 wp-block-columns-is-layout-flex\">\n<div class=\"wp-block-column is-layout-flow wp-block-column-is-layout-flow\" style=\"flex-basis:100%\">\n<h2 class=\"wp-block-heading\">Qu\u00e8 podem fer per reduir el consum de paper?<\/h2>\n\n\n\n<ul class=\"wp-block-list\">\n<li>Utilitza sempre els <strong>fulls per les dues cares<\/strong> abans de llen\u00e7ar-los a les <strong><a href=\"https:\/\/www.ub.edu\/ossma\/actualitat-medi-ambient\/el-paper-al-blau-eco2-0-31\">papereres de paper per reciclar<\/a><\/strong> del teu centre.<\/li>\n\n\n\n<li>Si has de prendre <strong>apunts <\/strong>o fer<strong> anotacions en brut<\/strong>, aprofita fulls que s&#8217;hagin utilitzat nom\u00e9s per una cara.<\/li>\n\n\n\n<li>Tamb\u00e9 pots aprofitar el paper preparant <strong>blocs de notes<\/strong>. Nom\u00e9s cal retallar en dos o en quatre parts els fulls usats per una cara, i grapar-los pel cant\u00f3.<\/li>\n\n\n\n<li>Agafa els papers per reutilitzar que trobar\u00e0s als <strong>punts de reutilitzaci\u00f3<\/strong> de la teva oficina o biblioteca. Si encara no en tens cap al teu departament o unitat, agafa una safata o capsa de cartr\u00f3 i comen\u00e7a a omplir-la amb papers que estiguin usats nom\u00e9s per una cara.<\/li>\n\n\n\n<li><strong>Imprimeix nom\u00e9s <\/strong>en cas que sigui<strong> necessari<\/strong>. Molts documents es poden enviar i guardar en format digital i no cal que s&#8217;imprimeixin.<\/li>\n\n\n\n<li>Si has d&#8217;imprimir documents, fes-ho a <strong>doble cara<\/strong>, o en cas que siguin papers per a tu, fes servir l&#8217;opci\u00f3 d&#8217;imprimir amb fulls d&#8217;<strong>esborrany<\/strong>.<\/li>\n\n\n\n<li><strong>Configura<\/strong> la <strong>impressora<\/strong> de la teva unitat perqu\u00e8 disposi de l&#8217;opci\u00f3 d&#8217;imprimir per una cara amb fulls d&#8217;esborrany.<\/li>\n\n\n\n<li>Recorda que pots ajustar els <strong>marges<\/strong>, l&#8217;<strong>espaiat<\/strong> i la <strong>mida<\/strong> de la lletra del document per reduir el nombre de fulls a imprimir.<\/li>\n\n\n\n<li>A l&#8217;oficina, en lloc d&#8217;utilitzar els papers autoadhesius per deixar <strong>notificacions o recordatoris<\/strong> pots aprofitar els fulls que tinguis en brut i retallar-los perqu\u00e8 tinguin la mida que et vagi millor.<\/li>\n\n\n\n<li>Abans de llen\u00e7ar el paper per reciclar, pensa si li pots donar <strong>un altre \u00fas<\/strong>. Per exemple, el paper usat et pot servir per embolicar regals.<\/li>\n<\/ul>\n<\/div>\n<\/div>\n\n\n\n<h2 class=\"wp-block-heading\">M\u00e9s informaci\u00f3<\/h2>\n\n\n\n<ul class=\"wp-block-list\">\n<li><a rel=\"noreferrer noopener\" href=\"https:\/\/www.ub.edu\/ossma\/wp-content\/uploads\/2021\/05\/59-paper-electronic.pdf\" target=\"_blank\">Paper electr\u00f2nic, tot all\u00f2 que no cal imprimir<\/a>. Ecoconsells de l\u2019OSSMA, n\u00fam. 59. Universitat de Barcelona, 2009.<\/li>\n\n\n\n<li><a rel=\"noopener noreferrer\" href=\"http:\/\/www.sostenibilitatbcn.cat\/attachments\/article\/117\/FesteAmicBoscos.pdf\" target=\"_blank\">Fes-te amic dels boscos<\/a>. Guia d\u2019educaci\u00f3 ambiental, n\u00fam. 28. Ajuntament de Barcelona, 2006.<\/li>\n\n\n\n<li><a rel=\"noopener noreferrer\" href=\"http:\/\/sostenibilitatbcn.cat\/attachments\/article\/717\/BonesPractiquesPaper_LUnivers.pdf\" target=\"_blank\">Manual de bones pr\u00e0ctiques per l\u2019estalvi de paper<\/a>. Consorci d\u2019educaci\u00f3 de Barcelona.<\/li>\n<\/ul>\n","protected":false},"excerpt":{"rendered":"<p>Quants fulls utilitzes a la setmana quan ets a la universitat? Consideres que en fas un bon \u00fas?<\/p>\n","protected":false},"author":1,"featured_media":62,"comment_status":"open","ping_status":"open","sticky":false,"template":"","format":"standard","meta":{"advgb_blocks_editor_width":"","advgb_blocks_columns_visual_guide":"","footnotes":""},"categories":[20],"tags":[25,119,124,101,73,27,86],"class_list":["post-5450","post","type-post","status-publish","format-standard","has-post-thumbnail","hentry","category-actualitat-medi-ambient","tag-ecoconsells","tag-ods11","tag-ods12","tag-paper","tag-residu-zero","tag-residus","tag-reutilitzar"],"author_meta":{"display_name":"OSSMA","author_link":"https:\/\/www.ub.edu\/ossma\/author\/ossmau1"},"featured_img":"https:\/\/www.ub.edu\/ossma\/wp-content\/uploads\/2016\/02\/ecoconsells.jpg","coauthors":[],"tax_additional":{"categories":{"linked":["<a href=\"https:\/\/www.ub.edu\/ossma\/actualitat-medi-ambient\" class=\"advgb-post-tax-term\">Medi Ambient<\/a>"],"unlinked":["<span class=\"advgb-post-tax-term\">Medi Ambient<\/span>"]},"tags":{"linked":["<a href=\"https:\/\/www.ub.edu\/ossma\/actualitat-medi-ambient\" class=\"advgb-post-tax-term\">ecoconsells<\/a>","<a href=\"https:\/\/www.ub.edu\/ossma\/actualitat-medi-ambient\" class=\"advgb-post-tax-term\">ods11<\/a>","<a href=\"https:\/\/www.ub.edu\/ossma\/actualitat-medi-ambient\" class=\"advgb-post-tax-term\">ods12<\/a>","<a href=\"https:\/\/www.ub.edu\/ossma\/actualitat-medi-ambient\" class=\"advgb-post-tax-term\">paper<\/a>","<a href=\"https:\/\/www.ub.edu\/ossma\/actualitat-medi-ambient\" class=\"advgb-post-tax-term\">Residu Zero<\/a>","<a href=\"https:\/\/www.ub.edu\/ossma\/actualitat-medi-ambient\" class=\"advgb-post-tax-term\">residus<\/a>","<a href=\"https:\/\/www.ub.edu\/ossma\/actualitat-medi-ambient\" class=\"advgb-post-tax-term\">reutilitzar<\/a>"],"unlinked":["<span class=\"advgb-post-tax-term\">ecoconsells<\/span>","<span class=\"advgb-post-tax-term\">ods11<\/span>","<span class=\"advgb-post-tax-term\">ods12<\/span>","<span class=\"advgb-post-tax-term\">paper<\/span>","<span class=\"advgb-post-tax-term\">Residu Zero<\/span>","<span class=\"advgb-post-tax-term\">residus<\/span>","<span class=\"advgb-post-tax-term\">reutilitzar<\/span>"]}},"comment_count":"0","relative_dates":{"created":"Posted 10 anys ago","modified":"Updated 3 anys ago"},"absolute_dates":{"created":"Posted on 26\/05\/2016","modified":"Updated on 22\/03\/2023"},"absolute_dates_time":{"created":"Posted on 26\/05\/2016 13:51","modified":"Updated on 22\/03\/2023 8:39"},"featured_img_caption":"","series_order":"","_links":{"self":[{"href":"https:\/\/www.ub.edu\/ossma\/wp-json\/wp\/v2\/posts\/5450","targetHints":{"allow":["GET"]}}],"collection":[{"href":"https:\/\/www.ub.edu\/ossma\/wp-json\/wp\/v2\/posts"}],"about":[{"href":"https:\/\/www.ub.edu\/ossma\/wp-json\/wp\/v2\/types\/post"}],"author":[{"embeddable":true,"href":"https:\/\/www.ub.edu\/ossma\/wp-json\/wp\/v2\/users\/1"}],"replies":[{"embeddable":true,"href":"https:\/\/www.ub.edu\/ossma\/wp-json\/wp\/v2\/comments?post=5450"}],"version-history":[{"count":7,"href":"https:\/\/www.ub.edu\/ossma\/wp-json\/wp\/v2\/posts\/5450\/revisions"}],"predecessor-version":[{"id":46461,"href":"https:\/\/www.ub.edu\/ossma\/wp-json\/wp\/v2\/posts\/5450\/revisions\/46461"}],"wp:featuredmedia":[{"embeddable":true,"href":"https:\/\/www.ub.edu\/ossma\/wp-json\/wp\/v2\/media\/62"}],"wp:attachment":[{"href":"https:\/\/www.ub.edu\/ossma\/wp-json\/wp\/v2\/media?parent=5450"}],"wp:term":[{"taxonomy":"category","embeddable":true,"href":"https:\/\/www.ub.edu\/ossma\/wp-json\/wp\/v2\/categories?post=5450"},{"taxonomy":"post_tag","embeddable":true,"href":"https:\/\/www.ub.edu\/ossma\/wp-json\/wp\/v2\/tags?post=5450"}],"curies":[{"name":"wp","href":"https:\/\/api.w.org\/{rel}","templated":true}]}}