{"id":5517,"date":"2019-01-30T12:31:16","date_gmt":"2019-01-30T11:31:16","guid":{"rendered":"http:\/\/www.ub.edu\/plasostenibilitat\/?p=3714"},"modified":"2023-03-13T07:08:48","modified_gmt":"2023-03-13T07:08:48","slug":"caducitat-programada-eco2-0-66-2","status":"publish","type":"post","link":"https:\/\/www.ub.edu\/ossma\/actualitat-medi-ambient\/caducitat-programada-eco2-0-66-2","title":{"rendered":"Caducitat programada? (Eco2.0-66)"},"content":{"rendered":"\n<p>Alguna vegada t&#8217;has preguntat per qu\u00e8 molts productes semblen tenir data de caducitat tot i no ser alimentaris? Per qu\u00e8 tenim la sensaci\u00f3 general que els aparells electr\u00f2nics duren menys temps quan la tecnologia per fabricar-los \u00e9s cada cop m\u00e9s avan\u00e7ada? Es podrien fabricar productes que mai s&#8217;espatllessin?<\/p>\n\n\n\n<p>En els \u00faltims anys es parla molt d&#8217;un concepte fins ara expressament amagat, l&#8217;<strong>obsolesc\u00e8ncia programada<\/strong>, \u00e9s a dir, la deliberada reducci\u00f3 de la vida \u00fatil dels productes amb l&#8217;objectiu de fomentar el consum per part de la societat.<\/p>\n\n\n\n<figure class=\"wp-block-image\"><img fetchpriority=\"high\" decoding=\"async\" width=\"656\" height=\"400\" src=\"https:\/\/www.ub.edu\/ossma\/wp-content\/uploads\/2019\/04\/canvidepensament.png\" alt=\"cartell informatiu que simbolitza el canvi de pensament cap a la reparaci\u00f3 dels objectes espallats\" class=\"wp-image-5880\" srcset=\"https:\/\/www.ub.edu\/ossma\/wp-content\/uploads\/2019\/04\/canvidepensament.png 656w, https:\/\/www.ub.edu\/ossma\/wp-content\/uploads\/2019\/04\/canvidepensament-300x183.png 300w\" sizes=\"(max-width: 656px) 100vw, 656px\" \/><\/figure>\n\n\n\n<p>Mitjan\u00e7ant diverses estrat\u00e8gies, les empreses s&#8217;asseguren que els productes tinguin una vida \u00fatil limitada. Per exemple, actualitzacions de programari perqu\u00e8 els aparells vagin m\u00e9s lents o que no funcionin correctament. D&#8217;altres vegades, els aparells electr\u00f2nics deixen de ser compatibles amb la tecnologia actual i, per tant, t&#8217;obliguen a comprar-ne un de nou.<\/p>\n\n\n\n<p>En altres casos, ens trobem que quan se&#8217;ns ha espatllat un aparell i el volem reparar, ja no existeixen peces de recanvi o el cost de reparar-lo supera al de compra.<\/p>\n\n\n\n<p>I aix\u00f2 no nom\u00e9s succeeix amb els aparells electr\u00f2nics, sin\u00f3 que tamb\u00e9 passa amb altres productes. Qu\u00e8 passaria si una bombeta no s&#8217;apagu\u00e9s mai? Si unes mitges mai es trenquessin? Si la roba no es fes malb\u00e9 amb unes poques rentades? Si una rentadora mai s&#8217;espatll\u00e9s?<\/p>\n\n\n\n<p>La tecnologia i els coneixements per aconseguir productes que durin en el temps en la majoria de casos ja existeix, per\u00f2 aleshores per qu\u00e8 no es comercialitzen aquests productes? La resposta \u00e9s ben simple\u2026 perqu\u00e8 en la nostra societat es fomenta la cultura del consumisme i de l&#8217;\u2018usar i llen\u00e7ar\u2019. A m\u00e9s, els usuaris nom\u00e9s comprarien una vegada aquell producte, i les empreses el que volen \u00e9s tenir un major nombre de vendes.<\/p>\n\n\n\n<p>A Fran\u00e7a ja s&#8217;han aprovat mesures legislatives per prohibir aquesta pr\u00e0ctica, i el codi de consum preveu fins a dos anys de pres\u00f3 i multa de 300.000 euros. Sota aquesta normativa s&#8217;han investigat casos com la programaci\u00f3 de l&#8217;obsolesc\u00e8ncia dels cartutxos de tinta de les impressores per tal que semblin buits sense estar-ho, o l&#8217;alentiment programat dels tel\u00e8fons m\u00f2bils mitjan\u00e7ant les actualitzacions del sistema operatiu.<\/p>\n\n\n\n<p>Per\u00f2 la responsabilitat no nom\u00e9s \u00e9s de les empreses i de la seva voluntat d&#8217;incrementar els beneficis, sin\u00f3 que la societat tamb\u00e9 contribueix en l&#8217;obsolesc\u00e8ncia programada, en concret, en l&#8217;<strong>obsolesc\u00e8ncia per modes<\/strong>.<\/p>\n\n\n\n<p>Les persones volen tenir l&#8217;\u00faltim model que acaba de sortir al mercat de tots els seus productes, encara que ja en tingui un gaireb\u00e9 igual i que es troba en perfecte estat. El problema \u00e9s que cada any surten productes nous al mercat, gaireb\u00e9 iguals que el seu model anterior, i cada poques setmanes podem veure noves peces de roba a les botigues.<\/p>\n\n\n\n<p>Aquest augment del consumisme innecessari provoca greus problemes de generaci\u00f3 de residus molt dif\u00edcils de gestionar, alhora que suposa un augment del consum de recursos que es podria evitar.<\/p>\n\n\n\n<pre class=\"wp-block-code\"><code><div id=\"destacat\">\n<h2>Com podem allargar la vida \u00fatil dels productes?<\/h2><ul>\n<li>Reparant els aparells que s'hagin espatllat en lloc de llen\u00e7ar-los i comprar-ne un de nou. Aix\u00ed allargarem la seva vida \u00fatil.<\/li>\n<li>Apuntant-nos a <strong>cursos de reparaci\u00f3 i de manteniment<\/strong>. Segur que en el vostre municipi en trobareu de molt \u00fatils!<\/li>\n<li>Intercanviant amb altres persones els productes que ja no ens facin servei.<\/li>\n<li>Comprant nom\u00e9s all\u00f2 que realment necessiteu. No compreu simplement perqu\u00e8 est\u00e0 de moda.<\/li>\n<li>Reutilitzant els productes. En els <strong>mercats i botigues de segona m\u00e0<\/strong> hi trobareu objectes molt interessants.<\/li>\n<li>Exigint a les administracions competents que legislin i penalitzin les pr\u00e0ctiques d'obsolesc\u00e8ncia programada.<\/li>\n<li>Buscant empreses que disposin d'alguna certificaci\u00f3 assegurant que produeixen sense aplicar l'obsolesc\u00e8ncia programada (per exemple, el <a href=\"http:\/\/feniss.org\/sello-issop\/\" target=\"_blank\" rel=\"noreferrer noopener\">segell ISSOP<\/a>).<\/li><\/ul><\/div><\/code><\/pre>\n\n\n\n<h2 class=\"wp-block-heading\">M\u00e9s informaci\u00f3&#8230;<\/h2>\n\n\n\n<ul class=\"wp-block-list\">\n<li><a rel=\"noopener noreferrer\" href=\"http:\/\/www.rtve.es\/alacarta\/videos\/el-documental\/documental-comprar-tirar-comprar\/1382261\/\" target=\"_blank\">Comprar, tirar, comprar<\/a>. El documental, RTVE. Desembre 2014.<\/li>\n\n\n\n<li><a href=\"https:\/\/www.ub.edu\/ossma\/medi-ambient\/ecoconsell-r56-de-fast-fashion-a-slow-fashion\/\">De Fast Fashion&#8230;a Slow Fashion<\/a>. Ecoconsells de l\u2019OSSMA, n\u00fam. 56. Universitat de Barcelona, gener 2018.<\/li>\n\n\n\n<li><a rel=\"noopener noreferrer\" href=\"http:\/\/feniss.org\/tag\/obsolescencia-programada\/\" target=\"_blank\">Obsolescencia programada<\/a>. Fundaci\u00f3n FENISS. 2016.<\/li>\n<\/ul>\n\n\n\n<p><\/p>\n","protected":false},"excerpt":{"rendered":"<p>Alguna vegada t&#8217;has preguntat per qu\u00e8 molts productes semblen tenir data de caducitat tot i no ser alimentaris?<\/p>\n","protected":false},"author":1,"featured_media":62,"comment_status":"open","ping_status":"open","sticky":false,"template":"","format":"standard","meta":{"advgb_blocks_editor_width":"","advgb_blocks_columns_visual_guide":"","footnotes":""},"categories":[20],"tags":[98,25,124,125,86],"class_list":["post-5517","post","type-post","status-publish","format-standard","has-post-thumbnail","hentry","category-actualitat-medi-ambient","tag-consum-responsable","tag-ecoconsells","tag-ods12","tag-ods8","tag-reutilitzar"],"author_meta":{"display_name":"OSSMA","author_link":"https:\/\/www.ub.edu\/ossma\/author\/ossmau1"},"featured_img":"https:\/\/www.ub.edu\/ossma\/wp-content\/uploads\/2016\/02\/ecoconsells.jpg","coauthors":[],"tax_additional":{"categories":{"linked":["<a href=\"https:\/\/www.ub.edu\/ossma\/actualitat-medi-ambient\" class=\"advgb-post-tax-term\">Medi Ambient<\/a>"],"unlinked":["<span class=\"advgb-post-tax-term\">Medi Ambient<\/span>"]},"tags":{"linked":["<a href=\"https:\/\/www.ub.edu\/ossma\/actualitat-medi-ambient\" class=\"advgb-post-tax-term\">consum responsable<\/a>","<a href=\"https:\/\/www.ub.edu\/ossma\/actualitat-medi-ambient\" class=\"advgb-post-tax-term\">ecoconsells<\/a>","<a href=\"https:\/\/www.ub.edu\/ossma\/actualitat-medi-ambient\" class=\"advgb-post-tax-term\">ods12<\/a>","<a href=\"https:\/\/www.ub.edu\/ossma\/actualitat-medi-ambient\" class=\"advgb-post-tax-term\">ods8<\/a>","<a href=\"https:\/\/www.ub.edu\/ossma\/actualitat-medi-ambient\" class=\"advgb-post-tax-term\">reutilitzar<\/a>"],"unlinked":["<span class=\"advgb-post-tax-term\">consum responsable<\/span>","<span class=\"advgb-post-tax-term\">ecoconsells<\/span>","<span class=\"advgb-post-tax-term\">ods12<\/span>","<span class=\"advgb-post-tax-term\">ods8<\/span>","<span class=\"advgb-post-tax-term\">reutilitzar<\/span>"]}},"comment_count":"0","relative_dates":{"created":"Posted 7 anys ago","modified":"Updated 3 anys ago"},"absolute_dates":{"created":"Posted on 30\/01\/2019","modified":"Updated on 13\/03\/2023"},"absolute_dates_time":{"created":"Posted on 30\/01\/2019 12:31","modified":"Updated on 13\/03\/2023 7:08"},"featured_img_caption":"","series_order":"","_links":{"self":[{"href":"https:\/\/www.ub.edu\/ossma\/wp-json\/wp\/v2\/posts\/5517","targetHints":{"allow":["GET"]}}],"collection":[{"href":"https:\/\/www.ub.edu\/ossma\/wp-json\/wp\/v2\/posts"}],"about":[{"href":"https:\/\/www.ub.edu\/ossma\/wp-json\/wp\/v2\/types\/post"}],"author":[{"embeddable":true,"href":"https:\/\/www.ub.edu\/ossma\/wp-json\/wp\/v2\/users\/1"}],"replies":[{"embeddable":true,"href":"https:\/\/www.ub.edu\/ossma\/wp-json\/wp\/v2\/comments?post=5517"}],"version-history":[{"count":9,"href":"https:\/\/www.ub.edu\/ossma\/wp-json\/wp\/v2\/posts\/5517\/revisions"}],"predecessor-version":[{"id":46151,"href":"https:\/\/www.ub.edu\/ossma\/wp-json\/wp\/v2\/posts\/5517\/revisions\/46151"}],"wp:featuredmedia":[{"embeddable":true,"href":"https:\/\/www.ub.edu\/ossma\/wp-json\/wp\/v2\/media\/62"}],"wp:attachment":[{"href":"https:\/\/www.ub.edu\/ossma\/wp-json\/wp\/v2\/media?parent=5517"}],"wp:term":[{"taxonomy":"category","embeddable":true,"href":"https:\/\/www.ub.edu\/ossma\/wp-json\/wp\/v2\/categories?post=5517"},{"taxonomy":"post_tag","embeddable":true,"href":"https:\/\/www.ub.edu\/ossma\/wp-json\/wp\/v2\/tags?post=5517"}],"curies":[{"name":"wp","href":"https:\/\/api.w.org\/{rel}","templated":true}]}}