{"id":62682,"date":"2024-07-19T10:09:49","date_gmt":"2024-07-19T10:09:49","guid":{"rendered":"https:\/\/www.ub.edu\/ossma?p=62682"},"modified":"2024-07-22T09:52:00","modified_gmt":"2024-07-22T09:52:00","slug":"consums-2024-juny","status":"publish","type":"post","link":"https:\/\/www.ub.edu\/ossma\/actualitat-medi-ambient\/consums-2024-juny","title":{"rendered":"Els consums d&#8217;energia i aigua a la UB segueixen a la baixa durant el primer semestre de 2024"},"content":{"rendered":"\n<p>Un cop transcorregut mig any, l&#8217;evoluci\u00f3 del consum d&#8217;energia i aigua a la UB durant el 2024 es va estabilitzant amb reduccions entre el 8 i el 9&nbsp;% respecte al mateix per\u00edode de 2023. Les temperatures dels mesos de maig i juny, significativament m\u00e9s suaus que l&#8217;any passat, han contribu\u00eft a l&#8217;estalvi d&#8217;energia, i les restriccions de reg per la sequera a l&#8217;estalvi d&#8217;aigua. Aix\u00ed, el consum d\u2019aigua ha disminu\u00eft un 8,4 %, el d\u2019electricitat un 9 % i el de gas un 7,7 %.<\/p>\n\n\n\n<p>Els consums acumulats entre els mesos de gener i juny s\u00f3n els seg\u00fcents:<\/p>\n\n\n\n<ul class=\"wp-block-list\">\n<li>Aigua, 58.978 m<sup>3<\/sup>&nbsp;(8,4&nbsp;% menys que l\u2019any 2023).<\/li>\n\n\n\n<li>Electricitat, 14.889.007 kWh (9,0&nbsp;% menys que l\u2019any 2023).<\/li>\n\n\n\n<li>Gas, 536.635 m<sup>3<\/sup>&nbsp;(7,7&nbsp;% menys que l\u2019any 2023).<\/li>\n<\/ul>\n\n\n<div class=\"wp-block-image\">\n<figure class=\"aligncenter size-large\"><img fetchpriority=\"high\" decoding=\"async\" width=\"2400\" height=\"1660\" src=\"https:\/\/www.ub.edu\/ossma\/wp-content\/uploads\/2024\/07\/consums-ub_2024-06.jpg\" alt=\"Consum d'energia i aigua UB. Gener-juny 2024\" class=\"wp-image-62679\" srcset=\"https:\/\/www.ub.edu\/ossma\/wp-content\/uploads\/2024\/07\/consums-ub_2024-06.jpg 2400w, https:\/\/www.ub.edu\/ossma\/wp-content\/uploads\/2024\/07\/consums-ub_2024-06-723x500.jpg 723w, https:\/\/www.ub.edu\/ossma\/wp-content\/uploads\/2024\/07\/consums-ub_2024-06-578x400.jpg 578w, https:\/\/www.ub.edu\/ossma\/wp-content\/uploads\/2024\/07\/consums-ub_2024-06-1536x1062.jpg 1536w, https:\/\/www.ub.edu\/ossma\/wp-content\/uploads\/2024\/07\/consums-ub_2024-06-2048x1417.jpg 2048w\" sizes=\"(max-width: 2400px) 100vw, 2400px\" \/><\/figure>\n<\/div>\n\n\n<p>Pel que fa a l\u2019evoluci\u00f3 del consum d\u2019aigua per centres, s&#8217;ha assolit una major reducci\u00f3 a la Facultat de Dret (-35,8 %), a la Facultat de Ci\u00e8ncies de la Terra (-32,8 %), a l&#8217;edifici Baldiri Reixac (-21,4 %) i a Esports UB (-19,6 %). En canvi, ha augmentat significativament a la Facultat de Belles Arts (+25,4 %) i a les facultats de Filosofia i de Geografia i Hist\u00f2ria (+15,0 %), a causa de dues fuites que ja han estat reparades.<\/p>\n\n\n<div class=\"wp-block-image\">\n<figure class=\"aligncenter size-large\"><img decoding=\"async\" width=\"1258\" height=\"680\" src=\"https:\/\/www.ub.edu\/ossma\/wp-content\/uploads\/2024\/07\/aigua2024-t2.png\" alt=\"Aigua: variaci\u00f3 de consum per centre entre els anys 2023 i 2024 (gener-juny)\" class=\"wp-image-62709\" srcset=\"https:\/\/www.ub.edu\/ossma\/wp-content\/uploads\/2024\/07\/aigua2024-t2.png 1258w, https:\/\/www.ub.edu\/ossma\/wp-content\/uploads\/2024\/07\/aigua2024-t2-750x405.png 750w, https:\/\/www.ub.edu\/ossma\/wp-content\/uploads\/2024\/07\/aigua2024-t2-740x400.png 740w\" sizes=\"(max-width: 1258px) 100vw, 1258px\" \/><\/figure>\n<\/div>\n\n\n<p>El consum d\u2019electricitat s\u2019ha redu\u00eft en tots els centres, excepte al Campus Torribera (+7,0 %), on s&#8217;ha posat en servei l&#8217;edifici Gramenet. Els centres on s\u2019ha redu\u00eft el consum d\u2019electricitat per sobre del 15 % s\u00f3n la Facultat d\u2019Economia i Empresa (-21,9 %), la Facultat d&#8217;Informaci\u00f3 i Mitjans Audiovisuals (-21,6 %), i la Facultat de Farm\u00e0cia i Ci\u00e8ncies de l\u2019Alimentaci\u00f3 (-15,9 %). En el cas de la Facultat d\u2019Economia i Empresa, cal tenir en compte que ara una part del consum prov\u00e9 de la instal\u00b7laci\u00f3 fotovoltaica.<\/p>\n\n\n<div class=\"wp-block-image\">\n<figure class=\"aligncenter size-large\"><img decoding=\"async\" width=\"1260\" height=\"683\" src=\"https:\/\/www.ub.edu\/ossma\/wp-content\/uploads\/2024\/07\/electricitat2024-t2.png\" alt=\"Electricitat: variaci\u00f3 de consum per centre entre els anys 2023 i 2024 (gener-juny)\" class=\"wp-image-62706\" srcset=\"https:\/\/www.ub.edu\/ossma\/wp-content\/uploads\/2024\/07\/electricitat2024-t2.png 1260w, https:\/\/www.ub.edu\/ossma\/wp-content\/uploads\/2024\/07\/electricitat2024-t2-750x407.png 750w, https:\/\/www.ub.edu\/ossma\/wp-content\/uploads\/2024\/07\/electricitat2024-t2-738x400.png 738w\" sizes=\"(max-width: 1260px) 100vw, 1260px\" \/><\/figure>\n<\/div>\n\n\n<p>El consum de gas s&#8217;ha redu\u00eft de manera generalitzada en gaireb\u00e9 tots els centres, amb una reducci\u00f3 per sobre del 15 % a la Facultat de Biologia (-27,4 %), al Campus Bellvitge (-20,8 %), al Campus Torribera (-19,0 %) i a la Facultat de Dret (-18,3 %). En canvi, ha augmentat significativament a les facultats de F\u00edsica i de Qu\u00edmica (+29,7 %).<\/p>\n\n\n<div class=\"wp-block-image\">\n<figure class=\"aligncenter size-large\"><img loading=\"lazy\" decoding=\"async\" width=\"1258\" height=\"698\" src=\"https:\/\/www.ub.edu\/ossma\/wp-content\/uploads\/2024\/07\/gas2024-t2.png\" alt=\"Gas: variaci\u00f3 de consum per centre entre els anys 2023 i 2024 (gener-juny)\" class=\"wp-image-62703\" srcset=\"https:\/\/www.ub.edu\/ossma\/wp-content\/uploads\/2024\/07\/gas2024-t2.png 1258w, https:\/\/www.ub.edu\/ossma\/wp-content\/uploads\/2024\/07\/gas2024-t2-750x416.png 750w, https:\/\/www.ub.edu\/ossma\/wp-content\/uploads\/2024\/07\/gas2024-t2-721x400.png 721w\" sizes=\"(max-width: 1258px) 100vw, 1258px\" \/><\/figure>\n<\/div>\n\n\n<p><\/p>\n\n\n\n<p>Us recordem que segueixen en marxa la&nbsp;<a href=\"https:\/\/www.ub.edu\/ossma\/medi-ambient\/consum-responsable\/campanya-estalvi-aigua\">campanya d\u2019estalvi d\u2019aigua \u00abL\u2019aigua no cau del cel\u00bb<\/a>, i la&nbsp;<a href=\"https:\/\/www.ub.edu\/ossma\/medi-ambient\/consum-responsable\/campanya-estalvi-energetic-en-som-responsables\">campanya d\u2019estalvi energ\u00e8tic \u00abEn som responsables\u00bb<\/a>. Cada cop \u00e9s m\u00e9s necess\u00e0ria la vostra col\u00b7laboraci\u00f3 per continuar evitant el malbaratament d&#8217;aigua i energia a la UB: fem-ne un bon \u00fas!<\/p>\n","protected":false},"excerpt":{"rendered":"<p>Durant el primer semestre de 2024, el consum d\u2019aigua a la UB ha disminu\u00eft un 8,4 %, el d\u2019electricitat un 9 % i el de gas un 7,7 %, respecte al mateix per\u00edode de 2023. <\/p>\n","protected":false},"author":1,"featured_media":58165,"comment_status":"closed","ping_status":"closed","sticky":false,"template":"","format":"standard","meta":{"advgb_blocks_editor_width":"","advgb_blocks_columns_visual_guide":"","footnotes":""},"categories":[20],"tags":[72,224,98,423,26,124,127,128],"class_list":["post-62682","post","type-post","status-publish","format-standard","has-post-thumbnail","hentry","category-actualitat-medi-ambient","tag-aigua","tag-comuniconsums","tag-consum-responsable","tag-consums24","tag-energia","tag-ods12","tag-ods6","tag-ods7"],"author_meta":{"display_name":"OSSMA","author_link":"https:\/\/www.ub.edu\/ossma\/author\/ossmau1"},"featured_img":"https:\/\/www.ub.edu\/ossma\/wp-content\/uploads\/2024\/02\/capcalera-web-consum-emergencia-sequera-750x177.jpg","coauthors":[],"tax_additional":{"categories":{"linked":["<a href=\"https:\/\/www.ub.edu\/ossma\/actualitat-medi-ambient\" class=\"advgb-post-tax-term\">Medi Ambient<\/a>"],"unlinked":["<span class=\"advgb-post-tax-term\">Medi Ambient<\/span>"]},"tags":{"linked":["<a href=\"https:\/\/www.ub.edu\/ossma\/actualitat-medi-ambient\" class=\"advgb-post-tax-term\">aigua<\/a>","<a href=\"https:\/\/www.ub.edu\/ossma\/actualitat-medi-ambient\" class=\"advgb-post-tax-term\">comuniconsums<\/a>","<a href=\"https:\/\/www.ub.edu\/ossma\/actualitat-medi-ambient\" class=\"advgb-post-tax-term\">consum responsable<\/a>","<a href=\"https:\/\/www.ub.edu\/ossma\/actualitat-medi-ambient\" class=\"advgb-post-tax-term\">consums24<\/a>","<a href=\"https:\/\/www.ub.edu\/ossma\/actualitat-medi-ambient\" class=\"advgb-post-tax-term\">energia<\/a>","<a href=\"https:\/\/www.ub.edu\/ossma\/actualitat-medi-ambient\" class=\"advgb-post-tax-term\">ods12<\/a>","<a href=\"https:\/\/www.ub.edu\/ossma\/actualitat-medi-ambient\" class=\"advgb-post-tax-term\">ods6<\/a>","<a href=\"https:\/\/www.ub.edu\/ossma\/actualitat-medi-ambient\" class=\"advgb-post-tax-term\">ods7<\/a>"],"unlinked":["<span class=\"advgb-post-tax-term\">aigua<\/span>","<span class=\"advgb-post-tax-term\">comuniconsums<\/span>","<span class=\"advgb-post-tax-term\">consum responsable<\/span>","<span class=\"advgb-post-tax-term\">consums24<\/span>","<span class=\"advgb-post-tax-term\">energia<\/span>","<span class=\"advgb-post-tax-term\">ods12<\/span>","<span class=\"advgb-post-tax-term\">ods6<\/span>","<span class=\"advgb-post-tax-term\">ods7<\/span>"]}},"comment_count":"0","relative_dates":{"created":"Posted 2 anys ago","modified":"Updated 2 anys ago"},"absolute_dates":{"created":"Posted on 19\/07\/2024","modified":"Updated on 22\/07\/2024"},"absolute_dates_time":{"created":"Posted on 19\/07\/2024 10:09","modified":"Updated on 22\/07\/2024 9:52"},"featured_img_caption":"","series_order":"","_links":{"self":[{"href":"https:\/\/www.ub.edu\/ossma\/wp-json\/wp\/v2\/posts\/62682","targetHints":{"allow":["GET"]}}],"collection":[{"href":"https:\/\/www.ub.edu\/ossma\/wp-json\/wp\/v2\/posts"}],"about":[{"href":"https:\/\/www.ub.edu\/ossma\/wp-json\/wp\/v2\/types\/post"}],"author":[{"embeddable":true,"href":"https:\/\/www.ub.edu\/ossma\/wp-json\/wp\/v2\/users\/1"}],"replies":[{"embeddable":true,"href":"https:\/\/www.ub.edu\/ossma\/wp-json\/wp\/v2\/comments?post=62682"}],"version-history":[{"count":11,"href":"https:\/\/www.ub.edu\/ossma\/wp-json\/wp\/v2\/posts\/62682\/revisions"}],"predecessor-version":[{"id":62765,"href":"https:\/\/www.ub.edu\/ossma\/wp-json\/wp\/v2\/posts\/62682\/revisions\/62765"}],"wp:featuredmedia":[{"embeddable":true,"href":"https:\/\/www.ub.edu\/ossma\/wp-json\/wp\/v2\/media\/58165"}],"wp:attachment":[{"href":"https:\/\/www.ub.edu\/ossma\/wp-json\/wp\/v2\/media?parent=62682"}],"wp:term":[{"taxonomy":"category","embeddable":true,"href":"https:\/\/www.ub.edu\/ossma\/wp-json\/wp\/v2\/categories?post=62682"},{"taxonomy":"post_tag","embeddable":true,"href":"https:\/\/www.ub.edu\/ossma\/wp-json\/wp\/v2\/tags?post=62682"}],"curies":[{"name":"wp","href":"https:\/\/api.w.org\/{rel}","templated":true}]}}