{"id":8333,"date":"2019-07-11T11:38:10","date_gmt":"2019-07-11T11:38:10","guid":{"rendered":"https:\/\/www.ub.edu\/ossma\/?p=8333"},"modified":"2021-04-03T11:07:47","modified_gmt":"2021-04-03T11:07:47","slug":"consells-millorar-alimentacio-nostres-fills","status":"publish","type":"post","link":"https:\/\/www.ub.edu\/ossma\/actualitat-atencio-social\/consells-millorar-alimentacio-nostres-fills","title":{"rendered":"Consells per millorar l\u2019alimentaci\u00f3 dels nostres fills"},"content":{"rendered":"<div style=\"background-color: #1f6617; padding: 10px; clear: both; color: #fff; margin-bottom: 10px;\">\n<p style=\"text-align: right;\"><em><strong>Programa Solidaritat a l\u2019Empresa<\/strong>\u00a0 Juliol 2019<\/em><\/p>\n<p><strong>El consell saludable del mes:<\/strong><\/p>\n<p style=\"background: #1F6617;\">CONSELLS PER MILLORAR L&#8217;ALIMENTACI\u00d3 DELS NOSTRES FILLS<\/p>\n<\/div>\n<p><strong>La teva salut, primer<br \/>\n<\/strong><strong>Juliol 2019<\/strong><\/p>\n<p>Sabem que els aliments que consumim determinen en m\u00e9s o menys grau el nostre estat de salut. Ara b\u00e9, no nom\u00e9s \u00e9s important que sapiguem <strong>qu\u00e8 hem de menjar per prevenir certes malalties<\/strong> i portar una alimentaci\u00f3 saludable, sin\u00f3 tamb\u00e9 els costums apresos que hem de corregir per prevenir els mals h\u00e0bits que ens perjudiquen tant. Perqu\u00e8, no te n\u2019oblidis: una de les nostres responsabilitats com a pares \u00e9s <strong>establir unes pautes saludable<\/strong>s que s\u00f3n vitals per al desenvolupament i el creixement dels nostres fills.<\/p>\n<p><a href=\"https:\/\/www.aecc.es\/es\/tu-salud-es-lo-primero\/julio-2019-consejos-mejorar-alimentacion-hijos\" target=\"_blank\" rel=\"noopener noreferrer\">M\u00e9s informaci\u00f3 sobre: consells per millorar l&#8217;alimentaci\u00f3 dels nostres fills<\/a><\/p>\n","protected":false},"excerpt":{"rendered":"<p>Sabem que els aliments que consumim determinen en m\u00e9s o menys grau el nostre estat de salut. Una de les nostres responsabilitats com a pares \u00e9s establir unes pautes saludables.<\/p>\n","protected":false},"author":1,"featured_media":8342,"comment_status":"closed","ping_status":"closed","sticky":false,"template":"","format":"standard","meta":{"advgb_blocks_editor_width":"","advgb_blocks_columns_visual_guide":"","footnotes":""},"categories":[3,21],"tags":[49,123,45],"class_list":["post-8333","post","type-post","status-publish","format-standard","has-post-thumbnail","hentry","category-actualitat-atencio-social","category-actualitat-medicina-del-treball","tag-aecc","tag-ods3","tag-salut"],"author_meta":{"display_name":"OSSMA","author_link":"https:\/\/www.ub.edu\/ossma\/author\/ossmau1"},"featured_img":"https:\/\/www.ub.edu\/ossma\/wp-content\/uploads\/2019\/07\/AECC7_19-300x198.jpg","coauthors":[],"tax_additional":{"categories":{"linked":["<a href=\"https:\/\/www.ub.edu\/ossma\/actualitat-atencio-social\" class=\"advgb-post-tax-term\">Atenci\u00f3 social<\/a>","<a href=\"https:\/\/www.ub.edu\/ossma\/actualitat-medicina-del-treball\" class=\"advgb-post-tax-term\">Medicina del treball<\/a>"],"unlinked":["<span class=\"advgb-post-tax-term\">Atenci\u00f3 social<\/span>","<span class=\"advgb-post-tax-term\">Medicina del treball<\/span>"]},"tags":{"linked":["<a href=\"https:\/\/www.ub.edu\/ossma\/actualitat-medicina-del-treball\" class=\"advgb-post-tax-term\">AECC<\/a>","<a href=\"https:\/\/www.ub.edu\/ossma\/actualitat-medicina-del-treball\" class=\"advgb-post-tax-term\">ods3<\/a>","<a href=\"https:\/\/www.ub.edu\/ossma\/actualitat-medicina-del-treball\" class=\"advgb-post-tax-term\">salut<\/a>"],"unlinked":["<span class=\"advgb-post-tax-term\">AECC<\/span>","<span class=\"advgb-post-tax-term\">ods3<\/span>","<span class=\"advgb-post-tax-term\">salut<\/span>"]}},"comment_count":"0","relative_dates":{"created":"Posted 7 anys ago","modified":"Updated 5 anys ago"},"absolute_dates":{"created":"Posted on 11\/07\/2019","modified":"Updated on 03\/04\/2021"},"absolute_dates_time":{"created":"Posted on 11\/07\/2019 11:38","modified":"Updated on 03\/04\/2021 11:07"},"featured_img_caption":"","series_order":"","_links":{"self":[{"href":"https:\/\/www.ub.edu\/ossma\/wp-json\/wp\/v2\/posts\/8333","targetHints":{"allow":["GET"]}}],"collection":[{"href":"https:\/\/www.ub.edu\/ossma\/wp-json\/wp\/v2\/posts"}],"about":[{"href":"https:\/\/www.ub.edu\/ossma\/wp-json\/wp\/v2\/types\/post"}],"author":[{"embeddable":true,"href":"https:\/\/www.ub.edu\/ossma\/wp-json\/wp\/v2\/users\/1"}],"replies":[{"embeddable":true,"href":"https:\/\/www.ub.edu\/ossma\/wp-json\/wp\/v2\/comments?post=8333"}],"version-history":[{"count":8,"href":"https:\/\/www.ub.edu\/ossma\/wp-json\/wp\/v2\/posts\/8333\/revisions"}],"predecessor-version":[{"id":9455,"href":"https:\/\/www.ub.edu\/ossma\/wp-json\/wp\/v2\/posts\/8333\/revisions\/9455"}],"wp:featuredmedia":[{"embeddable":true,"href":"https:\/\/www.ub.edu\/ossma\/wp-json\/wp\/v2\/media\/8342"}],"wp:attachment":[{"href":"https:\/\/www.ub.edu\/ossma\/wp-json\/wp\/v2\/media?parent=8333"}],"wp:term":[{"taxonomy":"category","embeddable":true,"href":"https:\/\/www.ub.edu\/ossma\/wp-json\/wp\/v2\/categories?post=8333"},{"taxonomy":"post_tag","embeddable":true,"href":"https:\/\/www.ub.edu\/ossma\/wp-json\/wp\/v2\/tags?post=8333"}],"curies":[{"name":"wp","href":"https:\/\/api.w.org\/{rel}","templated":true}]}}