{"id":94283,"date":"2025-05-28T10:54:21","date_gmt":"2025-05-28T10:54:21","guid":{"rendered":"https:\/\/www.ub.edu\/ossma?p=94283"},"modified":"2026-02-17T07:53:04","modified_gmt":"2026-02-17T07:53:04","slug":"31-de-maig-dia-mundial-sense-tabac-2025","status":"publish","type":"post","link":"https:\/\/www.ub.edu\/ossma\/actualitat-atencio-social\/31-de-maig-dia-mundial-sense-tabac-2025","title":{"rendered":"31 de maig, Dia Mundial sense Tabac 2025"},"content":{"rendered":"\n<p>El lema central d&#8217;enguany de la campanya per al Dia Mundial sense Tabac 2025 \u00e9s:  <strong>Desemmascarant l&#8217;atractiu. <\/strong><\/p>\n\n\n\n<div class=\"wp-block-advgb-list\"><ul class=\"advgblist-f00dd840-cf3b-4466-a062-718156d44f1a\">\n<li>Els sabors atractius emmascaren veritats amargues.<\/li>\n\n\n\n<li>Colors brillants.<\/li>\n\n\n\n<li>Envasos brillants.<\/li>\n\n\n\n<li>La ind\u00fastria del tabac i la nicotina sap exactament qu\u00e8 fa.<\/li>\n<\/ul><\/div>\n\n\n\n<p>El 31 de maig \u00e9s el Dia Mundial Sense Tabac, l&#8217;Organitzaci\u00f3 Mundial de la Salut &#8211; OMS &#8211; i els organismes de la salut p\u00fablica d&#8217;arreu del m\u00f3n es reuniran per conscienciar sobre les t\u00e0ctiques nocives de la ind\u00fastria del tabac. Desemmascarant l&#8217;atractiu: exposant les t\u00e0ctiques de la ind\u00fastria sobre els productes de tabac i nicotina. La campanya d&#8217;aquest any t\u00e9 com a objectiu revelar les estrat\u00e8gies emprades per les ind\u00fastries del tabac i la nicotina per fer que els seus productes nocius siguin atractius, especialment per als joves. En exposar aquestes t\u00e0ctiques, l&#8217;OMS busca conscienciar, defensar pol\u00edtiques m\u00e9s fortes, inclosa la prohibici\u00f3 dels sabors que fan que els productes de tabac i nicotina siguin m\u00e9s atractius, i protegir la salut p\u00fablica.<\/p>\n\n\n\n<p>Per a m\u00e9s informaci\u00f3: <\/p>\n\n\n\n<ul class=\"wp-block-list\">\n<li><a href=\"https:\/\/www.who.int\/europe\/event\/world-no-tobacco-day-2025\" target=\"_blank\" rel=\"noreferrer noopener\">Organitzaci\u00f3 Mundial de la Salut <\/a><\/li>\n\n\n\n<li>Ag\u00e8ncia de Salut P\u00fablica de Catalunya (ASPCAT)\n<ul class=\"wp-block-list\">\n<li><a href=\"https:\/\/salutpublica.gencat.cat\/ca\/ambits\/promocio\/suma-salut\/dies-mundials\/setmana-sense-fum-2025\/index.html\" target=\"_blank\" rel=\"noreferrer noopener\">XXVI Setmana Sense Fum del 25 al 31 de maig de 2025<\/a><\/li>\n\n\n\n<li><a href=\"https:\/\/salutpublica.gencat.cat\/ca\/detalls\/Article\/sense-tabac-2025\">Dia Mundial sense Tabac 2025: Desemmascarem-los<\/a><\/li>\n<\/ul>\n<\/li>\n<\/ul>\n\n\n<div class=\"wp-block-image\">\n<figure class=\"aligncenter size-large\"><img fetchpriority=\"high\" decoding=\"async\" width=\"708\" height=\"400\" src=\"https:\/\/www.ub.edu\/ossma\/wp-content\/uploads\/2025\/05\/ssf2025lPER-WEBjpg-708x400.jpg\" alt=\"XXVI Setmana sense fum. Dona amb el premi: copa i poma. Codi QR amb les activitats de la UB Saludable que se celebraran del 25 al 31 de maig.\" class=\"wp-image-94249\" srcset=\"https:\/\/www.ub.edu\/ossma\/wp-content\/uploads\/2025\/05\/ssf2025lPER-WEBjpg-708x400.jpg 708w, https:\/\/www.ub.edu\/ossma\/wp-content\/uploads\/2025\/05\/ssf2025lPER-WEBjpg-750x424.jpg 750w, https:\/\/www.ub.edu\/ossma\/wp-content\/uploads\/2025\/05\/ssf2025lPER-WEBjpg-1536x868.jpg 1536w, https:\/\/www.ub.edu\/ossma\/wp-content\/uploads\/2025\/05\/ssf2025lPER-WEBjpg-2048x1157.jpg 2048w\" sizes=\"(max-width: 708px) 100vw, 708px\" \/><\/figure>\n<\/div>\n\n\n<p><\/p>\n\n\n\n<p><\/p>\n\n\n\n<p>La Universitat de Barcelona fa una crida per aconseguir espais lliures de fum dins i fora dels centres coincidint amb el Dia Mundial sense Tabac.<\/p>\n\n\n\n<p>Volem compartir aquest v\u00eddeo amb la comunitat universit\u00e0ria&nbsp;amb el qual es vol conscienciar a tothom de la import\u00e0ncia de deixar de fumar, mitjan\u00e7ant missatges curts i amb impacte com s\u00f3n: &nbsp;<\/p>\n\n\n\n<ul class=\"wp-block-list\">\n<li><strong>Tots tenim dret a respirar aire net<\/strong><\/li>\n\n\n\n<li><strong>Volem una Universitat lliure de fum<\/strong><\/li>\n\n\n\n<li><strong>Oi que saps que el fum del tabac \u00e9s t\u00f2xic?<\/strong><\/li>\n\n\n\n<li><strong>Veus que hauries de deixar de fumar?<\/strong><\/li>\n\n\n\n<li><strong>A l\u2019Oficina de Seguretat, Salut i Medi Ambient et podem ajudar<\/strong><\/li>\n\n\n\n<li><strong>Vine al Servei M\u00e8dic. Contacta amb nosaltres per correu <a href=\"mailto:medicinadeltreball.ossma@ub.edu\">medicinadeltreball.ossma@ub.edu<\/a>, o al tel\u00e8fon: 34 934 024 597<\/strong><\/li>\n\n\n\n<li><strong>Tamb\u00e9 pots venir a la Unitat d\u2019Atenci\u00f3 Social si necessites informaci\u00f3 sobre drogodepend\u00e8ncies. Pots contactar per correu <a href=\"mailto:atenciosocial.ossma@ub.edu\">atenciosocial.ossma@ub.edu<\/a>, o al tel\u00e8fon: 34 934 029 023<\/strong><\/li>\n\n\n\n<li><strong>Dep\u00e8n de tu<\/strong><br><strong>UB lliure de fum<\/strong><\/li>\n<\/ul>\n\n\n<div class=\"wp-block-image\">\n<figure class=\"aligncenter size-large is-resized\"><img decoding=\"async\" width=\"309\" height=\"400\" src=\"https:\/\/www.ub.edu\/ossma\/wp-content\/uploads\/2024\/05\/imatge-309x400.png\" alt=\"\" class=\"wp-image-61310\" style=\"width:177px;height:auto\" srcset=\"https:\/\/www.ub.edu\/ossma\/wp-content\/uploads\/2024\/05\/imatge-309x400.png 309w, https:\/\/www.ub.edu\/ossma\/wp-content\/uploads\/2024\/05\/imatge-386x500.png 386w, https:\/\/www.ub.edu\/ossma\/wp-content\/uploads\/2024\/05\/imatge.png 791w\" sizes=\"(max-width: 309px) 100vw, 309px\" \/><\/figure>\n<\/div>\n\n\n<p>Deixar de fumar \u00e9s&nbsp;possible i cada any milers de persones ho aconsegueixen. Hi ha evid\u00e8ncies que l\u2019ajuda personalitzada incrementa les possibilitats d\u2019\u00e8xit&nbsp;en el proc\u00e9s de deixar de fumar.&nbsp;&nbsp;<\/p>\n\n\n\n<p>Suma\u2019t a aquest repte!!!&nbsp;<\/p>\n\n\n\n<p>Compromet-te a deixar-ho!<\/p>\n\n\n\n<figure class=\"wp-block-embed is-type-video is-provider-youtube wp-block-embed-youtube wp-embed-aspect-16-9 wp-has-aspect-ratio\"><div class=\"wp-block-embed__wrapper\">\n<iframe title=\"Dia mundial sense tabac\" width=\"1200\" height=\"675\" src=\"https:\/\/www.youtube.com\/embed\/BWJyLg4j3to?feature=oembed\" frameborder=\"0\" allow=\"accelerometer; autoplay; clipboard-write; encrypted-media; gyroscope; picture-in-picture; web-share\" referrerpolicy=\"strict-origin-when-cross-origin\" allowfullscreen><\/iframe>\n<\/div><\/figure>\n\n\n\n<p><\/p>\n\n\n\n<p><\/p>\n\n\n\n<p><\/p>\n<style class=\"advgb-styles-renderer\">.wp-block-advgb-list ul.advgblist-f00dd840-cf3b-4466-a062-718156d44f1a > li{font-size:16px;}<\/style>","protected":false},"excerpt":{"rendered":"<p>El lema central d&#8217;enguany de la campanya de l&#8217;Organitzaci\u00f3 Mundial de la Salut per al Dia Mundial sense Tabac 2025 \u00e9s: Desemmascarant l&#8217;atractiu. <\/p>\n","protected":false},"author":1,"featured_media":94286,"comment_status":"closed","ping_status":"closed","sticky":false,"template":"","format":"standard","meta":{"advgb_blocks_editor_width":"","advgb_blocks_columns_visual_guide":"","footnotes":""},"categories":[3,21],"tags":[467,123,433,45],"class_list":["post-94283","post","type-post","status-publish","format-standard","has-post-thumbnail","hentry","category-actualitat-atencio-social","category-actualitat-medicina-del-treball","tag-apscat","tag-ods3","tag-oms","tag-salut"],"author_meta":{"display_name":"OSSMA","author_link":"https:\/\/www.ub.edu\/ossma\/author\/ossmau1"},"featured_img":"https:\/\/www.ub.edu\/ossma\/wp-content\/uploads\/2025\/05\/OMS-31-maig_-Dia-sense-fum-750x177.jpg","coauthors":[],"tax_additional":{"categories":{"linked":["<a href=\"https:\/\/www.ub.edu\/ossma\/actualitat-atencio-social\" class=\"advgb-post-tax-term\">Atenci\u00f3 social<\/a>","<a href=\"https:\/\/www.ub.edu\/ossma\/actualitat-medicina-del-treball\" class=\"advgb-post-tax-term\">Medicina del treball<\/a>"],"unlinked":["<span class=\"advgb-post-tax-term\">Atenci\u00f3 social<\/span>","<span class=\"advgb-post-tax-term\">Medicina del treball<\/span>"]},"tags":{"linked":["<a href=\"https:\/\/www.ub.edu\/ossma\/actualitat-medicina-del-treball\" class=\"advgb-post-tax-term\">APSCAT<\/a>","<a href=\"https:\/\/www.ub.edu\/ossma\/actualitat-medicina-del-treball\" class=\"advgb-post-tax-term\">ods3<\/a>","<a href=\"https:\/\/www.ub.edu\/ossma\/actualitat-medicina-del-treball\" class=\"advgb-post-tax-term\">OMS<\/a>","<a href=\"https:\/\/www.ub.edu\/ossma\/actualitat-medicina-del-treball\" class=\"advgb-post-tax-term\">salut<\/a>"],"unlinked":["<span class=\"advgb-post-tax-term\">APSCAT<\/span>","<span class=\"advgb-post-tax-term\">ods3<\/span>","<span class=\"advgb-post-tax-term\">OMS<\/span>","<span class=\"advgb-post-tax-term\">salut<\/span>"]}},"comment_count":"0","relative_dates":{"created":"Posted 11 mesos ago","modified":"Updated 2 mesos ago"},"absolute_dates":{"created":"Posted on 28\/05\/2025","modified":"Updated on 17\/02\/2026"},"absolute_dates_time":{"created":"Posted on 28\/05\/2025 10:54","modified":"Updated on 17\/02\/2026 7:53"},"featured_img_caption":"","series_order":"","_links":{"self":[{"href":"https:\/\/www.ub.edu\/ossma\/wp-json\/wp\/v2\/posts\/94283","targetHints":{"allow":["GET"]}}],"collection":[{"href":"https:\/\/www.ub.edu\/ossma\/wp-json\/wp\/v2\/posts"}],"about":[{"href":"https:\/\/www.ub.edu\/ossma\/wp-json\/wp\/v2\/types\/post"}],"author":[{"embeddable":true,"href":"https:\/\/www.ub.edu\/ossma\/wp-json\/wp\/v2\/users\/1"}],"replies":[{"embeddable":true,"href":"https:\/\/www.ub.edu\/ossma\/wp-json\/wp\/v2\/comments?post=94283"}],"version-history":[{"count":8,"href":"https:\/\/www.ub.edu\/ossma\/wp-json\/wp\/v2\/posts\/94283\/revisions"}],"predecessor-version":[{"id":95873,"href":"https:\/\/www.ub.edu\/ossma\/wp-json\/wp\/v2\/posts\/94283\/revisions\/95873"}],"wp:featuredmedia":[{"embeddable":true,"href":"https:\/\/www.ub.edu\/ossma\/wp-json\/wp\/v2\/media\/94286"}],"wp:attachment":[{"href":"https:\/\/www.ub.edu\/ossma\/wp-json\/wp\/v2\/media?parent=94283"}],"wp:term":[{"taxonomy":"category","embeddable":true,"href":"https:\/\/www.ub.edu\/ossma\/wp-json\/wp\/v2\/categories?post=94283"},{"taxonomy":"post_tag","embeddable":true,"href":"https:\/\/www.ub.edu\/ossma\/wp-json\/wp\/v2\/tags?post=94283"}],"curies":[{"name":"wp","href":"https:\/\/api.w.org\/{rel}","templated":true}]}}