{"id":94745,"date":"2025-07-31T09:17:54","date_gmt":"2025-07-31T09:17:54","guid":{"rendered":"https:\/\/www.ub.edu\/ossma?p=94745"},"modified":"2025-07-31T09:22:29","modified_gmt":"2025-07-31T09:22:29","slug":"consums-2025-juny","status":"publish","type":"post","link":"https:\/\/www.ub.edu\/ossma\/actualitat-medi-ambient\/consums-2025-juny","title":{"rendered":"Els consums d&#8217;energia i aigua augmenten durant el primer semestre"},"content":{"rendered":"\n<p>Durant el primer semestre de 2025, el consum d\u2019electricitat, gas i aigua a la Universitat de Barcelona ha crescut, respecte al mateix per\u00edode de 2024, un 3,5\u00a0%, 10,6\u00a0% i 11,2\u00a0%, respectivament.<\/p>\n\n\n<div class=\"wp-block-image\">\n<figure class=\"aligncenter size-full\"><img fetchpriority=\"high\" decoding=\"async\" width=\"1366\" height=\"940\" src=\"https:\/\/www.ub.edu\/ossma\/wp-content\/uploads\/2025\/07\/consum-ub-2024-t2.jpg\" alt=\"Infografia del consum d'energia i aigua a la UB durant el primer semestre del 2025\" class=\"wp-image-94732\" srcset=\"https:\/\/www.ub.edu\/ossma\/wp-content\/uploads\/2025\/07\/consum-ub-2024-t2.jpg 1366w, https:\/\/www.ub.edu\/ossma\/wp-content\/uploads\/2025\/07\/consum-ub-2024-t2-727x500.jpg 727w, https:\/\/www.ub.edu\/ossma\/wp-content\/uploads\/2025\/07\/consum-ub-2024-t2-581x400.jpg 581w\" sizes=\"(max-width: 1366px) 100vw, 1366px\" \/><\/figure>\n<\/div>\n\n\n<p>Els consums acumulats entre els mesos de gener i juny s\u00f3n els seg\u00fcents:<\/p>\n\n\n\n<ul class=\"wp-block-list\">\n<li>Electricitat, 15.379.570 kWh\u00a0(3,5\u00a0% m\u00e9s que l\u2019any 2024).<\/li>\n\n\n\n<li>Gas, 620.768 m<sup>3<\/sup>\u00a0(10,6\u00a0% m\u00e9s que l\u2019any 2024).<\/li>\n\n\n\n<li>Aigua, 65.439 m<sup>3<\/sup>\u00a0(11,2\u00a0% m\u00e9s que l\u2019any 2024).<\/li>\n<\/ul>\n\n\n<div class=\"wp-block-image\">\n<figure class=\"aligncenter size-full\"><img decoding=\"async\" width=\"1256\" height=\"679\" src=\"https:\/\/www.ub.edu\/ossma\/wp-content\/uploads\/2025\/07\/consum-electricitat-2024-t2.jpg\" alt=\"Gr\u00e0fic del consum d'electricitat a la UB durant el primer semestre del 2025\" class=\"wp-image-94738\" srcset=\"https:\/\/www.ub.edu\/ossma\/wp-content\/uploads\/2025\/07\/consum-electricitat-2024-t2.jpg 1256w, https:\/\/www.ub.edu\/ossma\/wp-content\/uploads\/2025\/07\/consum-electricitat-2024-t2-750x405.jpg 750w, https:\/\/www.ub.edu\/ossma\/wp-content\/uploads\/2025\/07\/consum-electricitat-2024-t2-740x400.jpg 740w\" sizes=\"(max-width: 1256px) 100vw, 1256px\" \/><\/figure>\n<\/div>\n\n\n<p>Pel que fa a l\u2019evoluci\u00f3 del consum d\u2019electricitat per centres, s\u2019ha assolit una reducci\u00f3 a la Facultat d\u2019Informaci\u00f3 i Mitjans Audiovisuals (-30,7\u00a0%), al Pavell\u00f3 Rosa (-17,3\u00a0%), i a l\u2019edifici Sol\u00e9 i Sabaris dels CCiTUB (-1,8\u00a0%). S\u2019ha mantingut estable a les facultats de Filosofia i de Geografia i Hist\u00f2ria (-0,2\u00a0%) i a la Facultat de Biologia (+0,3\u00a0%). La resta de centres han augmentat el consum.<\/p>\n\n\n<div class=\"wp-block-image\">\n<figure class=\"aligncenter size-full\"><img decoding=\"async\" width=\"1256\" height=\"697\" src=\"https:\/\/www.ub.edu\/ossma\/wp-content\/uploads\/2025\/07\/consum-gas-2024-t2.jpg\" alt=\"Gr\u00e0fic del consum de gas a la UB durant el primer semestre del 2025\" class=\"wp-image-94735\" srcset=\"https:\/\/www.ub.edu\/ossma\/wp-content\/uploads\/2025\/07\/consum-gas-2024-t2.jpg 1256w, https:\/\/www.ub.edu\/ossma\/wp-content\/uploads\/2025\/07\/consum-gas-2024-t2-750x416.jpg 750w, https:\/\/www.ub.edu\/ossma\/wp-content\/uploads\/2025\/07\/consum-gas-2024-t2-721x400.jpg 721w\" sizes=\"(max-width: 1256px) 100vw, 1256px\" \/><\/figure>\n<\/div>\n\n\n<p>El consum de gas s\u2019ha redu\u00eft al Campus Torribera (-31,9\u00a0%), a l\u2019edifici Sol\u00e9 i Sabaris dels CCiTUB (-17,2\u00a0%), al Campus Bellvitge (-15,8\u00a0%), i en menor proporci\u00f3 a la Facultat de Dret (-0,7\u00a0%). La resta de centres han augmentat el consum.<\/p>\n\n\n<div class=\"wp-block-image\">\n<figure class=\"aligncenter size-full\"><img loading=\"lazy\" decoding=\"async\" width=\"1257\" height=\"674\" src=\"https:\/\/www.ub.edu\/ossma\/wp-content\/uploads\/2025\/07\/consum-aigua-2024-t2.jpg\" alt=\"Gr\u00e0fic del consum d'aigua a la UB durant el primer semestre del 2025\" class=\"wp-image-94741\" srcset=\"https:\/\/www.ub.edu\/ossma\/wp-content\/uploads\/2025\/07\/consum-aigua-2024-t2.jpg 1257w, https:\/\/www.ub.edu\/ossma\/wp-content\/uploads\/2025\/07\/consum-aigua-2024-t2-750x402.jpg 750w, https:\/\/www.ub.edu\/ossma\/wp-content\/uploads\/2025\/07\/consum-aigua-2024-t2-746x400.jpg 746w\" sizes=\"(max-width: 1257px) 100vw, 1257px\" \/><\/figure>\n<\/div>\n\n\n<p>El consum d\u2019aigua s&#8217;ha redu\u00eft al Pavell\u00f3 Rosa (-21,3\u00a0%), a la Facultat d\u2019Informaci\u00f3 i Mitjans Audiovisuals (-19,3\u00a0%), i en menor proporci\u00f3 a les facultats de F\u00edsica i de Qu\u00edmica (-6,7\u00a0%), a la Facultat de Belles Arts (-4,7\u00a0%) i a l\u2019edifici Sol\u00e9 i Sabaris dels CCiTUB (-1,8\u00a0%). La resta de centres han augmentat el consum.<\/p>\n\n\n\n<p>Per evitar el malbaratament d\u2019energia i aigua a la UB, recordeu que tots en som responsables. Podeu consultar bones pr\u00e0ctiques d\u2019estalvi d\u2019aigua i energia en els espais dedicats a la&nbsp;<a href=\"https:\/\/www.ub.edu\/ossma\/medi-ambient\/consum-responsable\/campanya-estalvi-aigua\">campanya d\u2019estalvi d\u2019aigua \u00abL\u2019aigua no cau del cel\u00bb<\/a>, i a la&nbsp;<a href=\"https:\/\/www.ub.edu\/ossma\/medi-ambient\/consum-responsable\/campanya-estalvi-energetic-en-som-responsables\">campanya d\u2019estalvi energ\u00e8tic \u00abEn som responsables\u00bb<\/a>.<\/p>\n","protected":false},"excerpt":{"rendered":"<p>Durant el primer semestre de 2025, el consum d\u2019electricitat, gas i aigua ha crescut, respecte al mateix per\u00edode de 2024, un 3,5 %, 10,6\u00a0% i 11,2\u00a0%, respectivament. <\/p>\n","protected":false},"author":1,"featured_media":35895,"comment_status":"closed","ping_status":"closed","sticky":false,"template":"","format":"standard","meta":{"advgb_blocks_editor_width":"","advgb_blocks_columns_visual_guide":"","footnotes":""},"categories":[20],"tags":[72,224,98,26,124,127,128],"class_list":["post-94745","post","type-post","status-publish","format-standard","has-post-thumbnail","hentry","category-actualitat-medi-ambient","tag-aigua","tag-comuniconsums","tag-consum-responsable","tag-energia","tag-ods12","tag-ods6","tag-ods7"],"author_meta":{"display_name":"OSSMA","author_link":"https:\/\/www.ub.edu\/ossma\/author\/ossmau1"},"featured_img":"https:\/\/www.ub.edu\/ossma\/wp-content\/uploads\/2022\/02\/comuniconsums-300x71.png","coauthors":[],"tax_additional":{"categories":{"linked":["<a href=\"https:\/\/www.ub.edu\/ossma\/actualitat-medi-ambient\" class=\"advgb-post-tax-term\">Medi Ambient<\/a>"],"unlinked":["<span class=\"advgb-post-tax-term\">Medi Ambient<\/span>"]},"tags":{"linked":["<a href=\"https:\/\/www.ub.edu\/ossma\/actualitat-medi-ambient\" class=\"advgb-post-tax-term\">aigua<\/a>","<a href=\"https:\/\/www.ub.edu\/ossma\/actualitat-medi-ambient\" class=\"advgb-post-tax-term\">comuniconsums<\/a>","<a href=\"https:\/\/www.ub.edu\/ossma\/actualitat-medi-ambient\" class=\"advgb-post-tax-term\">consum responsable<\/a>","<a href=\"https:\/\/www.ub.edu\/ossma\/actualitat-medi-ambient\" class=\"advgb-post-tax-term\">energia<\/a>","<a href=\"https:\/\/www.ub.edu\/ossma\/actualitat-medi-ambient\" class=\"advgb-post-tax-term\">ods12<\/a>","<a href=\"https:\/\/www.ub.edu\/ossma\/actualitat-medi-ambient\" class=\"advgb-post-tax-term\">ods6<\/a>","<a href=\"https:\/\/www.ub.edu\/ossma\/actualitat-medi-ambient\" class=\"advgb-post-tax-term\">ods7<\/a>"],"unlinked":["<span class=\"advgb-post-tax-term\">aigua<\/span>","<span class=\"advgb-post-tax-term\">comuniconsums<\/span>","<span class=\"advgb-post-tax-term\">consum responsable<\/span>","<span class=\"advgb-post-tax-term\">energia<\/span>","<span class=\"advgb-post-tax-term\">ods12<\/span>","<span class=\"advgb-post-tax-term\">ods6<\/span>","<span class=\"advgb-post-tax-term\">ods7<\/span>"]}},"comment_count":"0","relative_dates":{"created":"Posted 9 mesos ago","modified":"Updated 9 mesos ago"},"absolute_dates":{"created":"Posted on 31\/07\/2025","modified":"Updated on 31\/07\/2025"},"absolute_dates_time":{"created":"Posted on 31\/07\/2025 9:17","modified":"Updated on 31\/07\/2025 9:22"},"featured_img_caption":"","series_order":"","_links":{"self":[{"href":"https:\/\/www.ub.edu\/ossma\/wp-json\/wp\/v2\/posts\/94745","targetHints":{"allow":["GET"]}}],"collection":[{"href":"https:\/\/www.ub.edu\/ossma\/wp-json\/wp\/v2\/posts"}],"about":[{"href":"https:\/\/www.ub.edu\/ossma\/wp-json\/wp\/v2\/types\/post"}],"author":[{"embeddable":true,"href":"https:\/\/www.ub.edu\/ossma\/wp-json\/wp\/v2\/users\/1"}],"replies":[{"embeddable":true,"href":"https:\/\/www.ub.edu\/ossma\/wp-json\/wp\/v2\/comments?post=94745"}],"version-history":[{"count":7,"href":"https:\/\/www.ub.edu\/ossma\/wp-json\/wp\/v2\/posts\/94745\/revisions"}],"predecessor-version":[{"id":94805,"href":"https:\/\/www.ub.edu\/ossma\/wp-json\/wp\/v2\/posts\/94745\/revisions\/94805"}],"wp:featuredmedia":[{"embeddable":true,"href":"https:\/\/www.ub.edu\/ossma\/wp-json\/wp\/v2\/media\/35895"}],"wp:attachment":[{"href":"https:\/\/www.ub.edu\/ossma\/wp-json\/wp\/v2\/media?parent=94745"}],"wp:term":[{"taxonomy":"category","embeddable":true,"href":"https:\/\/www.ub.edu\/ossma\/wp-json\/wp\/v2\/categories?post=94745"},{"taxonomy":"post_tag","embeddable":true,"href":"https:\/\/www.ub.edu\/ossma\/wp-json\/wp\/v2\/tags?post=94745"}],"curies":[{"name":"wp","href":"https:\/\/api.w.org\/{rel}","templated":true}]}}