{"id":94892,"date":"2025-09-23T09:18:37","date_gmt":"2025-09-23T09:18:37","guid":{"rendered":"https:\/\/www.ub.edu\/ossma?p=94892"},"modified":"2026-03-31T11:36:09","modified_gmt":"2026-03-31T11:36:09","slug":"activitats-setmana-saludable-2025","status":"publish","type":"post","link":"https:\/\/www.ub.edu\/ossma\/actualitat-atencio-social\/activitats-setmana-saludable-2025","title":{"rendered":"Activitats Setmana Saludable 2025"},"content":{"rendered":"\n<p>Des de l&#8217;Oficina de Seguretat, Salut i Medi Ambient us informem que, amb motiu de la Setmana de les Universitats Saludables que se celebra del 29 de setembre al 3 d&#8217;octubre, la Universitat de Barcelona a trav\u00e9s de la <a href=\"https:\/\/web.ub.edu\/es\/web\/universitat-saludable\/w\/setmana-universitats-saludables\" target=\"_blank\" rel=\"noreferrer noopener\">Universitat Saludable<\/a> de la UB s&#8217;han preparat conjuntament amb el Servei d&#8217;Esports i el Servei M\u00e8dic i amb la col\u00b7laboraci\u00f3 amb el Banc de Sang i Teixits de la Generalitat de Catalunya i amb l&#8217;Associaci\u00f3 contra el C\u00e0ncer a Barcelona tot un seguit d&#8217;activitats que us detallem a continuaci\u00f3.<\/p>\n\n\n\n<table class=\"wp-block-advgb-table advgb-table-frontend\"><tbody><tr><td><strong> &#8211; <\/strong><a href=\"https:\/\/www.ub.edu\/esports\/\" target=\"_blank\" rel=\"noreferrer noopener\"><strong>Servei d\u2019Esports<\/strong><\/a> de la UB, del 29 de setembre a l&#8217;1 d\u2019octubre<\/td><\/tr><\/tbody><\/table>\n\n\n\n<ul class=\"wp-block-list\">\n<li><strong>Dilluns 29 de setembre:<\/strong>\n<ul class=\"wp-block-list\">\n<li>Sessi\u00f3 de <strong>mobilitat<\/strong> a la sala de fitness de 20:00 a 21:00 h.<\/li>\n<\/ul>\n<\/li>\n\n\n\n<li><strong>Dimarts 30 de setembre:<\/strong>\n<ul class=\"wp-block-list\">\n<li>Sessi\u00f3 de <strong>Ioga<\/strong> a la sala superior de dirigides (zona pavell\u00f3) d&#8217;11:00 a 12:00 h.<\/li>\n\n\n\n<li>Sessi\u00f3 de <strong>Body Balance<\/strong> a la sala inferior de dirigides (zona pavell\u00f3) de 19:00 a 20:00 h.<\/li>\n\n\n\n<li>Sessi\u00f3 de <strong>Cal\u00b7list\u00e8nia<\/strong> al costat de la sala de fitness de 18:00 a 19:00 h.<\/li>\n<\/ul>\n<\/li>\n\n\n\n<li><strong>Dimecres 1 d\u2019octubre:<\/strong>\n<ul class=\"wp-block-list\">\n<li>Sessi\u00f3 de <strong>Body Pump<\/strong> de 9:30 a 10:30 h a la sala inferior de dirigides (zona pavell\u00f3).<\/li>\n\n\n\n<li>Sessi\u00f3 de <strong>Body Pump<\/strong> de 10:30 a 11:30 h a la sala inferior de dirigides (zona pavell\u00f3).<\/li>\n\n\n\n<li>Sessi\u00f3 a <strong>l\u2019aire lliure<\/strong>. Entrenament Zona Cubofit de 20:00 a 21:00 h.<\/li>\n<\/ul>\n<\/li>\n<\/ul>\n\n\n\n<p>Entrada lliure i en totes les sessions hi haur\u00e0 sorteig de material!<\/p>\n\n\n\n<table class=\"wp-block-advgb-table advgb-table-frontend\"><tbody><tr><td>&#8211; <strong>Aula Capella de la <\/strong><a href=\"https:\/\/www.ub.edu\/portal\/web\/dret\" target=\"_blank\" rel=\"noreferrer noopener\"><strong>Facultat de Dret<\/strong><\/a><strong>, dia 1 d\u2019octubre de 12:00 a 13:30<\/strong> <strong>h.<\/strong><\/td><\/tr><\/tbody><\/table>\n\n\n\n<p>El <a href=\"https:\/\/www.ub.edu\/ossma\/es\">Servei M\u00e8dic de la UB,<\/a> ofereix un <strong>taller de Suport Vital B\u00e0sic i \u00fas de desfibril\u00b7ladors<\/strong>\u00a0on \u00a0podr\u00e0s aprendre a recon\u00e8ixer una aturada card\u00edaca, com realitzar les maniobres de reanimaci\u00f3 (RCP) i com utilitzar el desfibril\u00b7lador (DEA). (Entrada lliure amb aforament limitat).<br><a href=\"https:\/\/ccr.cat\/wp-content\/uploads\/2019\/09\/diptic_cat-1.pdf\" target=\"_blank\" rel=\"noreferrer noopener\">Cada dia entre 8 i 10 persones pateixen una aturada card\u00edaca a Catalunya. Sabries ajudar-les?<\/a><\/p>\n\n\n\n<p><\/p>\n\n\n\n<table class=\"wp-block-advgb-table advgb-table-frontend\"><tbody><tr><td>&#8211; <strong>Vest\u00edbul &nbsp;principal de<a href=\"https:\/\/mat.ub.edu\/es\/\" target=\"_blank\" rel=\"noreferrer noopener\"> l\u2019Edifici Hist\u00f2ric<\/a>, dia 3 d\u2019octubre de 9 h a 14 h.<\/strong><\/td><\/tr><\/tbody><\/table>\n\n\n\n<p><strong>Donaci\u00f3 de sang i donaci\u00f3 de moll d\u2019os. (Banc de Sang i Teixits)<\/strong><\/p>\n\n\n\n<p>Primera donaci\u00f3 a diversos espais de la UB en aquest curs 25\/26.<\/p>\n\n\n\n<ul class=\"wp-block-list\">\n<li><strong> <strong>Requisits per participar en la donaci\u00f3<\/strong>:<\/strong>\n<ul class=\"wp-block-list\">\n<li>Tenir entre 18 i 70 anys.<\/li>\n\n\n\n<li>Pesar m\u00e9s de 50 kg.<\/li>\n\n\n\n<li>Si ets dona, no estar embarassada.<\/li>\n\n\n\n<li>Estar b\u00e9 de salut<\/li>\n\n\n\n<li>Imprescindible portar un document oficial identificatiu (DNI\/NIE, passaport o carnet de conduir) i no vindre en dej\u00fa.<\/li>\n<\/ul>\n<\/li>\n<\/ul>\n\n\n\n<p><a href=\"https:\/\/urldefense.com\/v3\/__https:\/www.bancsang.net\/ca\/donacions\/sang\/recollida\/poblacio\/6962\/barcelona\/03-10-2025\/__;!!D9dNQwwGXtA!WVuCQsv5XJn1252vsAvZI56htUEaneSH1J37uiPnJP7wwAHccHDjiP0Y4z4MpwIlTFXkpqZJwkfXzCsK0Q$\" target=\"_blank\" rel=\"noreferrer noopener\">Apunta&#8217;t per donar sang | Sang | Donacions | Banc de Sang i Teixits<\/a><strong>. No \u00e9s necessari inscriure\u2019s per\u00f2 s\u00ed recomanable.<\/strong><\/p>\n\n\n\n<p><br><strong>&nbsp;Taula itinerant de l&#8217;Associaci\u00f3 Espanyola Contra el C\u00e0ncer sobre el Tabac i Nous Dispositius (<\/strong><a href=\"https:\/\/www.contraelcancer.es\/ca?utm_source=google&amp;utm_medium=organic&amp;utm_campaign=myBusiness&amp;utm_term=spBarcelona\" target=\"_blank\" rel=\"noreferrer noopener\"><strong>AECC &#8211; Barcelona<\/strong><\/a><strong>)<\/strong><\/p>\n\n\n\n<p>L\u2019objectiu \u00e9s sensibilitzar i divulgar els efectes perjudicials del tabac i dels nous dispositius de consum, aix\u00ed com promoure la prevenci\u00f3 del tabaquisme en la comunitat universit\u00e0ria.<\/p>\n\n\n\n<p><\/p>\n","protected":false},"excerpt":{"rendered":"<p> Setmana de les Universitats Saludables que se celebra del 29 de setembre al 3 d&#8217;octubre.<\/p>\n","protected":false},"author":1,"featured_media":38240,"comment_status":"closed","ping_status":"closed","sticky":false,"template":"","format":"standard","meta":{"advgb_blocks_editor_width":"","advgb_blocks_columns_visual_guide":"","footnotes":""},"categories":[3,21],"tags":[472,389,123,45,50],"class_list":["post-94892","post","type-post","status-publish","format-standard","has-post-thumbnail","hentry","category-actualitat-atencio-social","category-actualitat-medicina-del-treball","tag-banc-de-sang-i-teixits","tag-esports-ub","tag-ods3","tag-salut","tag-ub-saludable"],"author_meta":{"display_name":"OSSMA","author_link":"https:\/\/www.ub.edu\/ossma\/author\/ossmau1"},"featured_img":"https:\/\/www.ub.edu\/ossma\/wp-content\/uploads\/2022\/04\/1270x300-ossma-informa-300x71.png","coauthors":[],"tax_additional":{"categories":{"linked":["<a href=\"https:\/\/www.ub.edu\/ossma\/actualitat-atencio-social\" class=\"advgb-post-tax-term\">Atenci\u00f3 social<\/a>","<a href=\"https:\/\/www.ub.edu\/ossma\/actualitat-medicina-del-treball\" class=\"advgb-post-tax-term\">Medicina del treball<\/a>"],"unlinked":["<span class=\"advgb-post-tax-term\">Atenci\u00f3 social<\/span>","<span class=\"advgb-post-tax-term\">Medicina del treball<\/span>"]},"tags":{"linked":["<a href=\"https:\/\/www.ub.edu\/ossma\/actualitat-medicina-del-treball\" class=\"advgb-post-tax-term\">Banc de Sang i Teixits<\/a>","<a href=\"https:\/\/www.ub.edu\/ossma\/actualitat-medicina-del-treball\" class=\"advgb-post-tax-term\">Esports UB<\/a>","<a href=\"https:\/\/www.ub.edu\/ossma\/actualitat-medicina-del-treball\" class=\"advgb-post-tax-term\">ods3<\/a>","<a href=\"https:\/\/www.ub.edu\/ossma\/actualitat-medicina-del-treball\" class=\"advgb-post-tax-term\">salut<\/a>","<a href=\"https:\/\/www.ub.edu\/ossma\/actualitat-medicina-del-treball\" class=\"advgb-post-tax-term\">UB Saludable<\/a>"],"unlinked":["<span class=\"advgb-post-tax-term\">Banc de Sang i Teixits<\/span>","<span class=\"advgb-post-tax-term\">Esports UB<\/span>","<span class=\"advgb-post-tax-term\">ods3<\/span>","<span class=\"advgb-post-tax-term\">salut<\/span>","<span class=\"advgb-post-tax-term\">UB Saludable<\/span>"]}},"comment_count":"0","relative_dates":{"created":"Posted 7 mesos ago","modified":"Updated 1 mes ago"},"absolute_dates":{"created":"Posted on 23\/09\/2025","modified":"Updated on 31\/03\/2026"},"absolute_dates_time":{"created":"Posted on 23\/09\/2025 9:18","modified":"Updated on 31\/03\/2026 11:36"},"featured_img_caption":"","series_order":"","_links":{"self":[{"href":"https:\/\/www.ub.edu\/ossma\/wp-json\/wp\/v2\/posts\/94892","targetHints":{"allow":["GET"]}}],"collection":[{"href":"https:\/\/www.ub.edu\/ossma\/wp-json\/wp\/v2\/posts"}],"about":[{"href":"https:\/\/www.ub.edu\/ossma\/wp-json\/wp\/v2\/types\/post"}],"author":[{"embeddable":true,"href":"https:\/\/www.ub.edu\/ossma\/wp-json\/wp\/v2\/users\/1"}],"replies":[{"embeddable":true,"href":"https:\/\/www.ub.edu\/ossma\/wp-json\/wp\/v2\/comments?post=94892"}],"version-history":[{"count":33,"href":"https:\/\/www.ub.edu\/ossma\/wp-json\/wp\/v2\/posts\/94892\/revisions"}],"predecessor-version":[{"id":98357,"href":"https:\/\/www.ub.edu\/ossma\/wp-json\/wp\/v2\/posts\/94892\/revisions\/98357"}],"wp:featuredmedia":[{"embeddable":true,"href":"https:\/\/www.ub.edu\/ossma\/wp-json\/wp\/v2\/media\/38240"}],"wp:attachment":[{"href":"https:\/\/www.ub.edu\/ossma\/wp-json\/wp\/v2\/media?parent=94892"}],"wp:term":[{"taxonomy":"category","embeddable":true,"href":"https:\/\/www.ub.edu\/ossma\/wp-json\/wp\/v2\/categories?post=94892"},{"taxonomy":"post_tag","embeddable":true,"href":"https:\/\/www.ub.edu\/ossma\/wp-json\/wp\/v2\/tags?post=94892"}],"curies":[{"name":"wp","href":"https:\/\/api.w.org\/{rel}","templated":true}]}}