{"id":96497,"date":"2026-01-26T13:23:22","date_gmt":"2026-01-26T13:23:22","guid":{"rendered":"https:\/\/www.ub.edu\/ossma?p=96497"},"modified":"2026-01-26T13:23:27","modified_gmt":"2026-01-26T13:23:27","slug":"23-cadires","status":"publish","type":"post","link":"https:\/\/www.ub.edu\/ossma\/reubtilitzem\/23-cadires","title":{"rendered":"23 cadires"},"content":{"rendered":"<p>23 cadires blaves de pl\u00e0stic dur. S\u00f2lides i c\u00f2modes.<\/p>\n<p>Correu electr\u00f2nic: ufr.treball.social@ub.edu<br \/>\nPersona de contacte: Mart\u00ed Fabregat<br \/>\nUnitat \/ Departament: Unitat de Formaci\u00f3 i Recerca | Escola de Treball Social. Campus Mundet &#8211; Edifici Llevant | Pg. de la Vall d&#8217;Hebron, 171 | 08035 Barcelona<\/p>\n<p>Dimensions per al trasllat: llarg \/ ample \/ al\u00e7ada (en cm): *<\/p>\n<p><a href=\"https:\/\/www.ub.edu\/ossma\/wp-content\/uploads\/2026\/01\/IMG_20260122_141253.jpg\"><img decoding=\"async\" class=\"size-thumbnail wp-image-96496\" src=\"https:\/\/www.ub.edu\/ossma\/wp-content\/uploads\/2026\/01\/IMG_20260122_141253-200x200.jpg\" alt=\"\" width=\"300\" height=\"auto\" \/><\/a><\/p>\n","protected":false},"excerpt":{"rendered":"<p>23 cadires blaves de pl\u00e0stic dur. S\u00f2lides i c\u00f2modes.<\/p>\n","protected":false},"author":10,"featured_media":96496,"comment_status":"closed","ping_status":"closed","sticky":false,"template":"","format":"standard","meta":{"advgb_blocks_editor_width":"","advgb_blocks_columns_visual_guide":"","footnotes":""},"categories":[321,319],"tags":[],"class_list":["post-96497","post","type-post","status-publish","format-standard","has-post-thumbnail","hentry","category-mobiliari","category-reubtilitzem"],"author_meta":{"display_name":"Invitat","author_link":"https:\/\/www.ub.edu\/ossma\/author\/invitat"},"featured_img":"https:\/\/www.ub.edu\/ossma\/wp-content\/uploads\/2026\/01\/IMG_20260122_141253-664x500.jpg","coauthors":[],"tax_additional":{"categories":{"linked":["<a href=\"https:\/\/www.ub.edu\/ossma\/reubtilitzem\/mobiliari\" class=\"advgb-post-tax-term\">Mobiliari<\/a>","<a href=\"https:\/\/www.ub.edu\/ossma\/reubtilitzem\" class=\"advgb-post-tax-term\">ReUBtilitzem<\/a>"],"unlinked":["<span class=\"advgb-post-tax-term\">Mobiliari<\/span>","<span class=\"advgb-post-tax-term\">ReUBtilitzem<\/span>"]}},"comment_count":"0","relative_dates":{"created":"Posted 3 mesos ago","modified":"Updated 3 mesos ago"},"absolute_dates":{"created":"Posted on 26\/01\/2026","modified":"Updated on 26\/01\/2026"},"absolute_dates_time":{"created":"Posted on 26\/01\/2026 13:23","modified":"Updated on 26\/01\/2026 13:23"},"featured_img_caption":"","series_order":"","_links":{"self":[{"href":"https:\/\/www.ub.edu\/ossma\/wp-json\/wp\/v2\/posts\/96497","targetHints":{"allow":["GET"]}}],"collection":[{"href":"https:\/\/www.ub.edu\/ossma\/wp-json\/wp\/v2\/posts"}],"about":[{"href":"https:\/\/www.ub.edu\/ossma\/wp-json\/wp\/v2\/types\/post"}],"author":[{"embeddable":true,"href":"https:\/\/www.ub.edu\/ossma\/wp-json\/wp\/v2\/users\/10"}],"replies":[{"embeddable":true,"href":"https:\/\/www.ub.edu\/ossma\/wp-json\/wp\/v2\/comments?post=96497"}],"version-history":[{"count":1,"href":"https:\/\/www.ub.edu\/ossma\/wp-json\/wp\/v2\/posts\/96497\/revisions"}],"predecessor-version":[{"id":96614,"href":"https:\/\/www.ub.edu\/ossma\/wp-json\/wp\/v2\/posts\/96497\/revisions\/96614"}],"wp:featuredmedia":[{"embeddable":true,"href":"https:\/\/www.ub.edu\/ossma\/wp-json\/wp\/v2\/media\/96496"}],"wp:attachment":[{"href":"https:\/\/www.ub.edu\/ossma\/wp-json\/wp\/v2\/media?parent=96497"}],"wp:term":[{"taxonomy":"category","embeddable":true,"href":"https:\/\/www.ub.edu\/ossma\/wp-json\/wp\/v2\/categories?post=96497"},{"taxonomy":"post_tag","embeddable":true,"href":"https:\/\/www.ub.edu\/ossma\/wp-json\/wp\/v2\/tags?post=96497"}],"curies":[{"name":"wp","href":"https:\/\/api.w.org\/{rel}","templated":true}]}}