{"id":96601,"date":"2026-01-27T12:29:14","date_gmt":"2026-01-27T12:29:14","guid":{"rendered":"https:\/\/www.ub.edu\/ossma?p=96601"},"modified":"2026-02-17T07:41:04","modified_gmt":"2026-02-17T07:41:04","slug":"lossma-informa-10","status":"publish","type":"post","link":"https:\/\/www.ub.edu\/ossma\/actualitat-atencio-social\/lossma-informa-10","title":{"rendered":"L&#8217;OSSMA informa"},"content":{"rendered":"\n<p>Des de l&#8217;Oficina de Seguretat, Salut i Medi Ambient (OSSMA) es vol donar visibilitat al <strong>Dia Mundial contra el C\u00e0ncer<\/strong> que se celebrar\u00e0 el dia 4 de febrer.<\/p>\n\n\n\n<p>L&#8217;objectiu d&#8217;aquesta celebraci\u00f3, promoguda per la Uni\u00f3 Internacional per al Control del C\u00e0ncer (UICC, per les seves sigles en angl\u00e8s) amb el suport de l&#8217;Organitzaci\u00f3 Mundial de la Salut (<a href=\"https:\/\/www.worldcancerday.org\/\" target=\"_blank\" rel=\"noreferrer noopener\">OMS<\/a>), \u00e9s sensibilitzar la poblaci\u00f3 mundial sobre el c\u00e0ncer, amb una incid\u00e8ncia especial en l&#8217;\u00e0mbit de la prevenci\u00f3.<\/p>\n\n\n\n<p>El c\u00e0ncer \u00e9s una malaltia que es caracteritza per una alteraci\u00f3 en el cicle de vida de les c\u00e8l\u00b7lules del cos. Normalment, les c\u00e8l\u00b7lules creixen i es divideixen per formar noves c\u00e8l\u00b7lules necess\u00e0ries per a l&#8217;organisme. Quan envelleixen i moren s\u00f3n reempla\u00e7ades per les noves. A vegades les c\u00e8l\u00b7lules no moren quan ho haurien de fer i alhora en van creant de noves, de manera que el cos disposa d\u2019un exc\u00e9s de c\u00e8l\u00b7lules que no necessita. Aquestes c\u00e8l\u00b7lules poden formar una massa i envair teixits propers o b\u00e9 disseminar-se per altres parts del cos.<\/p>\n\n\n\n<p>El <strong>dimecres 4 de febre<\/strong>r des del <a href=\"https:\/\/www.ub.edu\/esports\/\" target=\"_blank\" rel=\"noreferrer noopener\">Servei d&#8217;Esports<\/a> s&#8217;oferiran activitats obertes a tota la comunitat universit\u00e0ria.<\/p>\n\n\n\n<h2 class=\"wp-block-heading\">Activitats<\/h2>\n\n\n\n<ul class=\"wp-block-list\">\n<li>9:30 hores: SESSI\u00d3 DE BODY PUMP.<\/li>\n<\/ul>\n\n\n\n<ul class=\"wp-block-list\">\n<li>11:30 hores: DOBLE SESSI\u00d3 DE GRIT (ENTRENAMENT ALTA INTENSITAT).<\/li>\n<\/ul>\n\n\n\n<ul class=\"wp-block-list\">\n<li>18:00 hores: CUBOFIT CONDITIONING (ACTIVITAT DE CONDICIONAMENT METAB\u00d2LIC).<\/li>\n<\/ul>\n\n\n\n<ul class=\"wp-block-list\">\n<li>19:00 hores: SUPER GLUTIS (ACTIVITAT DE FOR\u00c7A DE TREN INFERIOR I TRONC).<\/li>\n<\/ul>\n\n\n\n<p>Us encoratgem a gaudir-ne!<\/p>\n\n\n\n<h2 class=\"wp-block-heading\">Per a m\u00e9s informaci\u00f3<\/h2>\n\n\n\n<ul class=\"wp-block-list\">\n<li><a href=\"https:\/\/canalsalut.gencat.cat\/ca\/actualitat\/dies-mundials\/cancer\/\" target=\"_blank\" rel=\"noreferrer noopener\">Gencat. Canal Salut<\/a>.<\/li>\n\n\n\n<li><a href=\"https:\/\/ico.gencat.cat\/ca\/pacients\/activitats-tallers\/\" target=\"_blank\" rel=\"noreferrer noopener\">Institut Catal\u00e0 d&#8217;Oncologia (ICO): Activitats i tallers<\/a>.<\/li>\n\n\n\n<li><a href=\"https:\/\/www.contraelcancer.es\/ca\" target=\"_blank\" rel=\"noreferrer noopener\">AECC<\/a>.<\/li>\n\n\n\n<li><a href=\"https:\/\/web.ub.edu\/web\/universitat-saludable\/w\/4-de-febrer-dia-mundial-contra-el-c%C3%A0ncer\" target=\"_blank\" rel=\"noreferrer noopener\">UB Saludable<\/a>.<\/li>\n<\/ul>\n\n\n<div class=\"wp-block-image\">\n<figure class=\"aligncenter size-full is-resized\"><img fetchpriority=\"high\" decoding=\"async\" width=\"500\" height=\"345\" src=\"https:\/\/www.ub.edu\/ossma\/wp-content\/uploads\/2026\/01\/dia-mundial-cancer.png_2016503960.png\" alt=\"\" class=\"wp-image-96664\" style=\"width:718px;height:auto\"\/><figcaption class=\"wp-element-caption\">Imatge: Gencat. Canal Salut<\/figcaption><\/figure>\n<\/div>","protected":false},"excerpt":{"rendered":"<p>4 de febrer. Dia Mundial contra el C\u00e0ncer. Aquest dia des del Servei d\u2019Esports s\u2019oferiran activitats obertes a tota la comunitat universit\u00e0ria.<\/p>\n","protected":false},"author":1,"featured_media":38240,"comment_status":"closed","ping_status":"closed","sticky":false,"template":"","format":"standard","meta":{"advgb_blocks_editor_width":"","advgb_blocks_columns_visual_guide":"","footnotes":""},"categories":[3],"tags":[495,389,123,433,45,50],"class_list":["post-96601","post","type-post","status-publish","format-standard","has-post-thumbnail","hentry","category-actualitat-atencio-social","tag-canalsalut","tag-esports-ub","tag-ods3","tag-oms","tag-salut","tag-ub-saludable"],"author_meta":{"display_name":"OSSMA","author_link":"https:\/\/www.ub.edu\/ossma\/author\/ossmau1"},"featured_img":"https:\/\/www.ub.edu\/ossma\/wp-content\/uploads\/2022\/04\/1270x300-ossma-informa-300x71.png","coauthors":[],"tax_additional":{"categories":{"linked":["<a href=\"https:\/\/www.ub.edu\/ossma\/actualitat-atencio-social\" class=\"advgb-post-tax-term\">Atenci\u00f3 social<\/a>"],"unlinked":["<span class=\"advgb-post-tax-term\">Atenci\u00f3 social<\/span>"]},"tags":{"linked":["<a href=\"https:\/\/www.ub.edu\/ossma\/actualitat-atencio-social\" class=\"advgb-post-tax-term\">canalsalut<\/a>","<a href=\"https:\/\/www.ub.edu\/ossma\/actualitat-atencio-social\" class=\"advgb-post-tax-term\">Esports UB<\/a>","<a href=\"https:\/\/www.ub.edu\/ossma\/actualitat-atencio-social\" class=\"advgb-post-tax-term\">ods3<\/a>","<a href=\"https:\/\/www.ub.edu\/ossma\/actualitat-atencio-social\" class=\"advgb-post-tax-term\">OMS<\/a>","<a href=\"https:\/\/www.ub.edu\/ossma\/actualitat-atencio-social\" class=\"advgb-post-tax-term\">salut<\/a>","<a href=\"https:\/\/www.ub.edu\/ossma\/actualitat-atencio-social\" class=\"advgb-post-tax-term\">UB Saludable<\/a>"],"unlinked":["<span class=\"advgb-post-tax-term\">canalsalut<\/span>","<span class=\"advgb-post-tax-term\">Esports UB<\/span>","<span class=\"advgb-post-tax-term\">ods3<\/span>","<span class=\"advgb-post-tax-term\">OMS<\/span>","<span class=\"advgb-post-tax-term\">salut<\/span>","<span class=\"advgb-post-tax-term\">UB Saludable<\/span>"]}},"comment_count":"0","relative_dates":{"created":"Posted 3 mesos ago","modified":"Updated 2 mesos ago"},"absolute_dates":{"created":"Posted on 27\/01\/2026","modified":"Updated on 17\/02\/2026"},"absolute_dates_time":{"created":"Posted on 27\/01\/2026 12:29","modified":"Updated on 17\/02\/2026 7:41"},"featured_img_caption":"","series_order":"","_links":{"self":[{"href":"https:\/\/www.ub.edu\/ossma\/wp-json\/wp\/v2\/posts\/96601","targetHints":{"allow":["GET"]}}],"collection":[{"href":"https:\/\/www.ub.edu\/ossma\/wp-json\/wp\/v2\/posts"}],"about":[{"href":"https:\/\/www.ub.edu\/ossma\/wp-json\/wp\/v2\/types\/post"}],"author":[{"embeddable":true,"href":"https:\/\/www.ub.edu\/ossma\/wp-json\/wp\/v2\/users\/1"}],"replies":[{"embeddable":true,"href":"https:\/\/www.ub.edu\/ossma\/wp-json\/wp\/v2\/comments?post=96601"}],"version-history":[{"count":7,"href":"https:\/\/www.ub.edu\/ossma\/wp-json\/wp\/v2\/posts\/96601\/revisions"}],"predecessor-version":[{"id":97579,"href":"https:\/\/www.ub.edu\/ossma\/wp-json\/wp\/v2\/posts\/96601\/revisions\/97579"}],"wp:featuredmedia":[{"embeddable":true,"href":"https:\/\/www.ub.edu\/ossma\/wp-json\/wp\/v2\/media\/38240"}],"wp:attachment":[{"href":"https:\/\/www.ub.edu\/ossma\/wp-json\/wp\/v2\/media?parent=96601"}],"wp:term":[{"taxonomy":"category","embeddable":true,"href":"https:\/\/www.ub.edu\/ossma\/wp-json\/wp\/v2\/categories?post=96601"},{"taxonomy":"post_tag","embeddable":true,"href":"https:\/\/www.ub.edu\/ossma\/wp-json\/wp\/v2\/tags?post=96601"}],"curies":[{"name":"wp","href":"https:\/\/api.w.org\/{rel}","templated":true}]}}