{"id":96984,"date":"2025-07-21T10:02:28","date_gmt":"2025-07-21T10:02:28","guid":{"rendered":"https:\/\/www.ub.edu\/ossma?p=96984"},"modified":"2026-02-12T11:13:07","modified_gmt":"2026-02-12T11:13:07","slug":"resultats-caixa-eines-sostenibilitat-biblioteques-2024-2025","status":"publish","type":"post","link":"https:\/\/www.ub.edu\/ossma\/actualitat-medi-ambient\/resultats-caixa-eines-sostenibilitat-biblioteques-2024-2025","title":{"rendered":"Resultats de la caixa d\u2019eines de sostenibilitat a les biblioteques del CRAI 2024-2025"},"content":{"rendered":"\n<p>A partir de la <a href=\"https:\/\/www.ub.edu\/ossma\/actualitat-medi-ambient\/prova-pilot-caixa-eines-sostenibilitat\">prova pilot de la caixa d\u2019eines de sostenibilitat al CRAI Baldiri Reixac i a la biblioteca de Farm\u00e0cia i Ci\u00e8ncies de l\u2019Alimentaci\u00f3<\/a>, un total de vuit biblioteques del CRAI han implementat aquesta eina al llarg del curs 2024-2025 per identificar les actuacions que estaven duent a terme en mat\u00e8ria de sostenibilitat i planificar les mesures que poden dur a terme properament.<\/p>\n\n\n\n<p>Les biblioteques participants en aquesta fase d&#8217;implantaci\u00f3 de la caixa d&#8217;eines han estat Biologia, Bellvitge, Campus Cl\u00ednic, Campus Mundet, Ci\u00e8ncies de la Terra, Farm\u00e0cia i Ci\u00e8ncies de l&#8217;Alimentaci\u00f3 (a les dues dues seus de Campus Diagonal Sud i Campus Torribera), Filosofia, Geografia i Hist\u00f2ria, i Direcci\u00f3 i Unitats T\u00e8cniques de l&#8217;edifici Juliana Morell.<\/p>\n\n\n\n<p>Cada biblioteca ha format equips de treball per identificar i implementar les mesures de sostenibilitat previstes a la caixa d&#8217;eines, i amb el suport de la Unitat de Medi Ambient de l&#8217;OSSMA es van dur a terme diverses reunions de coordinaci\u00f3 i verificaci\u00f3 de les mesures implementades.<\/p>\n\n\n\n<p>Un cop aplicada l&#8217;eina d&#8217;autoavaluaci\u00f3, sis de les biblioteques superen la puntuaci\u00f3 necess\u00e0ria per arribar a fase 2 d&#8217;implementaci\u00f3 (sobre un m\u00e0xim de 3), i les altres dues biblioteques participants es troben en fase 1. El nombre de mesures de sostenibilitat ja implementades es troba entre 35 i 36 a les biblioteques en fase 1, i entre 40 i 59 a les biblioteques en fase 2. Es tracta de resultats positius, que posen de manifest que les biblioteques ja venien treballant per integrar la sostenibilitat en la seva activitat.<\/p>\n\n\n\n<p>Els \u00e0mbits on s&#8217;assoleixen els millors resultats s\u00f3n els de residus i mobilitat, on diverses biblioteques ja tenen implementades m\u00e9s del 70% de les mesures previstes a la caixa d&#8217;eines, en tant que els \u00e0mbits de participaci\u00f3 i de salut i benestar presenten la menor proporci\u00f3 de mesures finalitzades, amb menys del 30% en diverses biblioteques.<\/p>\n\n\n\n<p>La caixa d&#8217;eines ha mostrat ser \u00fatil no nom\u00e9s per identificar les mesures de sostenibilitat que s&#8217;estan aplicant en un moment determinat, sin\u00f3 tamb\u00e9 per incentivar la millora en la integraci\u00f3 d&#8217;aquest component en l&#8217;activitat de les biblioteques. Per exemple, a Farm\u00e0cia i Ci\u00e8ncies de l&#8217;Alimentaci\u00f3 es va passar de la fase 1 assolida en la prova pilot, amb 40 mesures completades, a fase 2 en aquesta segona verificaci\u00f3, amb 59 mesures completades.<\/p>\n\n\n\n<p>Es preveu que per al curs 2025-2026, la caixa d&#8217;eines de sostenibilitat estigui implementada a totes les biblioteques del CRAI com a eina de suport a la sostenibilitzaci\u00f3.<\/p>\n\n\n\n<figure class=\"wp-block-image size-large\"><img fetchpriority=\"high\" decoding=\"async\" width=\"1082\" height=\"740\" src=\"https:\/\/www.ub.edu\/ossma\/wp-content\/uploads\/2026\/02\/caixa-eines-crai-2024-2025.png\" alt=\"Resultats de l'autoavaluaci\u00f3 de la caixa d'eines a biblioteques del CRAI el curs 2024-2025\" class=\"wp-image-96993\" srcset=\"https:\/\/www.ub.edu\/ossma\/wp-content\/uploads\/2026\/02\/caixa-eines-crai-2024-2025.png 1082w, https:\/\/www.ub.edu\/ossma\/wp-content\/uploads\/2026\/02\/caixa-eines-crai-2024-2025-731x500.png 731w, https:\/\/www.ub.edu\/ossma\/wp-content\/uploads\/2026\/02\/caixa-eines-crai-2024-2025-585x400.png 585w\" sizes=\"(max-width: 1082px) 100vw, 1082px\" \/><\/figure>\n","protected":false},"excerpt":{"rendered":"<p>Han participat vuit biblioteques, de les quals sis han assolit fase 2 d&#8217;implementaci\u00f3 (sobre un m\u00e0xim de 3).<\/p>\n","protected":false},"author":1,"featured_media":54946,"comment_status":"closed","ping_status":"closed","sticky":false,"template":"","format":"standard","meta":{"advgb_blocks_editor_width":"","advgb_blocks_columns_visual_guide":"","footnotes":""},"categories":[20],"tags":[98,26,22,119,124,123,128],"class_list":["post-96984","post","type-post","status-publish","format-standard","has-post-thumbnail","hentry","category-actualitat-medi-ambient","tag-consum-responsable","tag-energia","tag-mobilitat","tag-ods11","tag-ods12","tag-ods3","tag-ods7"],"author_meta":{"display_name":"OSSMA","author_link":"https:\/\/www.ub.edu\/ossma\/author\/ossmau1"},"featured_img":"https:\/\/www.ub.edu\/ossma\/wp-content\/uploads\/2023\/12\/1270x300-caixa-eines-750x177.jpg","coauthors":[],"tax_additional":{"categories":{"linked":["<a href=\"https:\/\/www.ub.edu\/ossma\/actualitat-medi-ambient\" class=\"advgb-post-tax-term\">Medi Ambient<\/a>"],"unlinked":["<span class=\"advgb-post-tax-term\">Medi Ambient<\/span>"]},"tags":{"linked":["<a href=\"https:\/\/www.ub.edu\/ossma\/actualitat-medi-ambient\" class=\"advgb-post-tax-term\">consum responsable<\/a>","<a href=\"https:\/\/www.ub.edu\/ossma\/actualitat-medi-ambient\" class=\"advgb-post-tax-term\">energia<\/a>","<a href=\"https:\/\/www.ub.edu\/ossma\/actualitat-medi-ambient\" class=\"advgb-post-tax-term\">mobilitat<\/a>","<a href=\"https:\/\/www.ub.edu\/ossma\/actualitat-medi-ambient\" class=\"advgb-post-tax-term\">ods11<\/a>","<a href=\"https:\/\/www.ub.edu\/ossma\/actualitat-medi-ambient\" class=\"advgb-post-tax-term\">ods12<\/a>","<a href=\"https:\/\/www.ub.edu\/ossma\/actualitat-medi-ambient\" class=\"advgb-post-tax-term\">ods3<\/a>","<a href=\"https:\/\/www.ub.edu\/ossma\/actualitat-medi-ambient\" class=\"advgb-post-tax-term\">ods7<\/a>"],"unlinked":["<span class=\"advgb-post-tax-term\">consum responsable<\/span>","<span class=\"advgb-post-tax-term\">energia<\/span>","<span class=\"advgb-post-tax-term\">mobilitat<\/span>","<span class=\"advgb-post-tax-term\">ods11<\/span>","<span class=\"advgb-post-tax-term\">ods12<\/span>","<span class=\"advgb-post-tax-term\">ods3<\/span>","<span class=\"advgb-post-tax-term\">ods7<\/span>"]}},"comment_count":"0","relative_dates":{"created":"Posted 9 mesos ago","modified":"Updated 3 mesos ago"},"absolute_dates":{"created":"Posted on 21\/07\/2025","modified":"Updated on 12\/02\/2026"},"absolute_dates_time":{"created":"Posted on 21\/07\/2025 10:02","modified":"Updated on 12\/02\/2026 11:13"},"featured_img_caption":"","series_order":"","_links":{"self":[{"href":"https:\/\/www.ub.edu\/ossma\/wp-json\/wp\/v2\/posts\/96984","targetHints":{"allow":["GET"]}}],"collection":[{"href":"https:\/\/www.ub.edu\/ossma\/wp-json\/wp\/v2\/posts"}],"about":[{"href":"https:\/\/www.ub.edu\/ossma\/wp-json\/wp\/v2\/types\/post"}],"author":[{"embeddable":true,"href":"https:\/\/www.ub.edu\/ossma\/wp-json\/wp\/v2\/users\/1"}],"replies":[{"embeddable":true,"href":"https:\/\/www.ub.edu\/ossma\/wp-json\/wp\/v2\/comments?post=96984"}],"version-history":[{"count":2,"href":"https:\/\/www.ub.edu\/ossma\/wp-json\/wp\/v2\/posts\/96984\/revisions"}],"predecessor-version":[{"id":96994,"href":"https:\/\/www.ub.edu\/ossma\/wp-json\/wp\/v2\/posts\/96984\/revisions\/96994"}],"wp:featuredmedia":[{"embeddable":true,"href":"https:\/\/www.ub.edu\/ossma\/wp-json\/wp\/v2\/media\/54946"}],"wp:attachment":[{"href":"https:\/\/www.ub.edu\/ossma\/wp-json\/wp\/v2\/media?parent=96984"}],"wp:term":[{"taxonomy":"category","embeddable":true,"href":"https:\/\/www.ub.edu\/ossma\/wp-json\/wp\/v2\/categories?post=96984"},{"taxonomy":"post_tag","embeddable":true,"href":"https:\/\/www.ub.edu\/ossma\/wp-json\/wp\/v2\/tags?post=96984"}],"curies":[{"name":"wp","href":"https:\/\/api.w.org\/{rel}","templated":true}]}}