{"id":97004,"date":"2026-02-05T12:39:53","date_gmt":"2026-02-05T12:39:53","guid":{"rendered":"https:\/\/www.ub.edu\/ossma?p=97004"},"modified":"2026-02-12T13:14:12","modified_gmt":"2026-02-12T13:14:12","slug":"formacio-prl-i-residus-pdi-fisica-i-quimica","status":"publish","type":"post","link":"https:\/\/www.ub.edu\/ossma\/actualitat-formacio\/formacio-prl-i-residus-pdi-fisica-i-quimica","title":{"rendered":"Sessi\u00f3 de formaci\u00f3 en prevenci\u00f3 de riscos laborals i gesti\u00f3 de residus per a PDI de les facultats de F\u00edsica i de Qu\u00edmica"},"content":{"rendered":"\n<p>El 4 de febrer, personal t\u00e8cnic de l&#8217;OSSMA va fer una sessi\u00f3 formativa de dues hores de durada sobre prevenci\u00f3 de riscos laborals i gesti\u00f3 de residus per al personal docent i investigador (PDI) de les facultats de F\u00edsica i de Qu\u00edmica. Es tracta d&#8217;una activitat reconeguda per l&#8217;Institut de Desenvolupament Professional de la Universitat de Barcelona, que va comptar amb prop de 60 assistents.<\/p>\n\n\n\n<p>Al llarg de la sessi\u00f3, que va ser inaugurada per la Dra. Maria Sarret, Degana de la Facultat de Qu\u00edmica, i pel Dr. Eugeni Graug\u00e9s, Deg\u00e0 de la Facultat de F\u00edsica, es van tractar principalment tres temes:<\/p>\n\n\n\n<ul class=\"wp-block-list\">\n<li>riscos inherents a les facultats de F\u00edsica i de Qu\u00edmica de la UB,<\/li>\n\n\n\n<li>recursos disponibles a la p\u00e0gina web de l\u2019OSSMA per al PDI (pla d&#8217;autoprotecci\u00f3, pla de prevenci\u00f3, coordinaci\u00f3 d&#8217;activitat empresarial, etc.), i<\/li>\n\n\n\n<li>procediment de gesti\u00f3 de residus perillosos a les facultats de F\u00edsica i de Qu\u00edmica<\/li>\n<\/ul>\n\n\n\n<p>Des de l&#8217;OSSMA volem agra\u00efr a les dues facultats el seu inter\u00e8s per organitzar aquesta sessi\u00f3 formativa, i a les persones assistents per la seva activa participaci\u00f3 i interacci\u00f3.<\/p>\n\n\n\n<div class=\"wp-block-group is-nowrap is-layout-flex wp-container-core-group-is-layout-ad2f72ca wp-block-group-is-layout-flex\">\n<figure class=\"wp-block-image size-large\"><img fetchpriority=\"high\" decoding=\"async\" width=\"533\" height=\"400\" src=\"https:\/\/www.ub.edu\/ossma\/wp-content\/uploads\/2026\/02\/20260204_112333-533x400.jpg\" alt=\"Sessi\u00f3 sobre prevenci\u00f3 de riscos i gesti\u00f3 de residus a PDI de F\u00edsica i Qu\u00edmica (febrer 2026)\" class=\"wp-image-97009\" srcset=\"https:\/\/www.ub.edu\/ossma\/wp-content\/uploads\/2026\/02\/20260204_112333-533x400.jpg 533w, https:\/\/www.ub.edu\/ossma\/wp-content\/uploads\/2026\/02\/20260204_112333-667x500.jpg 667w, https:\/\/www.ub.edu\/ossma\/wp-content\/uploads\/2026\/02\/20260204_112333-1536x1152.jpg 1536w, https:\/\/www.ub.edu\/ossma\/wp-content\/uploads\/2026\/02\/20260204_112333.jpg 2000w\" sizes=\"(max-width: 533px) 100vw, 533px\" \/><\/figure>\n\n\n\n<figure class=\"wp-block-image size-large\"><img decoding=\"async\" width=\"533\" height=\"400\" src=\"https:\/\/www.ub.edu\/ossma\/wp-content\/uploads\/2026\/02\/20260204_111500-533x400.jpg\" alt=\"Inauguraci\u00f3 de la sessi\u00f3 sobre prevenci\u00f3 de riscos i gesti\u00f3 de residus a PDI de F\u00edsica i Qu\u00edmica (febrer 2026)\" class=\"wp-image-97010\" srcset=\"https:\/\/www.ub.edu\/ossma\/wp-content\/uploads\/2026\/02\/20260204_111500-533x400.jpg 533w, https:\/\/www.ub.edu\/ossma\/wp-content\/uploads\/2026\/02\/20260204_111500-667x500.jpg 667w, https:\/\/www.ub.edu\/ossma\/wp-content\/uploads\/2026\/02\/20260204_111500-1536x1152.jpg 1536w, https:\/\/www.ub.edu\/ossma\/wp-content\/uploads\/2026\/02\/20260204_111500.jpg 2000w\" sizes=\"(max-width: 533px) 100vw, 533px\" \/><\/figure>\n<\/div>\n\n\n\n<p><\/p>\n","protected":false},"excerpt":{"rendered":"<p>L&#8217;activitat va comptar amb uns 60 assistents, i \u00e9s reconeguda per l&#8217;Institut de Desenvolupament Professional.<\/p>\n","protected":false},"author":1,"featured_media":42187,"comment_status":"closed","ping_status":"closed","sticky":false,"template":"","format":"standard","meta":{"advgb_blocks_editor_width":"","advgb_blocks_columns_visual_guide":"","footnotes":""},"categories":[33],"tags":[124,125],"class_list":["post-97004","post","type-post","status-publish","format-standard","has-post-thumbnail","hentry","category-actualitat-formacio","tag-ods12","tag-ods8"],"author_meta":{"display_name":"OSSMA","author_link":"https:\/\/www.ub.edu\/ossma\/author\/ossmau1"},"featured_img":"https:\/\/www.ub.edu\/ossma\/wp-content\/uploads\/2022\/10\/1270x300-ossma-format-300x71.png","coauthors":[],"tax_additional":{"categories":{"linked":["<a href=\"https:\/\/www.ub.edu\/ossma\/actualitat-formacio\" class=\"advgb-post-tax-term\">Formaci\u00f3<\/a>"],"unlinked":["<span class=\"advgb-post-tax-term\">Formaci\u00f3<\/span>"]},"tags":{"linked":["<a href=\"https:\/\/www.ub.edu\/ossma\/actualitat-formacio\" class=\"advgb-post-tax-term\">ods12<\/a>","<a href=\"https:\/\/www.ub.edu\/ossma\/actualitat-formacio\" class=\"advgb-post-tax-term\">ods8<\/a>"],"unlinked":["<span class=\"advgb-post-tax-term\">ods12<\/span>","<span class=\"advgb-post-tax-term\">ods8<\/span>"]}},"comment_count":"0","relative_dates":{"created":"Posted 3 mesos ago","modified":"Updated 3 mesos ago"},"absolute_dates":{"created":"Posted on 05\/02\/2026","modified":"Updated on 12\/02\/2026"},"absolute_dates_time":{"created":"Posted on 05\/02\/2026 12:39","modified":"Updated on 12\/02\/2026 13:14"},"featured_img_caption":"","series_order":"","_links":{"self":[{"href":"https:\/\/www.ub.edu\/ossma\/wp-json\/wp\/v2\/posts\/97004","targetHints":{"allow":["GET"]}}],"collection":[{"href":"https:\/\/www.ub.edu\/ossma\/wp-json\/wp\/v2\/posts"}],"about":[{"href":"https:\/\/www.ub.edu\/ossma\/wp-json\/wp\/v2\/types\/post"}],"author":[{"embeddable":true,"href":"https:\/\/www.ub.edu\/ossma\/wp-json\/wp\/v2\/users\/1"}],"replies":[{"embeddable":true,"href":"https:\/\/www.ub.edu\/ossma\/wp-json\/wp\/v2\/comments?post=97004"}],"version-history":[{"count":2,"href":"https:\/\/www.ub.edu\/ossma\/wp-json\/wp\/v2\/posts\/97004\/revisions"}],"predecessor-version":[{"id":97012,"href":"https:\/\/www.ub.edu\/ossma\/wp-json\/wp\/v2\/posts\/97004\/revisions\/97012"}],"wp:featuredmedia":[{"embeddable":true,"href":"https:\/\/www.ub.edu\/ossma\/wp-json\/wp\/v2\/media\/42187"}],"wp:attachment":[{"href":"https:\/\/www.ub.edu\/ossma\/wp-json\/wp\/v2\/media?parent=97004"}],"wp:term":[{"taxonomy":"category","embeddable":true,"href":"https:\/\/www.ub.edu\/ossma\/wp-json\/wp\/v2\/categories?post=97004"},{"taxonomy":"post_tag","embeddable":true,"href":"https:\/\/www.ub.edu\/ossma\/wp-json\/wp\/v2\/tags?post=97004"}],"curies":[{"name":"wp","href":"https:\/\/api.w.org\/{rel}","templated":true}]}}