{"id":97577,"date":"2026-03-03T07:26:36","date_gmt":"2026-03-03T07:26:36","guid":{"rendered":"https:\/\/www.ub.edu\/ossma?p=97577"},"modified":"2026-03-03T09:12:42","modified_gmt":"2026-03-03T09:12:42","slug":"lossma-informa-11","status":"publish","type":"post","link":"https:\/\/www.ub.edu\/ossma\/actualitat-atencio-social\/lossma-informa-11","title":{"rendered":"L&#8217;OSSMA informa"},"content":{"rendered":"\n<p>Avui dia 3 de mar\u00e7, des de l&#8217;Oficina de Seguretat, Salut i Medi Ambient (OSSMA) es vol donar visibilitat al <strong>Dia Mundia<\/strong>l <strong>de l&#8217;Audici\u00f3<\/strong>.<\/p>\n\n\n\n<p>L\u2019objectiu d\u2019aquesta jornada, promoguda per l\u2019<a href=\"https:\/\/www.who.int\/campaigns\/world-hearing-day\" target=\"_blank\" rel=\"noreferrer noopener\">Organitzaci\u00f3 Mundial de la Salut<\/a> (OMS), \u00e9s destacar la import\u00e0ncia de la salut auditiva per gaudir d\u2019una bona qualitat de vida i promoure, alhora, l\u2019aplicaci\u00f3 de mesures per tenir-ne cura i prevenir problemes que puguin comprometre-la.&nbsp;<\/p>\n\n\n\n<p>L\u2019audici\u00f3 \u00e9s la percepci\u00f3 dels sons mitjan\u00e7ant el sentit de l\u2019o\u00efda, que \u00e9s fonamental per a la comunicaci\u00f3 de les persones i l\u2019aprenentatge dels infants.&nbsp;Les orelles s\u00f3n \u00f2rgans complexos i delicats que cal protegir de l\u2019exc\u00e9s de soroll i de possibles malalties i lesions.<\/p>\n\n\n\n<p>Per mantenir una bona salut auditiva \u00e9s important aplicar mesures com ara netejar les orelles de forma correcta, sense emprar bastonets de cot\u00f3 o de qualsevol altre producte; fer \u00fas de taps i d\u2019auriculars per esmorteir el soroll ambiental quan es realitzen activitats sorolloses; portar un casc ben ajustat en anar amb bicicleta, moto o patins, o mantenir l\u2019audi\u00f2fon, en cas que se\u2019n porti, en bones condicions higi\u00e8niques per evitar infeccions i altres danys.<\/p>\n\n\n\n<p>D\u2019altra banda, la detecci\u00f3 preco\u00e7 de la p\u00e8rdua d\u2019audici\u00f3 i de les malalties de l\u2019o\u00efda \u00e9s clau per poder oferir un tractament efectiu. Per aix\u00f2, conv\u00e9 visitar&nbsp;l\u2019otorrinolaring\u00f2leg peri\u00f2dicament, especialment a partir dels 40 anys o si es t\u00e9&nbsp;risc de desenvolupar problemes auditius (per exemple, factors gen\u00e8tics o un lloc de treball que comporta l\u2019exposici\u00f3 continuada a un exc\u00e9s de soroll).<\/p>\n\n\n\n<p>Per a  m\u00e9s informaci\u00f3:<\/p>\n\n\n\n<p><a href=\"https:\/\/canalsalut.gencat.cat\/ca\/actualitat\/dies-mundials\/audicio\" target=\"_blank\" rel=\"noreferrer noopener\">Gencat. Canal Salut<\/a><\/p>\n\n\n\n<p><a href=\"https:\/\/canalsalut.gencat.cat\/ca\/vida-saludable\/salut-auditiva\/\" target=\"_blank\" rel=\"noreferrer noopener\">Salut auditiva, Canal Salut<\/a><\/p>\n\n\n<div class=\"wp-block-image\">\n<figure class=\"aligncenter size-full is-resized\"><img fetchpriority=\"high\" decoding=\"async\" width=\"300\" height=\"300\" src=\"https:\/\/www.ub.edu\/ossma\/wp-content\/uploads\/2026\/02\/dm-audicio.jpg_1810791531.jpg\" alt=\"\" class=\"wp-image-97587\" style=\"width:494px;height:auto\" srcset=\"https:\/\/www.ub.edu\/ossma\/wp-content\/uploads\/2026\/02\/dm-audicio.jpg_1810791531.jpg 300w, https:\/\/www.ub.edu\/ossma\/wp-content\/uploads\/2026\/02\/dm-audicio.jpg_1810791531-200x200.jpg 200w\" sizes=\"(max-width: 300px) 100vw, 300px\" \/><figcaption class=\"wp-element-caption\">Imatge: Gencat-Canal Salut<\/figcaption><\/figure>\n<\/div>\n\n\n<p><\/p>\n","protected":false},"excerpt":{"rendered":"<p>3 de  mar\u00e7.  Dia Mundial de l&#8217;Audici\u00f3.<\/p>\n","protected":false},"author":1,"featured_media":38240,"comment_status":"closed","ping_status":"closed","sticky":false,"template":"","format":"standard","meta":{"advgb_blocks_editor_width":"","advgb_blocks_columns_visual_guide":"","footnotes":""},"categories":[3,243],"tags":[495,123,433,45],"class_list":["post-97577","post","type-post","status-publish","format-standard","has-post-thumbnail","hentry","category-actualitat-atencio-social","category-actualitat-general","tag-canalsalut","tag-ods3","tag-oms","tag-salut"],"author_meta":{"display_name":"OSSMA","author_link":"https:\/\/www.ub.edu\/ossma\/author\/ossmau1"},"featured_img":"https:\/\/www.ub.edu\/ossma\/wp-content\/uploads\/2022\/04\/1270x300-ossma-informa-300x71.png","coauthors":[],"tax_additional":{"categories":{"linked":["<a href=\"https:\/\/www.ub.edu\/ossma\/actualitat-atencio-social\" class=\"advgb-post-tax-term\">Atenci\u00f3 social<\/a>","<a href=\"https:\/\/www.ub.edu\/ossma\/actualitat-general\" class=\"advgb-post-tax-term\">OSSMA<\/a>"],"unlinked":["<span class=\"advgb-post-tax-term\">Atenci\u00f3 social<\/span>","<span class=\"advgb-post-tax-term\">OSSMA<\/span>"]},"tags":{"linked":["<a href=\"https:\/\/www.ub.edu\/ossma\/actualitat-general\" class=\"advgb-post-tax-term\">canalsalut<\/a>","<a href=\"https:\/\/www.ub.edu\/ossma\/actualitat-general\" class=\"advgb-post-tax-term\">ods3<\/a>","<a href=\"https:\/\/www.ub.edu\/ossma\/actualitat-general\" class=\"advgb-post-tax-term\">OMS<\/a>","<a href=\"https:\/\/www.ub.edu\/ossma\/actualitat-general\" class=\"advgb-post-tax-term\">salut<\/a>"],"unlinked":["<span class=\"advgb-post-tax-term\">canalsalut<\/span>","<span class=\"advgb-post-tax-term\">ods3<\/span>","<span class=\"advgb-post-tax-term\">OMS<\/span>","<span class=\"advgb-post-tax-term\">salut<\/span>"]}},"comment_count":"0","relative_dates":{"created":"Posted 2 mesos ago","modified":"Updated 2 mesos ago"},"absolute_dates":{"created":"Posted on 03\/03\/2026","modified":"Updated on 03\/03\/2026"},"absolute_dates_time":{"created":"Posted on 03\/03\/2026 7:26","modified":"Updated on 03\/03\/2026 9:12"},"featured_img_caption":"","series_order":"","_links":{"self":[{"href":"https:\/\/www.ub.edu\/ossma\/wp-json\/wp\/v2\/posts\/97577","targetHints":{"allow":["GET"]}}],"collection":[{"href":"https:\/\/www.ub.edu\/ossma\/wp-json\/wp\/v2\/posts"}],"about":[{"href":"https:\/\/www.ub.edu\/ossma\/wp-json\/wp\/v2\/types\/post"}],"author":[{"embeddable":true,"href":"https:\/\/www.ub.edu\/ossma\/wp-json\/wp\/v2\/users\/1"}],"replies":[{"embeddable":true,"href":"https:\/\/www.ub.edu\/ossma\/wp-json\/wp\/v2\/comments?post=97577"}],"version-history":[{"count":6,"href":"https:\/\/www.ub.edu\/ossma\/wp-json\/wp\/v2\/posts\/97577\/revisions"}],"predecessor-version":[{"id":97761,"href":"https:\/\/www.ub.edu\/ossma\/wp-json\/wp\/v2\/posts\/97577\/revisions\/97761"}],"wp:featuredmedia":[{"embeddable":true,"href":"https:\/\/www.ub.edu\/ossma\/wp-json\/wp\/v2\/media\/38240"}],"wp:attachment":[{"href":"https:\/\/www.ub.edu\/ossma\/wp-json\/wp\/v2\/media?parent=97577"}],"wp:term":[{"taxonomy":"category","embeddable":true,"href":"https:\/\/www.ub.edu\/ossma\/wp-json\/wp\/v2\/categories?post=97577"},{"taxonomy":"post_tag","embeddable":true,"href":"https:\/\/www.ub.edu\/ossma\/wp-json\/wp\/v2\/tags?post=97577"}],"curies":[{"name":"wp","href":"https:\/\/api.w.org\/{rel}","templated":true}]}}