{"id":1290,"date":"2018-11-14T12:14:51","date_gmt":"2018-11-14T11:14:51","guid":{"rendered":"http:\/\/www.ub.edu\/plural\/?p=1290"},"modified":"2018-11-14T12:14:51","modified_gmt":"2018-11-14T11:14:51","slug":"la-dra-eva-tresserras-fa-una-estada-a-la-city-university-of-new-york","status":"publish","type":"post","link":"https:\/\/www.ub.edu\/plural\/la-dra-eva-tresserras-fa-una-estada-a-la-city-university-of-new-york\/","title":{"rendered":"La Dra. Eva Tresserras fa una estada a la City University of New York"},"content":{"rendered":"<p><span style=\"font-size: 1rem;\">La Dra Eva Tresserras ha fet una estada de recerca d&#8217;un me<\/span><span style=\"font-size: 1rem;\">s en el marc del pluriling\u00fcisme\u00a0<\/span><span style=\"font-size: 1rem;\">per con\u00e8ixer noves estrat\u00e8gies metodol\u00f2giques relacionades amb l&#8217;aprenentatge de lleng\u00fces en entorns multiling\u00fces i amb el transllenguatge. Recerca que va combinar visites a escoles de Nova York i formaci\u00f3 i recerca u<\/span><span style=\"font-size: 1rem;\">niversit\u00e0ria a Hunter College i CUNY.\u00a0<\/span><\/p>\n<p><img loading=\"lazy\" decoding=\"async\" class=\"size-medium wp-image-1291 alignright\" style=\"font-size: 1rem;\" alt=\"unnamed (1)\" src=\"http:\/\/www.ub.edu\/plural\/wp-content\/uploads\/2018\/11\/unnamed-1-265x300.jpg\" width=\"265\" height=\"300\" srcset=\"https:\/\/www.ub.edu\/plural\/wp-content\/uploads\/2018\/11\/unnamed-1-265x300.jpg 265w, https:\/\/www.ub.edu\/plural\/wp-content\/uploads\/2018\/11\/unnamed-1-250x282.jpg 250w, https:\/\/www.ub.edu\/plural\/wp-content\/uploads\/2018\/11\/unnamed-1.jpg 566w\" sizes=\"auto, (max-width: 265px) 100vw, 265px\" \/><\/p>\n<p><a href=\"http:\/\/www.ub.edu\/plural\/wp-content\/uploads\/2018\/11\/unnamed.jpg\"><img loading=\"lazy\" decoding=\"async\" class=\"alignnone size-medium wp-image-1292\" alt=\"unnamed\" src=\"http:\/\/www.ub.edu\/plural\/wp-content\/uploads\/2018\/11\/unnamed-168x300.jpg\" width=\"168\" height=\"300\" srcset=\"https:\/\/www.ub.edu\/plural\/wp-content\/uploads\/2018\/11\/unnamed-168x300.jpg 168w, https:\/\/www.ub.edu\/plural\/wp-content\/uploads\/2018\/11\/unnamed.jpg 360w\" sizes=\"auto, (max-width: 168px) 100vw, 168px\" \/><\/a><\/p>\n","protected":false},"excerpt":{"rendered":"<p>La Dra Eva Tresserras ha fet una estada de recerca d&#8217;un mes en el marc del pluriling\u00fcisme\u00a0per con\u00e8ixer noves estrat\u00e8gies metodol\u00f2giques relacionades amb l&#8217;aprenentatge de lleng\u00fces en entorns multiling\u00fces i &#8230;<\/p>\n","protected":false},"author":1,"featured_media":0,"comment_status":"closed","ping_status":"open","sticky":false,"template":"","format":"standard","meta":{"footnotes":""},"categories":[13],"tags":[],"class_list":["post-1290","post","type-post","status-publish","format-standard","hentry","category-sin-categoria-ca"],"_links":{"self":[{"href":"https:\/\/www.ub.edu\/plural\/wp-json\/wp\/v2\/posts\/1290","targetHints":{"allow":["GET"]}}],"collection":[{"href":"https:\/\/www.ub.edu\/plural\/wp-json\/wp\/v2\/posts"}],"about":[{"href":"https:\/\/www.ub.edu\/plural\/wp-json\/wp\/v2\/types\/post"}],"author":[{"embeddable":true,"href":"https:\/\/www.ub.edu\/plural\/wp-json\/wp\/v2\/users\/1"}],"replies":[{"embeddable":true,"href":"https:\/\/www.ub.edu\/plural\/wp-json\/wp\/v2\/comments?post=1290"}],"version-history":[{"count":1,"href":"https:\/\/www.ub.edu\/plural\/wp-json\/wp\/v2\/posts\/1290\/revisions"}],"predecessor-version":[{"id":1293,"href":"https:\/\/www.ub.edu\/plural\/wp-json\/wp\/v2\/posts\/1290\/revisions\/1293"}],"wp:attachment":[{"href":"https:\/\/www.ub.edu\/plural\/wp-json\/wp\/v2\/media?parent=1290"}],"wp:term":[{"taxonomy":"category","embeddable":true,"href":"https:\/\/www.ub.edu\/plural\/wp-json\/wp\/v2\/categories?post=1290"},{"taxonomy":"post_tag","embeddable":true,"href":"https:\/\/www.ub.edu\/plural\/wp-json\/wp\/v2\/tags?post=1290"}],"curies":[{"name":"wp","href":"https:\/\/api.w.org\/{rel}","templated":true}]}}