{"id":1868,"date":"2023-10-18T10:00:00","date_gmt":"2023-10-18T09:00:00","guid":{"rendered":"http:\/\/www.ub.edu\/plural\/?p=1868"},"modified":"2023-11-13T16:54:59","modified_gmt":"2023-11-13T15:54:59","slug":"raquel-serrano-i-encarnacion-carrasco-colloqui-internacional-ic2023-chambery","status":"publish","type":"post","link":"https:\/\/www.ub.edu\/plural\/raquel-serrano-i-encarnacion-carrasco-colloqui-internacional-ic2023-chambery\/","title":{"rendered":"Raquel Serrano i Encarnaci\u00f3n Carrasco participen en el col\u00b7loqui internacional IC2023 a Chamb\u00e9ry (Fran\u00e7a)"},"content":{"rendered":"<p style=\"text-align: justify;\"><strong>Dijous 12 i divendres 13 d&#8217;octubre<\/strong> es va celebrar el col\u00b7loqui internacional IC2023 a la Universitat Savoie Mont Blanc de Chamb\u00e9ry, Fran\u00e7a, que tenia el t\u00edtol de &#8220;Bilans et perspectives: vers de nouveaux contextes&#8221;. La comuncaci\u00f3 que van presentar la Raquel i l&#8217;Encarnaci\u00f3n, que va ser en catal\u00e0 i franc\u00e8s, tenia per t\u00edtol <em><strong>Transition d\u00e9mocratique, \u00e9cologique, num\u00e9rique&#8230; Plurilingue! : parier sur l&#8217;IC entre les langues co-officielles de l&#8217;Espagne.<\/strong><\/em><\/p>\n<p style=\"text-align: justify;\">En la pon\u00e8ncia, es van presentar el per qu\u00e8 era necess\u00e0ria una <strong>transici\u00f3 pluriling\u00fce<\/strong> i la transcend\u00e8ncia que tenien els mitjans audiovisuals i d&#8217;expressi\u00f3 art\u00edstica per difondre i valorar les lleng\u00fces que tenim en el nostre territori. En la seva exposici\u00f3, tamb\u00e9 es va mencionar la <strong>proposta did\u00e0ctica d&#8217;INTERRA<\/strong>, un dispositiu did\u00e0ctic en intercomprensi\u00f3, promogut per la Fundaci\u00f3 Foros de la Concordia, que treballa simult\u00e0niament les quatre lleng\u00fces cooficials del territori: <span style=\"color: #000000;\">castell\u00e0, catal\u00e0, gallec i euskera.<\/span> El p\u00fablic va aplaudir aquesta idea pilot incipient i va remarcar el gran impacte que podria tenir la divulgaci\u00f3 i difusi\u00f3 d&#8217;aquest material en la societat.<\/p>\n<p style=\"text-align: justify;\">En el marc d&#8217;aquest congr\u00e9s internacional a Chamb\u00e9ry, Enrica Piccardo i Christina Reissner van presentar dues confer\u00e8ncies plen\u00e0ries. Va ser un espai de trobada amb altres investigadores i investigadors d&#8217;altres universitats d&#8217;Europa i Am\u00e8rica que estan desenvolupant projectes i recerques en intercomprensi\u00f3. Va ser una experi\u00e8ncia incre\u00efble per aprofundir sobre la q\u00fcesti\u00f3 sobre qu\u00e8 suposa ser pluriling\u00fce i quines pr\u00e0ctiques d&#8217;ensenyament i aprenentatge en IC s\u00f3n necess\u00e0ries per garantir una educaci\u00f3 pluriling\u00fce i equitativa de qualitat.<\/p>\n\n\n<figure class=\"wp-block-gallery has-nested-images columns-default is-cropped wp-block-gallery-1 is-layout-flex wp-block-gallery-is-layout-flex\">\n<figure class=\"wp-block-image size-large\"><a href=\"http:\/\/www.ub.edu\/plural\/wp-content\/uploads\/2023\/11\/1699890213218-2.jpg\"><img loading=\"lazy\" decoding=\"async\" width=\"1024\" height=\"768\" data-id=\"1878\" src=\"http:\/\/www.ub.edu\/plural\/wp-content\/uploads\/2023\/11\/1699890213218-2-1024x768.jpg\" alt=\"\" class=\"wp-image-1878\" srcset=\"https:\/\/www.ub.edu\/plural\/wp-content\/uploads\/2023\/11\/1699890213218-2-1024x768.jpg 1024w, https:\/\/www.ub.edu\/plural\/wp-content\/uploads\/2023\/11\/1699890213218-2-300x225.jpg 300w, https:\/\/www.ub.edu\/plural\/wp-content\/uploads\/2023\/11\/1699890213218-2-768x576.jpg 768w, https:\/\/www.ub.edu\/plural\/wp-content\/uploads\/2023\/11\/1699890213218-2-1536x1152.jpg 1536w, https:\/\/www.ub.edu\/plural\/wp-content\/uploads\/2023\/11\/1699890213218-2-250x188.jpg 250w, https:\/\/www.ub.edu\/plural\/wp-content\/uploads\/2023\/11\/1699890213218-2-840x630.jpg 840w, https:\/\/www.ub.edu\/plural\/wp-content\/uploads\/2023\/11\/1699890213218-2-440x330.jpg 440w, https:\/\/www.ub.edu\/plural\/wp-content\/uploads\/2023\/11\/1699890213218-2.jpg 1600w\" sizes=\"auto, (max-width: 1024px) 100vw, 1024px\" \/><\/a><\/figure>\n\n\n\n<figure class=\"wp-block-image size-large\"><a href=\"http:\/\/www.ub.edu\/plural\/wp-content\/uploads\/2023\/11\/IC2023-CHAMBERY.png\"><img loading=\"lazy\" decoding=\"async\" width=\"621\" height=\"870\" data-id=\"1879\" src=\"http:\/\/www.ub.edu\/plural\/wp-content\/uploads\/2023\/11\/IC2023-CHAMBERY.png\" alt=\"\" class=\"wp-image-1879\" srcset=\"https:\/\/www.ub.edu\/plural\/wp-content\/uploads\/2023\/11\/IC2023-CHAMBERY.png 621w, https:\/\/www.ub.edu\/plural\/wp-content\/uploads\/2023\/11\/IC2023-CHAMBERY-214x300.png 214w, https:\/\/www.ub.edu\/plural\/wp-content\/uploads\/2023\/11\/IC2023-CHAMBERY-250x350.png 250w\" sizes=\"auto, (max-width: 621px) 100vw, 621px\" \/><\/a><\/figure>\n<\/figure>\n\n\n\n<p class=\"has-text-align-right\">Accedeix al <a href=\"https:\/\/ic2023.sciencesconf.org\/data\/pages\/PROGRAMME_IC2023.pdf\" data-type=\"link\" data-id=\"https:\/\/ic2023.sciencesconf.org\/data\/pages\/PROGRAMME_IC2023.pdf\" target=\"_blank\" rel=\"noreferrer noopener\"><mark style=\"background-color:rgba(0, 0, 0, 0)\" class=\"has-inline-color has-primary-color\">Programa del col\u00b7loqui internacional IC2023<\/mark><\/a><\/p>\n","protected":false},"excerpt":{"rendered":"<p>Dijous 12 i divendres 13 d&#8217;octubre es va celebrar el col\u00b7loqui internacional IC2023 a la Universitat Savoie Mont Blanc de Chamb\u00e9ry, Fran\u00e7a, que tenia el t\u00edtol de &#8220;Bilans et perspectives: &#8230;<\/p>\n","protected":false},"author":1,"featured_media":0,"comment_status":"closed","ping_status":"open","sticky":false,"template":"","format":"standard","meta":{"footnotes":""},"categories":[13],"tags":[],"class_list":["post-1868","post","type-post","status-publish","format-standard","hentry","category-sin-categoria-ca"],"_links":{"self":[{"href":"https:\/\/www.ub.edu\/plural\/wp-json\/wp\/v2\/posts\/1868","targetHints":{"allow":["GET"]}}],"collection":[{"href":"https:\/\/www.ub.edu\/plural\/wp-json\/wp\/v2\/posts"}],"about":[{"href":"https:\/\/www.ub.edu\/plural\/wp-json\/wp\/v2\/types\/post"}],"author":[{"embeddable":true,"href":"https:\/\/www.ub.edu\/plural\/wp-json\/wp\/v2\/users\/1"}],"replies":[{"embeddable":true,"href":"https:\/\/www.ub.edu\/plural\/wp-json\/wp\/v2\/comments?post=1868"}],"version-history":[{"count":4,"href":"https:\/\/www.ub.edu\/plural\/wp-json\/wp\/v2\/posts\/1868\/revisions"}],"predecessor-version":[{"id":1881,"href":"https:\/\/www.ub.edu\/plural\/wp-json\/wp\/v2\/posts\/1868\/revisions\/1881"}],"wp:attachment":[{"href":"https:\/\/www.ub.edu\/plural\/wp-json\/wp\/v2\/media?parent=1868"}],"wp:term":[{"taxonomy":"category","embeddable":true,"href":"https:\/\/www.ub.edu\/plural\/wp-json\/wp\/v2\/categories?post=1868"},{"taxonomy":"post_tag","embeddable":true,"href":"https:\/\/www.ub.edu\/plural\/wp-json\/wp\/v2\/tags?post=1868"}],"curies":[{"name":"wp","href":"https:\/\/api.w.org\/{rel}","templated":true}]}}