{"id":65,"date":"2013-10-14T15:07:27","date_gmt":"2013-10-14T14:07:27","guid":{"rendered":"http:\/\/pluralub.wordpress.com\/?p=65"},"modified":"2013-12-17T11:26:38","modified_gmt":"2013-12-17T10:26:38","slug":"httpsom-esbrina-eureunid","status":"publish","type":"post","link":"https:\/\/www.ub.edu\/plural\/httpsom-esbrina-eureunid\/","title":{"rendered":"Seminario internacional REUNI+D"},"content":{"rendered":"<p>Divendres passat, 11 d&#8217;octubre, diferents membres del grup PLURAL van participar al &#8221; I Seminario internacional REUNI+D. Creando redes, estableciendo sinergias: la contribuci\u00f3n de la investigaci\u00f3n a la educaci\u00f3n.&#8221;<\/p>\n<p><a title=\"http:\/\/som.esbrina.eu\/reunid\/\" href=\"http:\/\/som.esbrina.eu\/reunid\/\">http:\/\/som.esbrina.eu\/reunid\/<\/a><\/p>\n","protected":false},"excerpt":{"rendered":"<p>Divendres passat, 11 d&#8217;octubre, diferents membres del grup PLURAL van participar al &#8221; I Seminario internacional REUNI+D. Creando redes, estableciendo sinergias: la contribuci\u00f3n de la investigaci\u00f3n a la educaci\u00f3n.&#8221; http:\/\/som.esbrina.eu\/reunid\/<\/p>\n","protected":false},"author":2,"featured_media":0,"comment_status":"closed","ping_status":"closed","sticky":false,"template":"","format":"standard","meta":{"footnotes":""},"categories":[13],"tags":[],"class_list":["post-65","post","type-post","status-publish","format-standard","hentry","category-sin-categoria-ca"],"_links":{"self":[{"href":"https:\/\/www.ub.edu\/plural\/wp-json\/wp\/v2\/posts\/65","targetHints":{"allow":["GET"]}}],"collection":[{"href":"https:\/\/www.ub.edu\/plural\/wp-json\/wp\/v2\/posts"}],"about":[{"href":"https:\/\/www.ub.edu\/plural\/wp-json\/wp\/v2\/types\/post"}],"author":[{"embeddable":true,"href":"https:\/\/www.ub.edu\/plural\/wp-json\/wp\/v2\/users\/2"}],"replies":[{"embeddable":true,"href":"https:\/\/www.ub.edu\/plural\/wp-json\/wp\/v2\/comments?post=65"}],"version-history":[{"count":2,"href":"https:\/\/www.ub.edu\/plural\/wp-json\/wp\/v2\/posts\/65\/revisions"}],"predecessor-version":[{"id":491,"href":"https:\/\/www.ub.edu\/plural\/wp-json\/wp\/v2\/posts\/65\/revisions\/491"}],"wp:attachment":[{"href":"https:\/\/www.ub.edu\/plural\/wp-json\/wp\/v2\/media?parent=65"}],"wp:term":[{"taxonomy":"category","embeddable":true,"href":"https:\/\/www.ub.edu\/plural\/wp-json\/wp\/v2\/categories?post=65"},{"taxonomy":"post_tag","embeddable":true,"href":"https:\/\/www.ub.edu\/plural\/wp-json\/wp\/v2\/tags?post=65"}],"curies":[{"name":"wp","href":"https:\/\/api.w.org\/{rel}","templated":true}]}}