{"id":7918,"date":"2025-01-09T10:14:52","date_gmt":"2025-01-09T10:14:52","guid":{"rendered":"https:\/\/www.ub.edu\/private-pensions\/?p=7918"},"modified":"2025-01-09T10:15:33","modified_gmt":"2025-01-09T10:15:33","slug":"ugena-sara","status":"publish","type":"post","link":"https:\/\/www.ub.edu\/private-pensions\/2025\/01\/09\/ugena-sara\/","title":{"rendered":"Sara Ugena"},"content":{"rendered":"<p><span class=\"TextRun SCXW229847837 BCX0\" lang=\"ES-ES\" xml:lang=\"ES-ES\" data-contrast=\"auto\"><span class=\"NormalTextRun SCXW229847837 BCX0\">Licenciada\u202fen Derecho y Diplomada en Ciencias Empresariales por la Universidad CEU San Pablo de Madrid.<\/span><\/span><br \/>\n<!--more--><\/p>\n<p><span data-contrast=\"auto\">Doctora en Derecho Mercantil (con premio extraordinario de doctorado) y MBA por la repetida\u202funiversidad. Becaria FPU del MEC. Ejerce la docencia e investigaci\u00f3n en Derecho desde 2004, compatibilizando dicha actividad con el ejercicio de la profesi\u00f3n de abogado.\u202fAutora de\u202fdiversas publicaciones acad\u00e9micas. Ha participado en cuatro Proyectos de Investigaci\u00f3n del Ministerio de Educaci\u00f3n y Ciencia, y ha realizado estancias de investigaci\u00f3n en las Universidades de\u202fBolonia (Italia) y Londres (Reino Unido).<\/span><span data-ccp-props=\"{&quot;335551550&quot;:6,&quot;335551620&quot;:6}\">\u00a0<\/span><\/p>\n<p><b><span data-contrast=\"auto\">Experiencia docente<\/span><\/b><span data-ccp-props=\"{&quot;335551550&quot;:6,&quot;335551620&quot;:6}\">\u00a0<\/span><\/p>\n<p><span data-contrast=\"auto\">Profesora Asociada de Derecho Mercantil en la Facultad de Ciencias Jur\u00eddicas y Sociales de Toledo de la UCLM desde octubre de 2016.<\/span><span data-ccp-props=\"{&quot;335551550&quot;:6,&quot;335551620&quot;:6}\">\u00a0<\/span><\/p>\n<p><span data-contrast=\"auto\">M\u00e1s de 20 a\u00f1os de acreditada docencia en Derecho mercantil en distintas universidades espa\u00f1olas (Universidad San Pablo CEU de Madrid, UNED, Universidad Cat\u00f3lica de \u00c1vila, UNIR y CUNEF), tanto en estudios de Grado como Posgrado.\u00a0<\/span><span data-ccp-props=\"{&quot;335551550&quot;:6,&quot;335551620&quot;:6}\">\u00a0<\/span><\/p>\n<p><span data-contrast=\"none\">Evaluaci\u00f3n positiva para la figura de Profesor Contratado Doctor de la Agencia de Calidad del Sistema Universitario de Castilla y Le\u00f3n (desde marzo 2018).<\/span><span data-ccp-props=\"{&quot;134233117&quot;:true,&quot;134233118&quot;:true,&quot;335551550&quot;:6,&quot;335551620&quot;:6}\">\u00a0<\/span><\/p>\n<p><span data-contrast=\"auto\">Directora del M\u00e1ster Universitario en Acceso a la Profesi\u00f3n de Abogado de la Facultad de Ciencias Sociales y Jur\u00eddicas de la Universidad Cat\u00f3lica de \u00c1vila durante los cursos 2012\/2013, 2013\/2014, 2015\/2016 y primer semestre 2016\/2017.<\/span><span data-ccp-props=\"{&quot;335551550&quot;:6,&quot;335551620&quot;:6}\">\u00a0<\/span><\/p>\n<p><span data-contrast=\"auto\">Miembro del Comit\u00e9 Editorial de la <\/span><i><span data-contrast=\"auto\">Revista de Fiscalidad Internacional y Negocios Transnacionales <\/span><\/i><span data-contrast=\"auto\">(<\/span><span data-contrast=\"auto\">Aranzadi-Thomson Reuters<\/span><span data-contrast=\"auto\">) y de la <\/span><i><span data-contrast=\"auto\">Revista Lex Mercatoria<\/span><\/i><span data-contrast=\"auto\"> (Ed. Universidad Miguel Hern\u00e1ndez de Elche) desde sus primeros n\u00fameros.<\/span><span data-ccp-props=\"{&quot;335551550&quot;:6,&quot;335551620&quot;:6}\">\u00a0<\/span><\/p>\n<p><i><span data-contrast=\"auto\">Referee<\/span><\/i><span data-contrast=\"auto\"> de la revista jur\u00eddica Anuario de Derecho Concursal\u00a0(Thomson Reuters Civitas) ISSN 1698-997X durante 4 a\u00f1os y medio.<\/span><span data-ccp-props=\"{&quot;335551550&quot;:6,&quot;335551620&quot;:6}\">\u00a0<\/span><\/p>\n<p><span data-contrast=\"auto\">Directora de m\u00faltiples TFG y TFM dentro de sus ramas de especializaci\u00f3n (Derecho societario, concursal y bancario), as\u00ed como miembro habitual de Tribunales de Defensa de los mismos.<\/span><span data-ccp-props=\"{&quot;335551550&quot;:6,&quot;335551620&quot;:6}\">\u00a0<\/span><\/p>\n<p><b><span data-contrast=\"auto\">Trayectoria Profesional<\/span><\/b><span data-ccp-props=\"{&quot;335551550&quot;:6,&quot;335551620&quot;:6}\">\u00a0<\/span><\/p>\n<p><span data-contrast=\"auto\">Actualmente abogada en ejercicio por cuenta propia (<\/span><i><span data-contrast=\"auto\">freelance<\/span><\/i><span data-contrast=\"auto\">).<\/span><span data-ccp-props=\"{&quot;335551550&quot;:6,&quot;335551620&quot;:6}\">\u00a0<\/span><\/p>\n<p><span data-contrast=\"auto\">Colaboradora del Despacho de abogados de Madrid, DICTUM SERVICIOS JUR\u00cdDICOS Y ECON\u00d3MICOS, S.L.P. desde septiembre de 2011 hasta 2016.<\/span><span data-ccp-props=\"{&quot;335551550&quot;:6,&quot;335551620&quot;:6}\">\u00a0<\/span><\/p>\n<p><span data-contrast=\"auto\">Gestora administrativa desde noviembre de 2016 (NRT 16TO19310).<\/span><span data-ccp-props=\"{&quot;335551550&quot;:6,&quot;335551620&quot;:6,&quot;335559739&quot;:120}\">\u00a0<\/span><\/p>\n<p><span data-contrast=\"auto\">Abogada en el Departamento de Derecho Mercantil de la boutique jur\u00eddica VIA ABOGADOS, S.L.P.\u202f(absorbida por Roca Junyent) durante los primeros a\u00f1os de ejercicio.<\/span><\/p>\n","protected":false},"excerpt":{"rendered":"<p>Licenciada\u202fen Derecho y Diplomada en Ciencias Empresariales por la Universidad CEU San Pablo de Madrid.<\/p>\n","protected":false},"author":3,"featured_media":7919,"comment_status":"closed","ping_status":"closed","sticky":false,"template":"","format":"standard","meta":{"footnotes":"","_links_to":"","_links_to_target":""},"categories":[22],"tags":[305],"class_list":["post-7918","post","type-post","status-publish","format-standard","has-post-thumbnail","hentry","category-miembros-ou","tag-universidad-de-castilla-la-mancha"],"_links":{"self":[{"href":"https:\/\/www.ub.edu\/private-pensions\/wp-json\/wp\/v2\/posts\/7918","targetHints":{"allow":["GET"]}}],"collection":[{"href":"https:\/\/www.ub.edu\/private-pensions\/wp-json\/wp\/v2\/posts"}],"about":[{"href":"https:\/\/www.ub.edu\/private-pensions\/wp-json\/wp\/v2\/types\/post"}],"author":[{"embeddable":true,"href":"https:\/\/www.ub.edu\/private-pensions\/wp-json\/wp\/v2\/users\/3"}],"replies":[{"embeddable":true,"href":"https:\/\/www.ub.edu\/private-pensions\/wp-json\/wp\/v2\/comments?post=7918"}],"version-history":[{"count":2,"href":"https:\/\/www.ub.edu\/private-pensions\/wp-json\/wp\/v2\/posts\/7918\/revisions"}],"predecessor-version":[{"id":7921,"href":"https:\/\/www.ub.edu\/private-pensions\/wp-json\/wp\/v2\/posts\/7918\/revisions\/7921"}],"wp:featuredmedia":[{"embeddable":true,"href":"https:\/\/www.ub.edu\/private-pensions\/wp-json\/wp\/v2\/media\/7919"}],"wp:attachment":[{"href":"https:\/\/www.ub.edu\/private-pensions\/wp-json\/wp\/v2\/media?parent=7918"}],"wp:term":[{"taxonomy":"category","embeddable":true,"href":"https:\/\/www.ub.edu\/private-pensions\/wp-json\/wp\/v2\/categories?post=7918"},{"taxonomy":"post_tag","embeddable":true,"href":"https:\/\/www.ub.edu\/private-pensions\/wp-json\/wp\/v2\/tags?post=7918"}],"curies":[{"name":"wp","href":"https:\/\/api.w.org\/{rel}","templated":true}]}}