{"id":8270,"date":"2025-04-04T14:59:31","date_gmt":"2025-04-04T14:59:31","guid":{"rendered":"https:\/\/www.ub.edu\/private-pensions\/?p=8270"},"modified":"2025-04-04T14:59:31","modified_gmt":"2025-04-04T14:59:31","slug":"la-dra-m-merce-claramunt-se-convierte-en-catedratica-de-la-universidad-de-barcelona","status":"publish","type":"post","link":"https:\/\/www.ub.edu\/private-pensions\/2025\/04\/04\/la-dra-m-merce-claramunt-se-convierte-en-catedratica-de-la-universidad-de-barcelona\/","title":{"rendered":"La Dra. M. Merc\u00e8 Claramunt se convierte en catedr\u00e1tica de la Universidad de Barcelona"},"content":{"rendered":"<p><strong>La obtenci\u00f3n de la categor\u00eda de catedr\u00e1tica, la m\u00e1xima existente en la carrera universitaria, supone un reconocimiento a su extensa trayectoria en la docencia, la investigaci\u00f3n y la transferencia de conocimiento, estando parte de sus logros vinculados a su actividad en el Observatorio.<\/strong><\/p>\n<p>La Dra. M. Merc\u00e8 Claramunt, profesora del Departamento de Matem\u00e1tica Econ\u00f3mica, Financiera y Actuarial de la Facultad de Econom\u00eda y Empresa de la Universidad de Barcelona y presidenta del Comit\u00e9 Cient\u00edfico del Observatorio de los Sistemas Europeos de Previsi\u00f3n Social Complementaria ha obtenido, el d\u00eda 4 de abril, la plaza de catedr\u00e1tica de la UB.<\/p>\n<p>El de catedr\u00e1tico es el puesto m\u00e1s alto en el escalaf\u00f3n de la carrera universitaria. Para obtenerlo, un tribunal valora m\u00e9ritos y logros profesionales en la trayectoria del candidato. Estos m\u00e9ritos no se limitan a su labor docente como profesor, sino que incluyen tambi\u00e9n la investigaci\u00f3n, la transferencia y la divulgaci\u00f3n de conocimiento a la sociedad, conectando la universidad con la sociedad.<\/p>\n<p>La trayectoria de la Dra. Claramunt cuenta con un gran n\u00famero de m\u00e9ritos en todos estos \u00e1mbitos, siempre vinculada a las ciencias actuariales, la previsi\u00f3n social, la longevidad y la econom\u00eda del comportamiento. A lo largo de su carrera profesional, ha impartido docencia en grado, posgrado y m\u00e1ster, adem\u00e1s de haber dirigido tesis doctorales. Ha publicado art\u00edculos cient\u00edficos de relevancia en revistas de renombre y ha participado en seminarios y jornadas dedicados a la difusi\u00f3n de conocimiento. Adem\u00e1s, desde 2024 es miembro del Grupo de Stakeholders de Pensiones Ocupacionales (OPSG) de la Autoridad Europea de Seguros y Pensiones de Jubilaci\u00f3n (EIOPA).<\/p>\n<p>Una gran parte de los m\u00e9ritos obtenidos en los \u00faltimos a\u00f1os se enmarcan en su actividad como presidenta del Comit\u00e9 Cient\u00edfico del Observatorio. La Dra. Claramunt participa en los dos programas formativos impulsados por el Observatorio: el Curso Superior Universitario de Planes y Fondos de Empleo y el Posgrado en Econom\u00eda del Comportamiento: Experimental y Aplicada a Negocio. Ha publicado m\u00e1s de una treintena de art\u00edculos, libros e informes derivados de la investigaci\u00f3n del Observatorio y ha sido ponente, presentadora y moderadora de actos divulgativos en los que el Observatorio ha participado y\/o organizado, tanto a nivel nacional como internacional. De cara al futuro, sus proyectos incluyen su involucraci\u00f3n en el Aula UB-Aon de Econom\u00eda del Comportamiento y el Aula UB-VidaCaixa de Previsi\u00f3n Social.<\/p>\n<p>La Dra. Claramunt declar\u00f3 estar \u201cmuy contenta de pasar a formar parte del Cuerpo de Catedr\u00e1ticos de Universidad de la UB. Continuar\u00e9 ejerciendo mis labores de docencia, participaci\u00f3n en la gesti\u00f3n universitaria, investigaci\u00f3n, transferencia del conocimiento y divulgaci\u00f3n con la misma ilusi\u00f3n y dedicaci\u00f3n que hasta ahora. Asimismo, afirm\u00f3 que \u201cel Observatorio de los Sistemas Europeos de Previsi\u00f3n Social Complementaria representa, a nivel profesional y tambi\u00e9n personal, una plataforma id\u00f3nea para vehicular mi investigaci\u00f3n y transferencia del conocimiento en pensiones. As\u00ed, me permite conectar de manera directa con las necesidades de todos los actores involucrados en un tema tan importante socialmente como lo es la previsi\u00f3n social, con el objetivo de poder contribuir con la investigaci\u00f3n a su an\u00e1lisis y resoluci\u00f3n. \u201c<\/p>\n","protected":false},"excerpt":{"rendered":"<p>La obtenci\u00f3n de la categor\u00eda de catedr\u00e1tica, la m\u00e1xima existente en la carrera universitaria, supone un reconocimiento a [&hellip;]<\/p>\n","protected":false},"author":3,"featured_media":8271,"comment_status":"open","ping_status":"open","sticky":false,"template":"","format":"standard","meta":{"footnotes":"","_links_to":"","_links_to_target":""},"categories":[207,4],"tags":[],"class_list":["post-8270","post","type-post","status-publish","format-standard","has-post-thumbnail","hentry","category-destacados","category-noticias"],"_links":{"self":[{"href":"https:\/\/www.ub.edu\/private-pensions\/wp-json\/wp\/v2\/posts\/8270","targetHints":{"allow":["GET"]}}],"collection":[{"href":"https:\/\/www.ub.edu\/private-pensions\/wp-json\/wp\/v2\/posts"}],"about":[{"href":"https:\/\/www.ub.edu\/private-pensions\/wp-json\/wp\/v2\/types\/post"}],"author":[{"embeddable":true,"href":"https:\/\/www.ub.edu\/private-pensions\/wp-json\/wp\/v2\/users\/3"}],"replies":[{"embeddable":true,"href":"https:\/\/www.ub.edu\/private-pensions\/wp-json\/wp\/v2\/comments?post=8270"}],"version-history":[{"count":1,"href":"https:\/\/www.ub.edu\/private-pensions\/wp-json\/wp\/v2\/posts\/8270\/revisions"}],"predecessor-version":[{"id":8272,"href":"https:\/\/www.ub.edu\/private-pensions\/wp-json\/wp\/v2\/posts\/8270\/revisions\/8272"}],"wp:featuredmedia":[{"embeddable":true,"href":"https:\/\/www.ub.edu\/private-pensions\/wp-json\/wp\/v2\/media\/8271"}],"wp:attachment":[{"href":"https:\/\/www.ub.edu\/private-pensions\/wp-json\/wp\/v2\/media?parent=8270"}],"wp:term":[{"taxonomy":"category","embeddable":true,"href":"https:\/\/www.ub.edu\/private-pensions\/wp-json\/wp\/v2\/categories?post=8270"},{"taxonomy":"post_tag","embeddable":true,"href":"https:\/\/www.ub.edu\/private-pensions\/wp-json\/wp\/v2\/tags?post=8270"}],"curies":[{"name":"wp","href":"https:\/\/api.w.org\/{rel}","templated":true}]}}