{"id":8402,"date":"2025-05-30T10:38:33","date_gmt":"2025-05-30T10:38:33","guid":{"rendered":"https:\/\/www.ub.edu\/private-pensions\/?p=8402"},"modified":"2025-05-30T10:38:33","modified_gmt":"2025-05-30T10:38:33","slug":"las-mutualidades-de-prevision-social-como-opcion-de-empoderamiento-social-2","status":"publish","type":"post","link":"https:\/\/www.ub.edu\/private-pensions\/2025\/05\/30\/las-mutualidades-de-prevision-social-como-opcion-de-empoderamiento-social-2\/","title":{"rendered":"Las mutualidades de previsi\u00f3n social como opci\u00f3n de empoderamiento social"},"content":{"rendered":"<p><span data-olk-copy-source=\"MessageBody\">Jordi Gim\u00e9nez, responsable de Relaciones Institucionales del Observatorio, analiza para La Vanguardia el papel que las mutualidades desempe\u00f1an en el sistema de previsi\u00f3n social, poniendo en valor la importancia que, por sus caracter\u00edsticas, pueden tener a la hora de ser parte esencial del necesario desarrollo de la previsi\u00f3n social complementaria. La reflexi\u00f3n se complementa con testiomonios de m\u00faltiples voces autorizadas en la materia que, durante el transcurso del XIX Encuentros de Mutualidades, compartieron su visi\u00f3n sobre la posici\u00f3n y el potencial de las mutualidades en el modelo de previsi\u00f3n social.<\/span><\/p>\n<p><a href=\"https:\/\/www.lavanguardia.com\/seguros\/20250530\/10733534\/mutualidades-prevision-social-opcion-empoderamiento-social.html\" target=\"_blank\" rel=\"noopener\">Art\u00edculo completo<\/a><\/p>\n","protected":false},"excerpt":{"rendered":"<p>Jordi Gim\u00e9nez, responsable de Relaciones Institucionales del Observatorio, analiza para La Vanguardia el papel que las mutualidades desempe\u00f1an [&hellip;]<\/p>\n","protected":false},"author":3,"featured_media":8403,"comment_status":"open","ping_status":"open","sticky":false,"template":"","format":"standard","meta":{"footnotes":"","_links_to":"","_links_to_target":""},"categories":[207,4],"tags":[],"class_list":["post-8402","post","type-post","status-publish","format-standard","has-post-thumbnail","hentry","category-destacados","category-noticias"],"_links":{"self":[{"href":"https:\/\/www.ub.edu\/private-pensions\/wp-json\/wp\/v2\/posts\/8402","targetHints":{"allow":["GET"]}}],"collection":[{"href":"https:\/\/www.ub.edu\/private-pensions\/wp-json\/wp\/v2\/posts"}],"about":[{"href":"https:\/\/www.ub.edu\/private-pensions\/wp-json\/wp\/v2\/types\/post"}],"author":[{"embeddable":true,"href":"https:\/\/www.ub.edu\/private-pensions\/wp-json\/wp\/v2\/users\/3"}],"replies":[{"embeddable":true,"href":"https:\/\/www.ub.edu\/private-pensions\/wp-json\/wp\/v2\/comments?post=8402"}],"version-history":[{"count":1,"href":"https:\/\/www.ub.edu\/private-pensions\/wp-json\/wp\/v2\/posts\/8402\/revisions"}],"predecessor-version":[{"id":8404,"href":"https:\/\/www.ub.edu\/private-pensions\/wp-json\/wp\/v2\/posts\/8402\/revisions\/8404"}],"wp:featuredmedia":[{"embeddable":true,"href":"https:\/\/www.ub.edu\/private-pensions\/wp-json\/wp\/v2\/media\/8403"}],"wp:attachment":[{"href":"https:\/\/www.ub.edu\/private-pensions\/wp-json\/wp\/v2\/media?parent=8402"}],"wp:term":[{"taxonomy":"category","embeddable":true,"href":"https:\/\/www.ub.edu\/private-pensions\/wp-json\/wp\/v2\/categories?post=8402"},{"taxonomy":"post_tag","embeddable":true,"href":"https:\/\/www.ub.edu\/private-pensions\/wp-json\/wp\/v2\/tags?post=8402"}],"curies":[{"name":"wp","href":"https:\/\/api.w.org\/{rel}","templated":true}]}}