{"id":8441,"date":"2025-06-05T17:00:32","date_gmt":"2025-06-05T17:00:32","guid":{"rendered":"https:\/\/www.ub.edu\/private-pensions\/?p=8441"},"modified":"2025-06-16T14:12:36","modified_gmt":"2025-06-16T14:12:36","slug":"preservar-el-caracter-previsional-y-finalista-de-los-planes-de-pensiones-es-esencial-para-el-correcto-desarrollo-de-la-prevision-social-complmentaria","status":"publish","type":"post","link":"https:\/\/www.ub.edu\/private-pensions\/2025\/06\/05\/preservar-el-caracter-previsional-y-finalista-de-los-planes-de-pensiones-es-esencial-para-el-correcto-desarrollo-de-la-prevision-social-complmentaria\/","title":{"rendered":"Preservar el car\u00e1cter previsional y finalista de los planes de pensiones es esencial para el correcto desarrollo de la previsi\u00f3n social complementaria"},"content":{"rendered":"<p><strong>M. Merc\u00e8 Claramunt, presidenta del Comit\u00e9 Cient\u00edfico del Observatorio de los Sistemas Europeos de Previsi\u00f3n Social Complementaria, particip\u00f3 en la 19\u00aa Jornada de Previsi\u00f3n Social Complementaria de CCOO Catalunya, uno de los actos divulgativos y de debate en torno a la previsi\u00f3n social complementaria m\u00e1s importantes a nivel estatal.<\/strong><\/p>\n<p>El 5 de junio tuvo lugar la Jornada de Previsi\u00f3n Social Complementaria de CCOO Catalunya. La edici\u00f3n de este a\u00f1o se celebr\u00f3 bajo el lema \u2018Necesidades\u2019. La sede de la organizaci\u00f3n sindical en Barcelona reuni\u00f3, en la 19\u00aa edici\u00f3n del acto, a decenas de expertos en previsi\u00f3n social procedentes de distintos \u00e1mbitos -agentes sociales, industria, academia, administraci\u00f3n p\u00fablica, etc.- en un encuentro dedicado a la difusi\u00f3n de conocimiento y la reflexi\u00f3n sobre previsi\u00f3n social complementaria.<\/p>\n<p>Como es habitual, el Observatorio de los Sistemas Europeos de Previsi\u00f3n Social Complementaria particip\u00f3 en la jornada, organizada por CCOO Catalunya, una de sus entidades colaboradoras. La presidenta del Comit\u00e9 Cient\u00edfico del Observatorio, M. Merc\u00e8 Claramunt, form\u00f3 parte del \u00faltimo panel del d\u00eda, \u2018Otro punto de vista de la previsi\u00f3n social complementaria\u2019. Junto a ella intervino Xos\u00e9 Garrido, <em>Portfolio Manager <\/em>en Caja de Ingenieros. La responsable del \u00c1rea de Previsi\u00f3n Social Complementaria de CCOO de Catalunya, Paloma Fern\u00e1ndez, fue la encargada de moderar la mesa.<\/p>\n<p>La Dra. Claramunt present\u00f3 en su intervenci\u00f3n las principales l\u00edneas de trabajo impulsadas actualmente por el Observatorio. Entre ellas destaca la elaboraci\u00f3n de un \u00edndice de desarrollo financiero personal. Esta herramienta, explic\u00f3, tiene como objetivo fomentar una mayor conciencia y responsabilidad en la planificaci\u00f3n financiera individual.<\/p>\n<p>Tambi\u00e9n abord\u00f3 el debate en torno a la entrada en vigor, a partir del 1 de enero de 2025, de la denominada \u201cventana de liquidez\u201d en los planes de pensiones, que permitir\u00e1 rescatar anticipadamente aportaciones con m\u00e1s de diez a\u00f1os de antig\u00fcedad. La Dra. Claramunt advirti\u00f3 sobre los efectos negativos de esta medida, al considerar que desvirt\u00faa la naturaleza previsional de estos instrumentos, concebidos para complementar las pensiones p\u00fablicas. Asimismo, subray\u00f3 la importancia de fomentar el ahorro desde una edad temprana y de incentivar el cobro de las prestaciones en forma de renta, y no como capital, en coherencia con su finalidad original. Desde una perspectiva de econom\u00eda del comportamiento, destac\u00f3 los principales sesgos que influyen en la percepci\u00f3n de los part\u00edcipes y defendi\u00f3 la necesidad de mantener el car\u00e1cter finalista de estos productos para asegurar el bienestar financiero en la jubilaci\u00f3n.<\/p>\n<p>En palabras de la Dra. Claramunt, \u201ces fundamental recordar que los instrumentos de previsi\u00f3n social complementaria no son un producto financiero m\u00e1s, sino una herramienta para garantizar una jubilaci\u00f3n digna y sostenible. Por eso, cualquier medida que los aleje de su objetivo previsional debe ser analizada con cautela y esp\u00edritu cr\u00edtico\u201d. La presidenta del Comit\u00e9 Cient\u00edfico del Observatorio subray\u00f3 que encuentros como esta jornada permiten \u201cconstruir conocimiento colectivo y avanzar hacia sistemas m\u00e1s s\u00f3lidos y equitativos de protecci\u00f3n social complementaria\u201d, y agradeci\u00f3 a CCOO Catalunya \u201cla invitaci\u00f3n, un a\u00f1o m\u00e1s, a participar en la jornada, as\u00ed como la confianza en el conocimiento y la labor del Observatorio\u201d.<\/p>\n","protected":false},"excerpt":{"rendered":"<p>M. Merc\u00e8 Claramunt, presidenta del Comit\u00e9 Cient\u00edfico del Observatorio de los Sistemas Europeos de Previsi\u00f3n Social Complementaria, particip\u00f3 [&hellip;]<\/p>\n","protected":false},"author":3,"featured_media":8442,"comment_status":"open","ping_status":"open","sticky":false,"template":"","format":"standard","meta":{"footnotes":"","_links_to":"","_links_to_target":""},"categories":[207,4],"tags":[],"class_list":["post-8441","post","type-post","status-publish","format-standard","has-post-thumbnail","hentry","category-destacados","category-noticias"],"_links":{"self":[{"href":"https:\/\/www.ub.edu\/private-pensions\/wp-json\/wp\/v2\/posts\/8441","targetHints":{"allow":["GET"]}}],"collection":[{"href":"https:\/\/www.ub.edu\/private-pensions\/wp-json\/wp\/v2\/posts"}],"about":[{"href":"https:\/\/www.ub.edu\/private-pensions\/wp-json\/wp\/v2\/types\/post"}],"author":[{"embeddable":true,"href":"https:\/\/www.ub.edu\/private-pensions\/wp-json\/wp\/v2\/users\/3"}],"replies":[{"embeddable":true,"href":"https:\/\/www.ub.edu\/private-pensions\/wp-json\/wp\/v2\/comments?post=8441"}],"version-history":[{"count":2,"href":"https:\/\/www.ub.edu\/private-pensions\/wp-json\/wp\/v2\/posts\/8441\/revisions"}],"predecessor-version":[{"id":8448,"href":"https:\/\/www.ub.edu\/private-pensions\/wp-json\/wp\/v2\/posts\/8441\/revisions\/8448"}],"wp:featuredmedia":[{"embeddable":true,"href":"https:\/\/www.ub.edu\/private-pensions\/wp-json\/wp\/v2\/media\/8442"}],"wp:attachment":[{"href":"https:\/\/www.ub.edu\/private-pensions\/wp-json\/wp\/v2\/media?parent=8441"}],"wp:term":[{"taxonomy":"category","embeddable":true,"href":"https:\/\/www.ub.edu\/private-pensions\/wp-json\/wp\/v2\/categories?post=8441"},{"taxonomy":"post_tag","embeddable":true,"href":"https:\/\/www.ub.edu\/private-pensions\/wp-json\/wp\/v2\/tags?post=8441"}],"curies":[{"name":"wp","href":"https:\/\/api.w.org\/{rel}","templated":true}]}}