{"id":855,"date":"2020-06-23T08:35:30","date_gmt":"2020-06-23T08:35:30","guid":{"rendered":"https:\/\/www.ub.edu\/private-pensions\/?p=855"},"modified":"2023-08-22T08:07:59","modified_gmt":"2023-08-22T08:07:59","slug":"serrano-carolina","status":"publish","type":"post","link":"https:\/\/www.ub.edu\/private-pensions\/2020\/06\/23\/serrano-carolina\/","title":{"rendered":"Carolina Serrano"},"content":{"rendered":"<p>Doctora en Derecho por la Universidad de Granada. Profesora Contratada Doctora por la Universidad de Granada en el Departamento de Derecho del Trabajo y de la Seguridad Social. <!--more-->Dos de sus l\u00edneas de investigaci\u00f3n est\u00e1n directamente conectadas con las tem\u00e1ticas del Observatorio: Seguridad Social e impacto de la rob\u00f3tica y la inteligencia artificial en las relaciones laborales. Ha sido miembro de diversos proyectos de investigaci\u00f3n entre los que destacamos: \u201cJubilaci\u00f3n y envejecimiento activo en el marco de la sostenibilidad del sistema de pensiones\u201d, 2014-2016; \u201cLa edad de jubilaci\u00f3n: un replanteamiento atendiendo a los cambios en el ciclo vital de las personas\u201d, 2011-2014 y \u201cAn\u00e1lisis interdisciplinar de los instrumentos de protecci\u00f3n y promoci\u00f3n de las personas dependientes\u201d, 2009-2013. Actualmente, es investigadora principal del Proyecto financiado por la Fundaci\u00f3n COTEC en el programa de Innovaci\u00f3n Abierta PIA 2017, titulado \u201cEl impacto de la rob\u00f3tica en el sistema de relaciones laborales en Espa\u00f1a. Ideas clave para un di\u00e1logo social\u201d. De entre sus publicaciones relacionadas con la tem\u00e1tica del observatorio destacamos:<\/p>\n<ul>\n<li>Serrano Falc\u00f3n, C: (en coautor\u00eda). La intervenci\u00f3n de facultativos m\u00e9dicos\u201d, en VV.AA. Tratado de Salud Laboral. Tomo I. Aspectos jur\u00eddicos de la Prevenci\u00f3n de Riesgos Laborales, Aranzadi, Pamplona, 2012. ISBN 9788499030487<\/li>\n<li>Serrano Falc\u00f3n, C. \u201cLa libre elecci\u00f3n de m\u00e9dico: \u00bfun derecho virtual? En VV.AA. Los retos actuales de la asistencia sanitaria espa\u00f1ola en el contexto de la Uni\u00f3n Europea, Madrid, Laborum, 2016, p\u00e1gs. 379-392. ISBN: 978-84-945033-5-1<\/li>\n<li>Presentaci\u00f3n de la comunicaci\u00f3n titulada \u201cA prop\u00f3sito de una controversia: \u00bftienen que cotizar los robots a la Seguridad Social\u201d, en el VI Encuentro de Derecho Financiero y Tributario en la mesa redonda sobre los retos de la robotizaci\u00f3n, Madrid, 26 y 27 de febrero de 2018.<\/li>\n<li>Cap\u00edtulo de libro, sobre \u201cLas pol\u00edticas activas de empleo para las personas de edad madura en la industria 4.0\u201d, en VV.AA. \u201cVida laboral y envejecimiento activo\u201d, en prensa.<\/li>\n<\/ul>\n","protected":false},"excerpt":{"rendered":"<p>Doctora en Derecho por la Universidad de Granada. Profesora Contratada Doctora por la Universidad de Granada en el [&hellip;]<\/p>\n","protected":false},"author":1,"featured_media":1309,"comment_status":"closed","ping_status":"closed","sticky":false,"template":"","format":"standard","meta":{"footnotes":"","_links_to":"","_links_to_target":""},"categories":[22],"tags":[136],"class_list":["post-855","post","type-post","status-publish","format-standard","has-post-thumbnail","hentry","category-miembros-ou","tag-universidad-granada"],"_links":{"self":[{"href":"https:\/\/www.ub.edu\/private-pensions\/wp-json\/wp\/v2\/posts\/855","targetHints":{"allow":["GET"]}}],"collection":[{"href":"https:\/\/www.ub.edu\/private-pensions\/wp-json\/wp\/v2\/posts"}],"about":[{"href":"https:\/\/www.ub.edu\/private-pensions\/wp-json\/wp\/v2\/types\/post"}],"author":[{"embeddable":true,"href":"https:\/\/www.ub.edu\/private-pensions\/wp-json\/wp\/v2\/users\/1"}],"replies":[{"embeddable":true,"href":"https:\/\/www.ub.edu\/private-pensions\/wp-json\/wp\/v2\/comments?post=855"}],"version-history":[{"count":1,"href":"https:\/\/www.ub.edu\/private-pensions\/wp-json\/wp\/v2\/posts\/855\/revisions"}],"predecessor-version":[{"id":856,"href":"https:\/\/www.ub.edu\/private-pensions\/wp-json\/wp\/v2\/posts\/855\/revisions\/856"}],"wp:featuredmedia":[{"embeddable":true,"href":"https:\/\/www.ub.edu\/private-pensions\/wp-json\/wp\/v2\/media\/1309"}],"wp:attachment":[{"href":"https:\/\/www.ub.edu\/private-pensions\/wp-json\/wp\/v2\/media?parent=855"}],"wp:term":[{"taxonomy":"category","embeddable":true,"href":"https:\/\/www.ub.edu\/private-pensions\/wp-json\/wp\/v2\/categories?post=855"},{"taxonomy":"post_tag","embeddable":true,"href":"https:\/\/www.ub.edu\/private-pensions\/wp-json\/wp\/v2\/tags?post=855"}],"curies":[{"name":"wp","href":"https:\/\/api.w.org\/{rel}","templated":true}]}}