{"id":857,"date":"2020-06-23T08:37:08","date_gmt":"2020-06-23T08:37:08","guid":{"rendered":"https:\/\/www.ub.edu\/private-pensions\/?p=857"},"modified":"2022-01-20T11:36:39","modified_gmt":"2022-01-20T11:36:39","slug":"zubiri-ignacio","status":"publish","type":"post","link":"https:\/\/www.ub.edu\/private-pensions\/2020\/06\/23\/zubiri-ignacio\/","title":{"rendered":"Ignacio Zubiri"},"content":{"rendered":"<p>Doctor en Ciencias Econ\u00f3micas por la UPV\/EHU. <!--more-->Catedr\u00e1tico de Universidad de la UPV\/EHU en el Departamento de Econom\u00eda Aplicada II (Hacienda P\u00fablica y Derecho Fiscal). De entre sus publicaciones relacionadas con la tem\u00e1tica del observatorio destacamos:<\/p>\n<ul>\n<li>IGNACIO ZUBIRI ORIA (2003) EL FUTURO DEL SISTEMA DE PENSIONES EN ESPA\u00d1A. Ministerio de Hacienda, Instituto de Estudios Fiscales, Madrid.<\/li>\n<\/ul>\n","protected":false},"excerpt":{"rendered":"<p>Doctor en Ciencias Econ\u00f3micas por la UPV\/EHU.<\/p>\n","protected":false},"author":1,"featured_media":1321,"comment_status":"open","ping_status":"open","sticky":false,"template":"","format":"standard","meta":{"footnotes":"","_links_to":"","_links_to_target":""},"categories":[22],"tags":[134],"class_list":["post-857","post","type-post","status-publish","format-standard","has-post-thumbnail","hentry","category-miembros-ou","tag-universidad-pais-vasco"],"_links":{"self":[{"href":"https:\/\/www.ub.edu\/private-pensions\/wp-json\/wp\/v2\/posts\/857","targetHints":{"allow":["GET"]}}],"collection":[{"href":"https:\/\/www.ub.edu\/private-pensions\/wp-json\/wp\/v2\/posts"}],"about":[{"href":"https:\/\/www.ub.edu\/private-pensions\/wp-json\/wp\/v2\/types\/post"}],"author":[{"embeddable":true,"href":"https:\/\/www.ub.edu\/private-pensions\/wp-json\/wp\/v2\/users\/1"}],"replies":[{"embeddable":true,"href":"https:\/\/www.ub.edu\/private-pensions\/wp-json\/wp\/v2\/comments?post=857"}],"version-history":[{"count":1,"href":"https:\/\/www.ub.edu\/private-pensions\/wp-json\/wp\/v2\/posts\/857\/revisions"}],"predecessor-version":[{"id":858,"href":"https:\/\/www.ub.edu\/private-pensions\/wp-json\/wp\/v2\/posts\/857\/revisions\/858"}],"wp:featuredmedia":[{"embeddable":true,"href":"https:\/\/www.ub.edu\/private-pensions\/wp-json\/wp\/v2\/media\/1321"}],"wp:attachment":[{"href":"https:\/\/www.ub.edu\/private-pensions\/wp-json\/wp\/v2\/media?parent=857"}],"wp:term":[{"taxonomy":"category","embeddable":true,"href":"https:\/\/www.ub.edu\/private-pensions\/wp-json\/wp\/v2\/categories?post=857"},{"taxonomy":"post_tag","embeddable":true,"href":"https:\/\/www.ub.edu\/private-pensions\/wp-json\/wp\/v2\/tags?post=857"}],"curies":[{"name":"wp","href":"https:\/\/api.w.org\/{rel}","templated":true}]}}