{"id":9100,"date":"2025-11-28T11:20:51","date_gmt":"2025-11-28T11:20:51","guid":{"rendered":"https:\/\/www.ub.edu\/private-pensions\/?p=9100"},"modified":"2025-11-28T11:20:51","modified_gmt":"2025-11-28T11:20:51","slug":"el-observatorio-participa-en-la-conferencia-sobre-la-evolucion-y-tendencias-de-la-proteccion-social-en-europa-y-espana-2","status":"publish","type":"post","link":"https:\/\/www.ub.edu\/private-pensions\/2025\/11\/28\/el-observatorio-participa-en-la-conferencia-sobre-la-evolucion-y-tendencias-de-la-proteccion-social-en-europa-y-espana-2\/","title":{"rendered":"Espa\u00f1a debe aprovechar la oportunidad de reforzar el modelo de los tres pilares: el Observatorio pide un gran pacto nacional para impulsar el ahorro y la previsi\u00f3n complementaria"},"content":{"rendered":"<p><strong>Madrid, 28 de noviembre de 2025 \u2014 El Dr. Javier Varea, director del Observatorio de los Sistemas Europeos de Previsi\u00f3n Social Complementaria, ha participado en el encuentro \u201cEl mapa del ahorro a largo plazo. Claves para afrontar el futuro de las pensiones en Espa\u00f1a\u201d, organizado por el diario econ\u00f3mico Cinco D\u00edas.<\/strong><\/p>\n<p>En su intervenci\u00f3n, el Dr. Varea ofreci\u00f3 una visi\u00f3n clara y documentada sobre la situaci\u00f3n del sistema p\u00fablico de pensiones, destacando el impacto del envejecimiento poblacional, la ca\u00edda de la natalidad y la necesidad urgente de reforzar la educaci\u00f3n financiera para asegurar la sostenibilidad del modelo en las pr\u00f3ximas d\u00e9cadas.<\/p>\n<p>El director del Observatorio subray\u00f3 que estos factores hacen imprescindible que los ciudadanos impulsen su ahorro a largo plazo, tanto mediante el desarrollo de los planes de empleo como a trav\u00e9s del tercer pilar de previsi\u00f3n social, los instrumentos individuales de ahorro. El Dr. Varea se\u00f1al\u00f3 que \u201cestos instrumentos permiten complementar la pensi\u00f3n p\u00fablica y construir una protecci\u00f3n financiera m\u00e1s s\u00f3lida y equilibrada de cara a la jubilaci\u00f3n\u201d.<\/p>\n<p>En este contexto, el Observatorio record\u00f3 su campa\u00f1a \u201cDescubre el poder del ahorro\u201d, una iniciativa orientada a promover la educaci\u00f3n financiera y a concienciar sobre la importancia de iniciar cuanto antes el ahorro previsional, destacando el papel decisivo que juega el tiempo en la acumulaci\u00f3n del capital y en la planificaci\u00f3n de la jubilaci\u00f3n.<\/p>\n<p>El Observatorio reafirm\u00f3 as\u00ed su compromiso con la divulgaci\u00f3n rigurosa, la promoci\u00f3n del ahorro previsional y el an\u00e1lisis independiente de los sistemas de pensiones, contribuyendo activamente al debate p\u00fablico sobre uno de los mayores retos econ\u00f3micos y sociales del pa\u00eds.<\/p>\n<p>Espa\u00f1a se enfrenta a un desaf\u00edo estructural en materia de pensiones, marcado por un envejecimiento demogr\u00e1fico acelerado, una natalidad persistentemente baja y una esperanza de vida cada vez mayor. Con unos planes privados que apenas alcanzan el 14% del PIB, urge avanzar hacia un modelo mixto m\u00e1s robusto, accesible y sostenible, capaz de equilibrar la presi\u00f3n sobre el sistema p\u00fablico y de canalizar el ahorro hacia la econom\u00eda productiva.<\/p>\n<p>Durante la sesi\u00f3n celebrada esta ma\u00f1ana, se analizaron cuestiones clave como las barreras que frenan el desarrollo de los planes de pensiones privados, los incentivos fiscales necesita el ahorro a largo plazo para despegar y el papel que desempe\u00f1an la digitalizaci\u00f3n y la educaci\u00f3n financiera en la transformaci\u00f3n del sistema.<\/p>\n<p>Seg\u00fan el director del Observatorio, \u201ceste encuentro refuerza la necesidad de situar el ahorro previsional, en todas sus vertientes, entre las prioridades estrat\u00e9gicas del pa\u00eds para los pr\u00f3ximos a\u00f1os\u201d.<\/p>\n<p>El pr\u00f3ximo 12 de diciembre, Cinco D\u00edas publicar\u00e1 el reportaje sobre el evento.<\/p>\n<p>&nbsp;<\/p>\n<div class=\"fusion-button-wrapper\"><style type=\"text\/css\">.fusion-button.button-1 {border-radius:50px;}<\/style><a class=\"fusion-button button-flat fusion-button-default-size button-default button-1 fusion-button-default-span fusion-button-default-type\" target=\"_blank\" rel=\"noopener noreferrer\" href=\"https:\/\/www.ub.edu\/private-pensions\/wp-content\/uploads\/2025\/11\/NdP-DESAYUNOS-CINCO-DIAS-V2.pdf\"><span class=\"fusion-button-text\">NOTA DE PRENSA<\/span><\/a><\/div>\n","protected":false},"excerpt":{"rendered":"<p>Madrid, 28 de noviembre de 2025 \u2014 El Dr. Javier Varea, director del Observatorio de los Sistemas Europeos [&hellip;]<\/p>\n","protected":false},"author":1,"featured_media":9101,"comment_status":"open","ping_status":"open","sticky":false,"template":"","format":"standard","meta":{"footnotes":"","_links_to":"","_links_to_target":""},"categories":[207,4],"tags":[],"class_list":["post-9100","post","type-post","status-publish","format-standard","has-post-thumbnail","hentry","category-destacados","category-noticias"],"_links":{"self":[{"href":"https:\/\/www.ub.edu\/private-pensions\/wp-json\/wp\/v2\/posts\/9100","targetHints":{"allow":["GET"]}}],"collection":[{"href":"https:\/\/www.ub.edu\/private-pensions\/wp-json\/wp\/v2\/posts"}],"about":[{"href":"https:\/\/www.ub.edu\/private-pensions\/wp-json\/wp\/v2\/types\/post"}],"author":[{"embeddable":true,"href":"https:\/\/www.ub.edu\/private-pensions\/wp-json\/wp\/v2\/users\/1"}],"replies":[{"embeddable":true,"href":"https:\/\/www.ub.edu\/private-pensions\/wp-json\/wp\/v2\/comments?post=9100"}],"version-history":[{"count":2,"href":"https:\/\/www.ub.edu\/private-pensions\/wp-json\/wp\/v2\/posts\/9100\/revisions"}],"predecessor-version":[{"id":9105,"href":"https:\/\/www.ub.edu\/private-pensions\/wp-json\/wp\/v2\/posts\/9100\/revisions\/9105"}],"wp:featuredmedia":[{"embeddable":true,"href":"https:\/\/www.ub.edu\/private-pensions\/wp-json\/wp\/v2\/media\/9101"}],"wp:attachment":[{"href":"https:\/\/www.ub.edu\/private-pensions\/wp-json\/wp\/v2\/media?parent=9100"}],"wp:term":[{"taxonomy":"category","embeddable":true,"href":"https:\/\/www.ub.edu\/private-pensions\/wp-json\/wp\/v2\/categories?post=9100"},{"taxonomy":"post_tag","embeddable":true,"href":"https:\/\/www.ub.edu\/private-pensions\/wp-json\/wp\/v2\/tags?post=9100"}],"curies":[{"name":"wp","href":"https:\/\/api.w.org\/{rel}","templated":true}]}}