{"id":9191,"date":"2025-12-12T09:37:26","date_gmt":"2025-12-12T09:37:26","guid":{"rendered":"https:\/\/www.ub.edu\/private-pensions\/?p=9191"},"modified":"2025-12-12T09:50:49","modified_gmt":"2025-12-12T09:50:49","slug":"treinta-anos-despues-del-pacto-de-toledo-espana-debe-dar-el-paso-urge-un-pacto-estrategico-y-social-para-impulsar-la-prevision-complementaria-2","status":"publish","type":"post","link":"https:\/\/www.ub.edu\/private-pensions\/2025\/12\/12\/treinta-anos-despues-del-pacto-de-toledo-espana-debe-dar-el-paso-urge-un-pacto-estrategico-y-social-para-impulsar-la-prevision-complementaria-2\/","title":{"rendered":"Treinta a\u00f1os despu\u00e9s del Pacto de Toledo, Espa\u00f1a debe dar el paso: urge un pacto estrat\u00e9gico y social para impulsar la previsi\u00f3n complementaria"},"content":{"rendered":"<p>Nuestro responsable de Relaciones Institucionales del Observatorio de los Sistemas Europeos de Previsi\u00f3n Social Complementaria, Jordi Gim\u00e9nez, analiza por qu\u00e9 el trig\u00e9simo aniversario del Pacto de Toledo representa una oportunidad clave para consolidar un modelo de pensiones sostenible, equilibrado y basado en el modelo de los tres pilares.<\/p>\n<p>En su nuevo art\u00edculo en <span style=\"font-weight: 400;\">La Vanguardia<\/span>, el autor repasa la evoluci\u00f3n de las recomendaciones del Pacto de Toledo \u2014desde la recomendaci\u00f3n 14 de 1995 hasta la recomendaci\u00f3n 16 de 2020\u2014 y destaca el reciente paquete legislativo de la Comisi\u00f3n Europea, que propone medidas como el <em>autoenrolment<\/em>, la creaci\u00f3n de sistemas de rastreo de pensiones, la mejora de la gobernanza de los fondos de empleo y el lanzamiento del PEPP b\u00e1sico.<\/p>\n<p><a href=\"https:\/\/www.lavanguardia.com\/seguros\/20251212\/11351953\/treinta-anos-pacto-toledo-espana-debe-dar-paso-urge-pacto-estrategico-social-impulsar-prevision-complementaria.html\">Art\u00edculo completo<\/a><\/p>\n","protected":false},"excerpt":{"rendered":"<p>Nuestro responsable de Relaciones Institucionales del Observatorio de los Sistemas Europeos de Previsi\u00f3n Social Complementaria, Jordi Gim\u00e9nez, analiza [&hellip;]<\/p>\n","protected":false},"author":1,"featured_media":9198,"comment_status":"open","ping_status":"open","sticky":false,"template":"","format":"standard","meta":{"footnotes":"","_links_to":"","_links_to_target":""},"categories":[207,4],"tags":[],"class_list":["post-9191","post","type-post","status-publish","format-standard","has-post-thumbnail","hentry","category-destacados","category-noticias"],"_links":{"self":[{"href":"https:\/\/www.ub.edu\/private-pensions\/wp-json\/wp\/v2\/posts\/9191","targetHints":{"allow":["GET"]}}],"collection":[{"href":"https:\/\/www.ub.edu\/private-pensions\/wp-json\/wp\/v2\/posts"}],"about":[{"href":"https:\/\/www.ub.edu\/private-pensions\/wp-json\/wp\/v2\/types\/post"}],"author":[{"embeddable":true,"href":"https:\/\/www.ub.edu\/private-pensions\/wp-json\/wp\/v2\/users\/1"}],"replies":[{"embeddable":true,"href":"https:\/\/www.ub.edu\/private-pensions\/wp-json\/wp\/v2\/comments?post=9191"}],"version-history":[{"count":1,"href":"https:\/\/www.ub.edu\/private-pensions\/wp-json\/wp\/v2\/posts\/9191\/revisions"}],"predecessor-version":[{"id":9197,"href":"https:\/\/www.ub.edu\/private-pensions\/wp-json\/wp\/v2\/posts\/9191\/revisions\/9197"}],"wp:featuredmedia":[{"embeddable":true,"href":"https:\/\/www.ub.edu\/private-pensions\/wp-json\/wp\/v2\/media\/9198"}],"wp:attachment":[{"href":"https:\/\/www.ub.edu\/private-pensions\/wp-json\/wp\/v2\/media?parent=9191"}],"wp:term":[{"taxonomy":"category","embeddable":true,"href":"https:\/\/www.ub.edu\/private-pensions\/wp-json\/wp\/v2\/categories?post=9191"},{"taxonomy":"post_tag","embeddable":true,"href":"https:\/\/www.ub.edu\/private-pensions\/wp-json\/wp\/v2\/tags?post=9191"}],"curies":[{"name":"wp","href":"https:\/\/api.w.org\/{rel}","templated":true}]}}