{"id":9368,"date":"2026-01-29T13:51:52","date_gmt":"2026-01-29T13:51:52","guid":{"rendered":"https:\/\/www.ub.edu\/private-pensions\/?p=9368"},"modified":"2026-03-11T10:19:16","modified_gmt":"2026-03-11T10:19:16","slug":"el-consejo-asesor-del-observatorio-impulsa-su-plan-estrategico-para-extender-la-prevision-social-complementaria-y-la-implantacion-del-autoenrolment-en-espana","status":"publish","type":"post","link":"https:\/\/www.ub.edu\/private-pensions\/2026\/01\/29\/el-consejo-asesor-del-observatorio-impulsa-su-plan-estrategico-para-extender-la-prevision-social-complementaria-y-la-implantacion-del-autoenrolment-en-espana\/","title":{"rendered":"El Consejo Asesor del Observatorio impulsa su plan estrat\u00e9gico para extender la previsi\u00f3n social complementaria y la implantaci\u00f3n del autoenrolment en Espa\u00f1a"},"content":{"rendered":"<p><strong>Barcelona, 29 de enero de 2026 \u2014 El \u00f3rgano asesor refuerza su papel como espacio de participaci\u00f3n y gu\u00eda para las iniciativas de investigaci\u00f3n en el marco del Pacto de Toledo.<\/strong><\/p>\n<p>El Consejo Asesor del Observatorio de los Sistemas Europeos de Previsi\u00f3n Social Complementaria celebr\u00f3 hoy su reuni\u00f3n ordinaria en formato online, centrada en el impulso de las l\u00edneas estrat\u00e9gicas del Observatorio en materia de educaci\u00f3n financiera y previsi\u00f3n social complementaria, en coherencia con el modelo de los tres pilares y el contexto europeo.<\/p>\n<p>La sesi\u00f3n estuvo encabezada por el director del Observatorio, Dr. Xavier Varea, junto con el presidente del Consejo Asesor, Sr. Mariano Jim\u00e9nez, y el vicepresidente, Sr. Carlos Quero, y cont\u00f3 con la participaci\u00f3n de representantes del \u00e1mbito acad\u00e9mico, institucional y profesional vinculados al desarrollo de los sistemas de previsi\u00f3n social complementaria.<\/p>\n<p>Durante la reuni\u00f3n, el Consejo Asesor valor\u00f3 el papel del Observatorio como plataforma de referencia para el an\u00e1lisis y la formulaci\u00f3n de propuestas en este \u00e1mbito, destacando su car\u00e1cter multidisciplinar y colaborativo, as\u00ed como la funci\u00f3n del propio Consejo Asesor como espacio de reflexi\u00f3n estrat\u00e9gica y orientaci\u00f3n de las iniciativas de investigaci\u00f3n y divulgaci\u00f3n.<\/p>\n<p>Uno de los ejes centrales del debate fue la educaci\u00f3n financiera, abordada desde una perspectiva estrat\u00e9gica y alineada con el Plan Nacional de Educaci\u00f3n Financiera, del cual el Observatorio forma parte como entidad integrante de la red de colaboradores. En este contexto, se destac\u00f3 especialmente el trabajo que est\u00e1 desarrollando el equipo de investigadores del Observatorio en la elaboraci\u00f3n del \u00cdndice de Desarrollo Financiero Personal, concebido como un instrumento para medir el nivel de autonom\u00eda y capacidad financiera de las personas a lo largo de su ciclo vital, con especial atenci\u00f3n a la planificaci\u00f3n de la jubilaci\u00f3n.<\/p>\n<p>En materia de previsi\u00f3n social complementaria, se present\u00f3 el avance del plan estrat\u00e9gico impulsado por el Observatorio en colaboraci\u00f3n con OCOPEN y el Instituto de Actuarios de Espa\u00f1a, entidades colaboradoras del Observatorio, a trav\u00e9s del grupo de trabajo espec\u00edfico constituido a tal efecto. Entre los principales retos identificados se encuentran la posible introducci\u00f3n del autoenrolment en Espa\u00f1a, el an\u00e1lisis de incentivos fiscales y no fiscales, la mejora de la informaci\u00f3n personalizada para la planificaci\u00f3n de la pensi\u00f3n y la necesidad de una visi\u00f3n a largo plazo para asegurar el \u00e9xito en la implantaci\u00f3n de estos cambios.<\/p>\n<p>Asimismo, se plantearon l\u00edneas de desarrollo orientadas a reforzar el segundo pilar del sistema en el marco del Pacto de Toledo, como la propuesta de creaci\u00f3n de una subcomisi\u00f3n espec\u00edfica de previsi\u00f3n social complementaria y el avance hacia una legislaci\u00f3n propia que reduzca la dispersi\u00f3n normativa existente. Tambi\u00e9n se mencion\u00f3 la incorporaci\u00f3n de estos instrumentos en el di\u00e1logo social y la negociaci\u00f3n colectiva, y la organizaci\u00f3n de un gran foro de debate que permita alcanzar consensos pol\u00edticos y sociales a trasladar a la Comisi\u00f3n de Seguimiento y Evaluaci\u00f3n del Pacto de Toledo.<\/p>\n<p>El director del Observatorio, Dr. Xavier Varea, destac\u00f3 que \u201cel Consejo Asesor desempe\u00f1a un papel clave para orientar estrat\u00e9gicamente las iniciativas del Observatorio y para situar la previsi\u00f3n social complementaria en el centro del debate t\u00e9cnico y acad\u00e9mico\u201d. Por su parte, el presidente del Consejo Asesor, Sr. Mariano Jim\u00e9nez, subray\u00f3 \u201cla necesidad de avanzar de forma coordinada y consensuada, reforzando el segundo pilar sin cuestionar el sistema p\u00fablico de pensiones\u201d. En la misma l\u00ednea, el vicepresidente, Sr. Carlos Quero, resalt\u00f3 \u201cla conexi\u00f3n entre educaci\u00f3n financiera y previsi\u00f3n social complementaria como elemento esencial para una planificaci\u00f3n adecuada de la jubilaci\u00f3n\u201d.<\/p>\n<p>El Observatorio de los Sistemas Europeos de Previsi\u00f3n Social Complementaria es una plataforma multidisciplinar de car\u00e1cter colaborativo, en la que participan entidades e instituciones comprometidas con el an\u00e1lisis, la investigaci\u00f3n y la difusi\u00f3n de conocimiento en el \u00e1mbito de la previsi\u00f3n social, con una clara vocaci\u00f3n europea.<\/p>\n<h5>Apariciones en medios:<\/h5>\n<p><a href=\"https:\/\/segurosnews.com\/news\/el-observatorio-de-prevision-social-propone-implementar-el-autoenrolment-en-espana\">Seguros News<\/a><\/p>\n<p><a href=\"https:\/\/blog.segurostv.es\/el-consejo-asesor-del-observatorio-impulsa-la-estrategia-de-prevision-social-complementaria\/\">Seguros TV Blog<\/a><\/p>\n<p>&nbsp;<\/p>\n<div class=\"fusion-button-wrapper\"><style type=\"text\/css\">.fusion-button.button-1 {border-radius:50px;}<\/style><a class=\"fusion-button button-flat fusion-button-default-size button-default button-1 fusion-button-default-span fusion-button-default-type\" target=\"_blank\" rel=\"noopener noreferrer\" href=\"https:\/\/www.ub.edu\/private-pensions\/wp-content\/uploads\/2026\/01\/NdP_Consejo_Asesor_20260129.pdf\"><span class=\"fusion-button-text\">NOTA DE PRENSA<\/span><\/a><\/div>\n","protected":false},"excerpt":{"rendered":"<p>Barcelona, 29 de enero de 2026 \u2014 El \u00f3rgano asesor refuerza su papel como espacio de participaci\u00f3n y [&hellip;]<\/p>\n","protected":false},"author":1,"featured_media":9371,"comment_status":"open","ping_status":"open","sticky":false,"template":"","format":"standard","meta":{"footnotes":"","_links_to":"","_links_to_target":""},"categories":[207,4],"tags":[],"class_list":["post-9368","post","type-post","status-publish","format-standard","has-post-thumbnail","hentry","category-destacados","category-noticias"],"_links":{"self":[{"href":"https:\/\/www.ub.edu\/private-pensions\/wp-json\/wp\/v2\/posts\/9368","targetHints":{"allow":["GET"]}}],"collection":[{"href":"https:\/\/www.ub.edu\/private-pensions\/wp-json\/wp\/v2\/posts"}],"about":[{"href":"https:\/\/www.ub.edu\/private-pensions\/wp-json\/wp\/v2\/types\/post"}],"author":[{"embeddable":true,"href":"https:\/\/www.ub.edu\/private-pensions\/wp-json\/wp\/v2\/users\/1"}],"replies":[{"embeddable":true,"href":"https:\/\/www.ub.edu\/private-pensions\/wp-json\/wp\/v2\/comments?post=9368"}],"version-history":[{"count":5,"href":"https:\/\/www.ub.edu\/private-pensions\/wp-json\/wp\/v2\/posts\/9368\/revisions"}],"predecessor-version":[{"id":9783,"href":"https:\/\/www.ub.edu\/private-pensions\/wp-json\/wp\/v2\/posts\/9368\/revisions\/9783"}],"wp:featuredmedia":[{"embeddable":true,"href":"https:\/\/www.ub.edu\/private-pensions\/wp-json\/wp\/v2\/media\/9371"}],"wp:attachment":[{"href":"https:\/\/www.ub.edu\/private-pensions\/wp-json\/wp\/v2\/media?parent=9368"}],"wp:term":[{"taxonomy":"category","embeddable":true,"href":"https:\/\/www.ub.edu\/private-pensions\/wp-json\/wp\/v2\/categories?post=9368"},{"taxonomy":"post_tag","embeddable":true,"href":"https:\/\/www.ub.edu\/private-pensions\/wp-json\/wp\/v2\/tags?post=9368"}],"curies":[{"name":"wp","href":"https:\/\/api.w.org\/{rel}","templated":true}]}}