{"id":9458,"date":"2026-02-04T09:13:47","date_gmt":"2026-02-04T09:13:47","guid":{"rendered":"https:\/\/www.ub.edu\/private-pensions\/?p=9458"},"modified":"2026-03-11T10:17:29","modified_gmt":"2026-03-11T10:17:29","slug":"segurosnews-se-incorpora-como-media-partner-del-observatorio-de-los-sistemas-europeos-de-prevision-social-complementaria","status":"publish","type":"post","link":"https:\/\/www.ub.edu\/private-pensions\/2026\/02\/04\/segurosnews-se-incorpora-como-media-partner-del-observatorio-de-los-sistemas-europeos-de-prevision-social-complementaria\/","title":{"rendered":"SegurosNews se incorpora como media partner del Observatorio de los Sistemas Europeos de Previsi\u00f3n Social Complementaria"},"content":{"rendered":"<p>Barcelona, 4 de febrero de 2026\u00a0\u2014\u00a0El Observatorio de los Sistemas Europeos de Previsi\u00f3n Social Complementaria anuncia la incorporaci\u00f3n de SegurosNews como media partner estrat\u00e9gico con el objetivo de reforzar la difusi\u00f3n de informaci\u00f3n veraz, especializada y actualizada sobre la evoluci\u00f3n y el desarrollo de la previsi\u00f3n social complementaria en Espa\u00f1a y en el contexto europeo.<\/p>\n<p><strong>SegurosNews, un medio de referencia en el sector asegurador<\/strong><\/p>\n<p>SegurosNews se ha consolidado como uno de los principales medios especializados del sector asegurador en Espa\u00f1a. Su trayectoria destaca por el rigor period\u00edstico, la independencia editorial y la capacidad para ofrecer an\u00e1lisis profundos, entrevistas relevantes, informes sectoriales y una cobertura constante de la actualidad nacional e internacional.<\/p>\n<p>Gracias a esta labor, SegurosNews se ha convertido en una fuente imprescindible para profesionales del sector, entidades aseguradoras, instituciones y agentes vinculados al ecosistema de la previsi\u00f3n y la protecci\u00f3n social.<\/p>\n<p><strong>El Observatorio: una plataforma multidisciplinar y colaborativa<\/strong><\/p>\n<p>El Observatorio de los Sistemas Europeos de Previsi\u00f3n Social Complementaria es una estructura de investigaci\u00f3n de la Universidad de Barcelona, que se constituye en una plataforma multidisciplinar de car\u00e1cter colaborativo en la que participan numerosos <em>stakeholders<\/em> de la previsi\u00f3n social: universidades, entidades gestoras, organizaciones empresariales, administraciones p\u00fablicas, profesionales del sector, sindicatos y agentes sociales.<\/p>\n<p>Su finalidad es formar, investigar y transferir conocimiento, siendo sus vectores de actividad la previsi\u00f3n social, la econom\u00eda del comportamiento y la longevidad. Sus l\u00edneas estrat\u00e9gicas, aprobadas en la III Asamblea, celebrada en mayo de 2025, son la educaci\u00f3n financiera y el desarrollo de la previsi\u00f3n social complementaria en Espa\u00f1a. .<\/p>\n<p><strong>Un marco de colaboraci\u00f3n para impulsar la cultura de la previsi\u00f3n<\/strong><\/p>\n<p>El acuerdo entre SegurosNews y el Observatorio permitir\u00e1 reforzar la difusi\u00f3n de contenidos especializados, investigaciones, entrevistas, jornadas t\u00e9cnicas y an\u00e1lisis sobre tendencias y reformas en el \u00e1mbito de la previsi\u00f3n social complementaria. Asimismo, abre un marco estable de cooperaci\u00f3n para fomentar la educaci\u00f3n financiera, mejorar la transferencia de conocimiento y promover una mayor cultura de previsi\u00f3n entre ciudadanos, empresas y administraciones.<\/p>\n<p><strong>Declaraciones<\/strong><\/p>\n<p>Rafael Sierra, editor de SegurosNews, ha se\u00f1alado: \u201cLa previsi\u00f3n social complementaria vive un momento clave, marcado por reformas, nuevas oportunidades y la necesidad de una mayor cultura de ahorro. Desde SegurosNews queremos contribuir a ese debate y este acuerdo con el Observatorio nos permitir\u00e1 ofrecer a nuestros lectores una visi\u00f3n m\u00e1s completa del modelo europeo y de sus implicaciones para el mercado espa\u00f1ol.\u201d<\/p>\n<p>Dr. Xavier Varea, director del Observatorio de los Sistemas Europeos de Previsi\u00f3n Social Complementaria, ha destacado: \u201cEl Observatorio se basa en la colaboraci\u00f3n entre distintos <em>stakeholders<\/em> y en la generaci\u00f3n de evidencia comparada. Contar con un medio referente como SegurosNews nos ayudar\u00e1 a difundir ese trabajo de manera rigurosa y a seguir promoviendo espacios de reflexi\u00f3n sobre los retos y oportunidades de los tres pilares.\u201d<\/p>\n<p>&nbsp;<\/p>\n<div class=\"fusion-button-wrapper\"><style type=\"text\/css\">.fusion-button.button-1 {border-radius:50px;}<\/style><a class=\"fusion-button button-flat fusion-button-default-size button-default button-1 fusion-button-default-span fusion-button-default-type\" target=\"_blank\" rel=\"noopener noreferrer\" href=\"https:\/\/www.ub.edu\/private-pensions\/wp-content\/uploads\/2026\/02\/260205_NdP_SEGUROSNEWS.pdf\"><span class=\"fusion-button-text\">NOTA DE PRENSA<\/span><\/a><\/div>\n","protected":false},"excerpt":{"rendered":"<p>Barcelona, 4 de febrero de 2026\u00a0\u2014\u00a0El Observatorio de los Sistemas Europeos de Previsi\u00f3n Social Complementaria anuncia la incorporaci\u00f3n [&hellip;]<\/p>\n","protected":false},"author":1,"featured_media":9467,"comment_status":"open","ping_status":"open","sticky":false,"template":"","format":"standard","meta":{"footnotes":"","_links_to":"","_links_to_target":""},"categories":[207,4],"tags":[],"class_list":["post-9458","post","type-post","status-publish","format-standard","has-post-thumbnail","hentry","category-destacados","category-noticias"],"_links":{"self":[{"href":"https:\/\/www.ub.edu\/private-pensions\/wp-json\/wp\/v2\/posts\/9458","targetHints":{"allow":["GET"]}}],"collection":[{"href":"https:\/\/www.ub.edu\/private-pensions\/wp-json\/wp\/v2\/posts"}],"about":[{"href":"https:\/\/www.ub.edu\/private-pensions\/wp-json\/wp\/v2\/types\/post"}],"author":[{"embeddable":true,"href":"https:\/\/www.ub.edu\/private-pensions\/wp-json\/wp\/v2\/users\/1"}],"replies":[{"embeddable":true,"href":"https:\/\/www.ub.edu\/private-pensions\/wp-json\/wp\/v2\/comments?post=9458"}],"version-history":[{"count":2,"href":"https:\/\/www.ub.edu\/private-pensions\/wp-json\/wp\/v2\/posts\/9458\/revisions"}],"predecessor-version":[{"id":9782,"href":"https:\/\/www.ub.edu\/private-pensions\/wp-json\/wp\/v2\/posts\/9458\/revisions\/9782"}],"wp:featuredmedia":[{"embeddable":true,"href":"https:\/\/www.ub.edu\/private-pensions\/wp-json\/wp\/v2\/media\/9467"}],"wp:attachment":[{"href":"https:\/\/www.ub.edu\/private-pensions\/wp-json\/wp\/v2\/media?parent=9458"}],"wp:term":[{"taxonomy":"category","embeddable":true,"href":"https:\/\/www.ub.edu\/private-pensions\/wp-json\/wp\/v2\/categories?post=9458"},{"taxonomy":"post_tag","embeddable":true,"href":"https:\/\/www.ub.edu\/private-pensions\/wp-json\/wp\/v2\/tags?post=9458"}],"curies":[{"name":"wp","href":"https:\/\/api.w.org\/{rel}","templated":true}]}}