{"id":9713,"date":"2026-02-26T07:34:44","date_gmt":"2026-02-26T07:34:44","guid":{"rendered":"https:\/\/www.ub.edu\/private-pensions\/?p=9713"},"modified":"2026-03-11T10:14:58","modified_gmt":"2026-03-11T10:14:58","slug":"el-observatorio-de-los-sistemas-europeos-de-prevision-social-complementaria-participa-en-la-asamblea-de-la-red-de-colaboradores-del-plan-finanzas-para-todos","status":"publish","type":"post","link":"https:\/\/www.ub.edu\/private-pensions\/2026\/02\/26\/el-observatorio-de-los-sistemas-europeos-de-prevision-social-complementaria-participa-en-la-asamblea-de-la-red-de-colaboradores-del-plan-finanzas-para-todos\/","title":{"rendered":"El Observatorio de los Sistemas Europeos de Previsi\u00f3n Social Complementaria participa en la Asamblea de la Red de Colaboradores del Plan \u201cFinanzas para Todos\u201d"},"content":{"rendered":"<p><strong>Madrid, 23 de febrero de 2026 \u2014 El Observatorio de los Sistemas Europeos de Previsi\u00f3n Social Complementaria ha participado en la Asamblea de la Red de Colaboradores del Plan de Educaci\u00f3n Financiera \u201cFinanzas para Todos\u201d, celebrada en Madrid el pasado 23 de febrero.<\/strong><\/p>\n<p>En representaci\u00f3n del Observatorio asistieron su director, el Dr. Xavier Varea, y el director de Relaciones Institucionales, Jordi Gim\u00e9nez, quienes compartieron con los promotores y colaboradores las principales l\u00edneas de actuaci\u00f3n de la entidad en el \u00e1mbito de la educaci\u00f3n financiera.<\/p>\n<p><strong>Preparaci\u00f3n de la GMW 2026 y lema \u201cHabla de dinero. Es de buena educaci\u00f3n\u201d<\/strong><\/p>\n<p>La Asamblea centr\u00f3 buena parte de su programa en la preparaci\u00f3n de la Global Money Week 2026 (GMW 2026), que se desarrollar\u00e1 bajo el lema \u201cHabla de dinero. Es de buena educaci\u00f3n\u201d.<\/p>\n<p>En este marco, Xavier Varea present\u00f3 las iniciativas que el Observatorio desarrollar\u00e1 con motivo de la GMW 2026. Entre ellas, destac\u00f3 la continuidad de la colecci\u00f3n de reels divulgativos dedicados a premios Nobel de Econom\u00eda cuyas aportaciones guardan relaci\u00f3n con el ahorro y la planificaci\u00f3n financiera. La edici\u00f3n de 2026 estar\u00e1 centrada en la figura de Harry Markowitz, premiado con el Nobel en 1990, y su teor\u00eda del portafolio moderno, pieza clave para comprender la diversificaci\u00f3n y la gesti\u00f3n del riesgo.<\/p>\n<p>Asimismo, el Observatorio organizar\u00e1, en colaboraci\u00f3n con el Instituto de Estudios Financieros, una jornada formativa dirigida a estudiantes de bachillerato y ciclos formativos, que se celebrar\u00e1 en la Facultad de Econom\u00eda y Empresa de la Universidad de Barcelona, con el objetivo de acercar conceptos de ahorro, inversi\u00f3n y previsi\u00f3n social a los m\u00e1s j\u00f3venes.<\/p>\n<p><strong>Presentaci\u00f3n del \u00cdndice de Desarrollo Financiero Personal (IDFP)<\/strong><\/p>\n<p>Durante la Asamblea, Xavier Varea present\u00f3 tambi\u00e9n el \u00cdndice de Desarrollo Financiero Personal (IDFP), una herramienta pionera elaborada por el equipo de investigadores del Observatorio.<\/p>\n<p>El IDFP constituye una herramienta de medici\u00f3n objetiva y reproducible del desarrollo financiero medio de la poblaci\u00f3n adulta en un territorio determinado. Para su construcci\u00f3n se ha dise\u00f1ado un marco conceptual propio, desarrollado a partir del Marco Com\u00fan para Adultos promovido por la Uni\u00f3n Europea y la OCDE.<\/p>\n<p>El \u00edndice se estructura en 70 temas, 5 \u00e1reas, 4 dimensiones (Saber, Saber Hacer, Querer Hacer y Hacer) y tiene en cuenta 170 indicadores procedentes de 21 fuentes de informaci\u00f3n.<\/p>\n<p>Del total de informaci\u00f3n empleada, un 50% procede de la Encuesta de Competencias Financieras (ECF) y un 20% de datos objetivos o \u201cdatos duros\u201d. Esta combinaci\u00f3n permite una medici\u00f3n m\u00e1s completa, que no solo eval\u00faa conocimientos, sino tambi\u00e9n comportamientos, aptitudes y actitudes financieras.<\/p>\n<p>A partir del marco conceptual del IDFP, el Observatorio est\u00e1 desarrollando herramientas espec\u00edficas para la evaluaci\u00f3n de la eficacia de las acciones de educaci\u00f3n financiera, facilitando as\u00ed un an\u00e1lisis riguroso del impacto de las iniciativas impulsadas por instituciones p\u00fablicas y privadas<\/p>\n<p><strong>Gobernanza del \u00cdDFP e independencia cient\u00edfica<\/strong><\/p>\n<p>En las pr\u00f3ximas etapas del proyecto se prev\u00e9 la implementaci\u00f3n de un modelo de gobernanza del \u00cdndice que garantice la independencia cient\u00edfica, la participaci\u00f3n institucional y la transparencia en todos los procesos vinculados al IDFP. Este modelo contemplar\u00e1 un Comit\u00e9 metodol\u00f3gico, un Comit\u00e9 t\u00e9cnico y un Consejo asesor.<\/p>\n<p>El Observatorio puso el IDFP a disposici\u00f3n de todos los colaboradores de la Red y, en especial, de los promotores del Plan, ofreciendo la posibilidad de presentar en detalle esta herramienta y explorar v\u00edas de colaboraci\u00f3n.<\/p>\n<p>Con su participaci\u00f3n en la Asamblea, el Observatorio reafirma su compromiso con la mejora de la cultura y el desarrollo financiero de la ciudadan\u00eda, en l\u00ednea con los objetivos estrat\u00e9gicos del Plan \u201cFinanzas para Todos\u201d y de la agenda europea en materia de educaci\u00f3n financiera.<\/p>\n<h5>Apariciones en medios:<\/h5>\n<p><a href=\"https:\/\/segurosnews.com\/ultimas-noticias\/el-observatorio-de-prevision-social-prepara-su-participacion-en-la-global-money-week-2026\">Seguros News<\/a><\/p>\n<p><a href=\"https:\/\/blog.segurostv.es\/el-observatorio-de-los-sistemas-europeos-de-prevision-social-complementaria-participa-en-la-asamblea-finanzas-para-todos\/\">Seguros TV Blog<\/a><\/p>\n<p>&nbsp;<\/p>\n<div class=\"fusion-button-wrapper\"><style type=\"text\/css\">.fusion-button.button-1 {border-radius:50px;}<\/style><a class=\"fusion-button button-flat fusion-button-default-size button-default button-1 fusion-button-default-span fusion-button-default-type\" target=\"_blank\" rel=\"noopener noreferrer\" href=\"https:\/\/www.ub.edu\/private-pensions\/wp-content\/uploads\/2026\/02\/260223_NdP-ASAMBLEA-PLAN-EDUCACION-FINANCIERA.pdf\"><span class=\"fusion-button-text\">NOTA DE PRENSA<\/span><\/a><\/div>\n","protected":false},"excerpt":{"rendered":"<p>Madrid, 23 de febrero de 2026 \u2014 El Observatorio de los Sistemas Europeos de Previsi\u00f3n Social Complementaria ha [&hellip;]<\/p>\n","protected":false},"author":1,"featured_media":9714,"comment_status":"open","ping_status":"open","sticky":false,"template":"","format":"standard","meta":{"footnotes":"","_links_to":"","_links_to_target":""},"categories":[207,4],"tags":[],"class_list":["post-9713","post","type-post","status-publish","format-standard","has-post-thumbnail","hentry","category-destacados","category-noticias"],"_links":{"self":[{"href":"https:\/\/www.ub.edu\/private-pensions\/wp-json\/wp\/v2\/posts\/9713","targetHints":{"allow":["GET"]}}],"collection":[{"href":"https:\/\/www.ub.edu\/private-pensions\/wp-json\/wp\/v2\/posts"}],"about":[{"href":"https:\/\/www.ub.edu\/private-pensions\/wp-json\/wp\/v2\/types\/post"}],"author":[{"embeddable":true,"href":"https:\/\/www.ub.edu\/private-pensions\/wp-json\/wp\/v2\/users\/1"}],"replies":[{"embeddable":true,"href":"https:\/\/www.ub.edu\/private-pensions\/wp-json\/wp\/v2\/comments?post=9713"}],"version-history":[{"count":3,"href":"https:\/\/www.ub.edu\/private-pensions\/wp-json\/wp\/v2\/posts\/9713\/revisions"}],"predecessor-version":[{"id":9737,"href":"https:\/\/www.ub.edu\/private-pensions\/wp-json\/wp\/v2\/posts\/9713\/revisions\/9737"}],"wp:featuredmedia":[{"embeddable":true,"href":"https:\/\/www.ub.edu\/private-pensions\/wp-json\/wp\/v2\/media\/9714"}],"wp:attachment":[{"href":"https:\/\/www.ub.edu\/private-pensions\/wp-json\/wp\/v2\/media?parent=9713"}],"wp:term":[{"taxonomy":"category","embeddable":true,"href":"https:\/\/www.ub.edu\/private-pensions\/wp-json\/wp\/v2\/categories?post=9713"},{"taxonomy":"post_tag","embeddable":true,"href":"https:\/\/www.ub.edu\/private-pensions\/wp-json\/wp\/v2\/tags?post=9713"}],"curies":[{"name":"wp","href":"https:\/\/api.w.org\/{rel}","templated":true}]}}