{"id":9744,"date":"2026-03-05T14:25:05","date_gmt":"2026-03-05T14:25:05","guid":{"rendered":"https:\/\/www.ub.edu\/private-pensions\/?p=9744"},"modified":"2026-03-11T10:13:11","modified_gmt":"2026-03-11T10:13:11","slug":"9744","status":"publish","type":"post","link":"https:\/\/www.ub.edu\/private-pensions\/2026\/03\/05\/9744\/","title":{"rendered":"El Observatorio de los Sistemas Europeos de Previsi\u00f3n Social Complementaria re\u00fane a expertos para abordar pensiones, cuidados y Silver Economy con motivo del D\u00eda de la Mujer"},"content":{"rendered":"<p><strong>Barcelona, 5 de marzo de 2026 \u2014 Con motivo de la celebraci\u00f3n del D\u00eda Internacional de la Mujer, el Observatorio de los Sistemas Europeos de Previsi\u00f3n Social Complementaria organiz\u00f3 el webinar \u201cLa longevidad desde una perspectiva de g\u00e9nero\u201d, en colaboraci\u00f3n con Helvetia Caser y PENSIUM. La sesi\u00f3n analiz\u00f3 c\u00f3mo la mayor esperanza de vida de las mujeres, unida a trayectorias laborales m\u00e1s discontinuas, impacta en la suficiencia de ingresos, la planificaci\u00f3n del ahorro, los cuidados de larga duraci\u00f3n y el desarrollo de la Silver Economy.<\/strong><\/p>\n<p>En la intervenci\u00f3n inicial, Francisco Villavicencio (Doctor en Estad\u00edstica, dem\u00f3grafo, Universidad de Barcelona; miembro del Observatorio) comparti\u00f3 las claves de la segunda edici\u00f3n del Atlas Mundial de la Longevidad, actualizaci\u00f3n del estudio elaborado en 2020. El Atlas analiza la longevidad de hombres y mujeres en 82 pa\u00edses de los cinco continentes (1990\u20132050) e incorpora proyecciones hasta 2050, as\u00ed como la velocidad y posibles variaciones del fen\u00f3meno en cada pa\u00eds.<\/p>\n<p>La mesa redonda, presentada y moderada por Merc\u00e8 Claramunt, catedr\u00e1tica de Matem\u00e1tica Econ\u00f3mica, Financiera y Actuarial y presidenta del Comit\u00e9 Cient\u00edfico del Observatorio, puso el foco en tres objetivos: presentar la actualizaci\u00f3n del Atlas; analizar los retos del aumento de la longevidad y proponer soluciones para la salud financiera s\u00e9nior; y descubrir oportunidades para la Silver Economy.<\/p>\n<p>David Atance (Departamento de Econom\u00eda y Direcci\u00f3n de Empresas, Universidad de Alcal\u00e1 de Henare) abord\u00f3 el gap de g\u00e9nero: sus causas, su presencia comparada entre pa\u00edses y regiones espa\u00f1olas, y su evoluci\u00f3n prevista.<\/p>\n<p>Nat\u00e0lia Bund\u00f3 (Directora de Desarrollo de Negocio, PENSIUM) trat\u00f3 el impacto en las familias del aumento de la esperanza de vida, el coste econ\u00f3mico de los cuidados seg\u00fan g\u00e9nero y las adaptaciones sociales necesarias para responder a mayores necesidades de cuidado.<\/p>\n<p>Eva Valero Directora de Soluciones de Ahorro Particulares, Helvetia Caser; Directora del Observatorio Helvetia Caser) analiz\u00f3 c\u00f3mo las trayectorias laborales discontinuas afectan la capacidad real de ahorro y qu\u00e9 palancas de previsi\u00f3n social pueden activar las mujeres; explic\u00f3 por qu\u00e9, pese a expresar mayor preocupaci\u00f3n por el futuro, muchas inician el ahorro m\u00e1s tarde, y qu\u00e9 acompa\u00f1amiento financiero necesitan; subray\u00f3 la integraci\u00f3n de salud, autonom\u00eda y planificaci\u00f3n financiera para una longevidad sostenible, y defendi\u00f3 el dise\u00f1o de productos de ahorro sensibles a la feminizaci\u00f3n de la longevidad, identificando datos y \u00e1reas de an\u00e1lisisprioritarios.<\/p>\n<p>La profesora Claramunt destac\u00f3 que la longevidad es uno de los tres vectores de actividad del Observatorio y una cuesti\u00f3n clave de futuro, por su impacto en la previsi\u00f3n social y el ecosistema econ\u00f3mico y de cuidados asociado a la Silver Economy.<\/p>\n<h5>Apariciones en medios:<\/h5>\n<p><a href=\"https:\/\/segurosnews.com\/ultimas-noticias\/el-observatorio-de-prevision-social-aborda-la-longevidad-desde-una-perspectiva-de-genero\">Seguros News<\/a><\/p>\n<p><a href=\"https:\/\/blog.segurostv.es\/el-observatorio-analiza-en-una-webinar-pensiones-cuidados-y-silver-economy\/\">Seguros TV Blog<\/a><\/p>\n<p>&nbsp;<\/p>\n<div class=\"fusion-button-wrapper\"><style type=\"text\/css\">.fusion-button.button-1 {border-radius:50px;}<\/style><a class=\"fusion-button button-flat fusion-button-default-size button-default button-1 fusion-button-default-span fusion-button-default-type\" target=\"_blank\" rel=\"noopener noreferrer\" href=\"https:\/\/www.ub.edu\/private-pensions\/wp-content\/uploads\/2026\/03\/NdP-webinar-longevidad-desde-una-perspectiva-de-genero-20260305.pdf\"><span class=\"fusion-button-text\">NOTA DE PRENSA<\/span><\/a><\/div>\n","protected":false},"excerpt":{"rendered":"<p>Barcelona, 5 de marzo de 2026 \u2014 Con motivo de la celebraci\u00f3n del D\u00eda Internacional de la Mujer, [&hellip;]<\/p>\n","protected":false},"author":1,"featured_media":9745,"comment_status":"open","ping_status":"open","sticky":false,"template":"","format":"standard","meta":{"footnotes":"","_links_to":"","_links_to_target":""},"categories":[207,4],"tags":[],"class_list":["post-9744","post","type-post","status-publish","format-standard","has-post-thumbnail","hentry","category-destacados","category-noticias"],"_links":{"self":[{"href":"https:\/\/www.ub.edu\/private-pensions\/wp-json\/wp\/v2\/posts\/9744","targetHints":{"allow":["GET"]}}],"collection":[{"href":"https:\/\/www.ub.edu\/private-pensions\/wp-json\/wp\/v2\/posts"}],"about":[{"href":"https:\/\/www.ub.edu\/private-pensions\/wp-json\/wp\/v2\/types\/post"}],"author":[{"embeddable":true,"href":"https:\/\/www.ub.edu\/private-pensions\/wp-json\/wp\/v2\/users\/1"}],"replies":[{"embeddable":true,"href":"https:\/\/www.ub.edu\/private-pensions\/wp-json\/wp\/v2\/comments?post=9744"}],"version-history":[{"count":2,"href":"https:\/\/www.ub.edu\/private-pensions\/wp-json\/wp\/v2\/posts\/9744\/revisions"}],"predecessor-version":[{"id":9753,"href":"https:\/\/www.ub.edu\/private-pensions\/wp-json\/wp\/v2\/posts\/9744\/revisions\/9753"}],"wp:featuredmedia":[{"embeddable":true,"href":"https:\/\/www.ub.edu\/private-pensions\/wp-json\/wp\/v2\/media\/9745"}],"wp:attachment":[{"href":"https:\/\/www.ub.edu\/private-pensions\/wp-json\/wp\/v2\/media?parent=9744"}],"wp:term":[{"taxonomy":"category","embeddable":true,"href":"https:\/\/www.ub.edu\/private-pensions\/wp-json\/wp\/v2\/categories?post=9744"},{"taxonomy":"post_tag","embeddable":true,"href":"https:\/\/www.ub.edu\/private-pensions\/wp-json\/wp\/v2\/tags?post=9744"}],"curies":[{"name":"wp","href":"https:\/\/api.w.org\/{rel}","templated":true}]}}