{"id":9763,"date":"2026-03-10T14:59:07","date_gmt":"2026-03-10T14:59:07","guid":{"rendered":"https:\/\/www.ub.edu\/private-pensions\/?p=9763"},"modified":"2026-03-11T10:14:07","modified_gmt":"2026-03-11T10:14:07","slug":"el-observatorio-de-los-sistemas-europeos-de-prevision-social-complementaria-participo-en-la-audiencia-publica-del-comite-economico-y-social-europeo-sobre-pensiones-complementarias-en-beneficio-de-la-c","status":"publish","type":"post","link":"https:\/\/www.ub.edu\/private-pensions\/2026\/03\/10\/el-observatorio-de-los-sistemas-europeos-de-prevision-social-complementaria-participo-en-la-audiencia-publica-del-comite-economico-y-social-europeo-sobre-pensiones-complementarias-en-beneficio-de-la-c\/","title":{"rendered":"El Observatorio de los Sistemas Europeos de Previsi\u00f3n Social Complementaria particip\u00f3 en la audiencia p\u00fablica del Comit\u00e9 Econ\u00f3mico y Social Europeo sobre Pensiones complementarias en beneficio de la ciudadan\u00eda de la UE"},"content":{"rendered":"<p><strong>Bruselas (<em>online<\/em>), 10 de marzo de 2026 \u2014 El Comit\u00e9 Econ\u00f3mico y Social Europeo (CESE) celebr\u00f3 la audiencia p\u00fablica \u201cPensiones complementarias en beneficio de la ciudadan\u00eda de la UE (Supplementary pensions to the benefit of EU citizens)\u201d, donde se debati\u00f3 c\u00f3mo los reg\u00edmenes ocupacionales y privados pod\u00edan mejorar la adecuaci\u00f3n de las pensiones y aportar capital a largo plazo a la econom\u00eda europea en un contexto de envejecimiento demogr\u00e1fico y presi\u00f3n sobre los presupuestos p\u00fablicos.<\/strong><\/p>\n<p>Como \u00f3rgano consultivo que re\u00fane a empleadores, trabajadores y otras organizaciones de la sociedad civil, el CESE ofreci\u00f3 el marco para recoger propuestas y salvaguardas desde la sociedad civil organizada. El debate reuni\u00f3 a diferentes representantes de la sociedad civil \u2014es decir, del mundo acad\u00e9mico, los sindicatos, la industria, los consumidores\u2026\u2014 para reflexionar sobre el papel de la previsi\u00f3n social complementaria en el modelo europeo.<\/p>\n<p>En representaci\u00f3n del Observatorio de los Sistemas Europeos de Previsi\u00f3n Social Complementaria, la Dra. Laura Gonz\u00e1lez\u2011Vila particip\u00f3 en la mesa dedicada a las experiencias nacionales, donde analiz\u00f3 los principales retos del sistema espa\u00f1ol de pensiones y el papel que pueden desempe\u00f1ar los pilares segundo y tercero para reforzar la sostenibilidad del modelo.<\/p>\n<p>Durante su intervenci\u00f3n, subray\u00f3 que Espa\u00f1a comparte con muchos pa\u00edses europeos tres tendencias estructurales: el envejecimiento de la poblaci\u00f3n, la baja natalidad y la reducci\u00f3n del n\u00famero de cotizantes por pensionista. A estos factores se suman elementos propios del mercado laboral espa\u00f1ol, como una tasa de desempleo hist\u00f3ricamente elevada y trayectorias laborales m\u00e1s discontinuas, que ejercen presi\u00f3n adicional sobre el sistema p\u00fablico de reparto.<\/p>\n<p>En este contexto, destac\u00f3 la importancia de reforzar la previsi\u00f3n social complementaria. Seg\u00fan datos recientes, el patrimonio de los planes de empleo se sit\u00faa en torno a los 40.900 millones de euros, mientras que los planes individuales alcanzan aproximadamente 96.300 millones de euros, aunque el desarrollo del pilar de empleo sigue siendo limitado en comparaci\u00f3n con otros pa\u00edses europeos.<\/p>\n<p>La Dra. Gonz\u00e1lez-Vila se\u00f1al\u00f3 que el segundo pilar constituye el principal espacio de crecimiento en Espa\u00f1a, especialmente tras la aprobaci\u00f3n de la Ley 12\/2022, que busca ampliar la cobertura de los planes de pensiones de empleo a trabajadores de pymes, aut\u00f3nomos y empleados p\u00fablicos, as\u00ed como reducir costes mediante los fondos de promoci\u00f3n p\u00fablica.<\/p>\n<p>Asimismo, subray\u00f3 la necesidad de mejorar el dise\u00f1o de incentivos al ahorro para la jubilaci\u00f3n y de reforzar la educaci\u00f3n financiera, incorporando herramientas de las finanzas del comportamiento. En este sentido, destac\u00f3 mecanismos como el <em>autoenrolment<\/em> o adscripci\u00f3n autom\u00e1tica, que facilitan la participaci\u00f3n en planes de pensiones respetando la libertad de elecci\u00f3n de los trabajadores.<\/p>\n<p>La intervenci\u00f3n concluy\u00f3 se\u00f1alando que la resiliencia del sistema de pensiones depende de una ecuaci\u00f3n clara: sostenibilidad del pilar p\u00fablico, expansi\u00f3n efectiva del segundo pilar, dise\u00f1o coherente de incentivos y mejora de la educaci\u00f3n financiera de la ciudadan\u00eda.<\/p>\n<h5>Apariciones en medios:<\/h5>\n<p><a href=\"https:\/\/segurosnews.com\/news\/el-observatorio-de-prevision-social-participa-en-la-audiencia-del-comite-economico-y-social-europeo\">Seguros News<\/a><\/p>\n<p>&nbsp;<\/p>\n<div class=\"fusion-button-wrapper\"><style type=\"text\/css\">.fusion-button.button-1 {border-radius:50px;}<\/style><a class=\"fusion-button button-flat fusion-button-default-size button-default button-1 fusion-button-default-span fusion-button-default-type\" target=\"_blank\" rel=\"noopener noreferrer\" href=\"https:\/\/www.ub.edu\/private-pensions\/wp-content\/uploads\/2026\/03\/20260310_NdP-SUPPLEMENTARY-PENSIONS.pdf\"><span class=\"fusion-button-text\">NOTA DE PRENSA<\/span><\/a><\/div>\n","protected":false},"excerpt":{"rendered":"<p>Bruselas (online), 10 de marzo de 2026 \u2014 El Comit\u00e9 Econ\u00f3mico y Social Europeo (CESE) celebr\u00f3 la audiencia [&hellip;]<\/p>\n","protected":false},"author":1,"featured_media":9764,"comment_status":"open","ping_status":"open","sticky":false,"template":"","format":"standard","meta":{"footnotes":"","_links_to":"","_links_to_target":""},"categories":[207,4],"tags":[],"class_list":["post-9763","post","type-post","status-publish","format-standard","has-post-thumbnail","hentry","category-destacados","category-noticias"],"_links":{"self":[{"href":"https:\/\/www.ub.edu\/private-pensions\/wp-json\/wp\/v2\/posts\/9763","targetHints":{"allow":["GET"]}}],"collection":[{"href":"https:\/\/www.ub.edu\/private-pensions\/wp-json\/wp\/v2\/posts"}],"about":[{"href":"https:\/\/www.ub.edu\/private-pensions\/wp-json\/wp\/v2\/types\/post"}],"author":[{"embeddable":true,"href":"https:\/\/www.ub.edu\/private-pensions\/wp-json\/wp\/v2\/users\/1"}],"replies":[{"embeddable":true,"href":"https:\/\/www.ub.edu\/private-pensions\/wp-json\/wp\/v2\/comments?post=9763"}],"version-history":[{"count":5,"href":"https:\/\/www.ub.edu\/private-pensions\/wp-json\/wp\/v2\/posts\/9763\/revisions"}],"predecessor-version":[{"id":9776,"href":"https:\/\/www.ub.edu\/private-pensions\/wp-json\/wp\/v2\/posts\/9763\/revisions\/9776"}],"wp:featuredmedia":[{"embeddable":true,"href":"https:\/\/www.ub.edu\/private-pensions\/wp-json\/wp\/v2\/media\/9764"}],"wp:attachment":[{"href":"https:\/\/www.ub.edu\/private-pensions\/wp-json\/wp\/v2\/media?parent=9763"}],"wp:term":[{"taxonomy":"category","embeddable":true,"href":"https:\/\/www.ub.edu\/private-pensions\/wp-json\/wp\/v2\/categories?post=9763"},{"taxonomy":"post_tag","embeddable":true,"href":"https:\/\/www.ub.edu\/private-pensions\/wp-json\/wp\/v2\/tags?post=9763"}],"curies":[{"name":"wp","href":"https:\/\/api.w.org\/{rel}","templated":true}]}}