{"id":7381,"date":"2021-01-21T15:46:25","date_gmt":"2021-01-21T15:46:25","guid":{"rendered":"https:\/\/www.ub.edu\/proyectomonastic\/?p=7381"},"modified":"2021-02-19T13:45:08","modified_gmt":"2021-02-19T13:45:08","slug":"presentacion-de-la-publicacion-el-monasterio-de-san-juan","status":"publish","type":"post","link":"https:\/\/www.ub.edu\/proyectomonastic\/es\/presentacion-de-la-publicacion-el-monasterio-de-san-juan\/","title":{"rendered":"Presentaci\u00f3n de la publicaci\u00f3n: El Monasterio de San Juan"},"content":{"rendered":"<div class=\"boldgrid-section\">\n<div class=\"container\">\n<div class=\"row\">\n<div class=\"col-md-12 col-xs-12 col-sm-12\">\n<p>[vc_row][vc_column][vc_column_text]<\/p>\n<\/div>\n<\/div>\n<\/div>\n<\/div>\n<div class=\"boldgrid-section\">\n<div class=\"container\">\n<div class=\"row\">\n<div class=\"col-md-12 col-xs-12 col-sm-12\">\n<p>[\/vc_column_text][\/vc_column][\/vc_row][vc_row][vc_column][vc_single_image image=&#8221;7154&#8243; img_size=&#8221;full&#8221;][\/vc_column][\/vc_row][vc_row][vc_column][vc_column_text]<\/p>\n<div class=\"boldgrid-section\">\n<div class=\"container\">\n<div class=\"row\">\n<div class=\"col-md-12 col-xs-12 col-sm-12\">\n<p><em><strong>El monasterio de San Juan. El primer cenobio femenino de los condados catalanes (c. 887-1071) <\/strong><\/em><\/p>\n<p><strong>26 de ENERO de 2020.<\/strong><\/p>\n<p><strong>Palacio de la Abad\u00eda, San Juan de las Abadesas<\/strong><\/p>\n<p>La presentaci\u00f3n ir\u00e1 a cargo del equipo de editores Irene Brugu\u00e9s, Coloma Boada y Xavier Costa. La obra est\u00e1 formada por 15 contribuciones de 13 autores que hacen un recorrido por cada uno de los aspectos que conformaron y modelaron la vida de las mujeres del primer cenobio femenino de los condados catalanes.<\/p>\n<\/div>\n<\/div>\n<\/div>\n<\/div>\n<div class=\"boldgrid-section\">\n<div class=\"container\">\n<div class=\"row\">\n<div class=\"col-md-12 col-xs-12 col-sm-12\"><\/div>\n<\/div>\n<\/div>\n<\/div>\n<p>[\/vc_column_text][\/vc_column][\/vc_row][vc_row][vc_column][vc_column_text]<\/p>\n<\/div>\n<\/div>\n<\/div>\n<\/div>\n<div class=\"boldgrid-section\">\n<div class=\"container\">\n<div class=\"row\">\n<div class=\"col-md-12 col-xs-12 col-sm-12\">\n<p>[\/vc_column_text][\/vc_column][\/vc_row]<\/p>\n<\/div>\n<\/div>\n<\/div>\n<\/div>\n","protected":false},"excerpt":{"rendered":"<p>[vc_row][vc_column][vc_column_text] [\/vc_column_text][\/vc_column][\/vc_row][vc_row][vc_column][vc_single_image image=&#8221;7154&#8243; img_size=&#8221;full&#8221;][\/vc_column][\/vc_row][vc_row][vc_column][vc_column_text] El monasterio de San Juan. El primer cenobio femenino de los&#8230;<\/p>\n","protected":false},"author":1,"featured_media":0,"comment_status":"closed","ping_status":"closed","sticky":false,"template":"","format":"standard","meta":[],"categories":[216],"tags":[240,252,232,266],"_links":{"self":[{"href":"https:\/\/www.ub.edu\/proyectomonastic\/wp-json\/wp\/v2\/posts\/7381"}],"collection":[{"href":"https:\/\/www.ub.edu\/proyectomonastic\/wp-json\/wp\/v2\/posts"}],"about":[{"href":"https:\/\/www.ub.edu\/proyectomonastic\/wp-json\/wp\/v2\/types\/post"}],"author":[{"embeddable":true,"href":"https:\/\/www.ub.edu\/proyectomonastic\/wp-json\/wp\/v2\/users\/1"}],"replies":[{"embeddable":true,"href":"https:\/\/www.ub.edu\/proyectomonastic\/wp-json\/wp\/v2\/comments?post=7381"}],"version-history":[{"count":6,"href":"https:\/\/www.ub.edu\/proyectomonastic\/wp-json\/wp\/v2\/posts\/7381\/revisions"}],"predecessor-version":[{"id":7747,"href":"https:\/\/www.ub.edu\/proyectomonastic\/wp-json\/wp\/v2\/posts\/7381\/revisions\/7747"}],"wp:attachment":[{"href":"https:\/\/www.ub.edu\/proyectomonastic\/wp-json\/wp\/v2\/media?parent=7381"}],"wp:term":[{"taxonomy":"category","embeddable":true,"href":"https:\/\/www.ub.edu\/proyectomonastic\/wp-json\/wp\/v2\/categories?post=7381"},{"taxonomy":"post_tag","embeddable":true,"href":"https:\/\/www.ub.edu\/proyectomonastic\/wp-json\/wp\/v2\/tags?post=7381"}],"curies":[{"name":"wp","href":"https:\/\/api.w.org\/{rel}","templated":true}]}}