{"id":7796,"date":"2021-04-07T09:30:51","date_gmt":"2021-04-07T09:30:51","guid":{"rendered":"https:\/\/www.ub.edu\/proyectomonastic\/?p=7796"},"modified":"2021-04-12T11:52:41","modified_gmt":"2021-04-12T11:52:41","slug":"seminari-virtual-sant-pere-puelles","status":"publish","type":"post","link":"https:\/\/www.ub.edu\/proyectomonastic\/seminari-virtual-sant-pere-puelles\/","title":{"rendered":"Seminari Virtual Sant Pere de les Puel\u00b7les"},"content":{"rendered":"<div class=\"boldgrid-section\">\n<div class=\"container\">\n<div class=\"row\">\n<div class=\"col-md-12 col-xs-12 col-sm-12\">\n<p>[vc_row][vc_column][vc_column_text]<\/p>\n<\/div>\n<\/div>\n<\/div>\n<\/div>\n<div class=\"boldgrid-section\">\n<div class=\"container\">\n<div class=\"row\">\n<div class=\"col-md-12 col-xs-12 col-sm-12\">\n<p>Els dies 15, 22 i 29 d&#8217;abril es celebra el Seminari Virtual <em>Construint la ciutat en femen\u00ed. Sant Pere de les Puel\u00b7les a la Barcelona Medieval, <\/em>amb matr\u00edcula gratu\u00efta pels membres del projecte Paisatges Mon\u00e0stics.<\/p>\n<p>En aquest seminari hi participen els seg\u00fcents membres del projecte Paisatge Mon\u00e0stics: Irene Brugu\u00e9s Massot, Xavier Costa Badia, Marta Sancho Planas, N\u00faria Jornet-Benito, Rosa Lluch Bramon, Martia Soler Sala,Marta Crisp\u00ed Canton i Pol Bridgewater Mateu.<\/p>\n<p>Informaci\u00f3 i inscripcions a <a href=\"http:\/\/www.federaciobenedictines.cat\">www.federaciobenedictines.cat<\/a> i acub.mbc@gmail.com.<\/p>\n<\/div>\n<\/div>\n<\/div>\n<\/div>\n<div class=\"boldgrid-section\">\n<div class=\"container\">\n<div class=\"row\">\n<div class=\"col-md-12 col-xs-12 col-sm-12\"><\/div>\n<\/div>\n<\/div>\n<\/div>\n<div class=\"boldgrid-section\">\n<div class=\"container\">\n<div class=\"row\">\n<div class=\"col-md-12 col-xs-12 col-sm-12\">\n<p>[\/vc_column_text][\/vc_column][\/vc_row][vc_row][vc_column][vc_single_image image=&#8221;7800&#8243; img_size=&#8221;large&#8221;][\/vc_column][\/vc_row]<\/p>\n<\/div>\n<\/div>\n<\/div>\n<\/div>\n","protected":false},"excerpt":{"rendered":"<p>[vc_row][vc_column][vc_column_text] Els dies 15, 22 i 29 d&#8217;abril es celebra el Seminari Virtual Construint la&#8230;<\/p>\n","protected":false},"author":3,"featured_media":0,"comment_status":"closed","ping_status":"closed","sticky":false,"template":"","format":"standard","meta":[],"categories":[82],"tags":[413,96,95,104,409],"_links":{"self":[{"href":"https:\/\/www.ub.edu\/proyectomonastic\/wp-json\/wp\/v2\/posts\/7796"}],"collection":[{"href":"https:\/\/www.ub.edu\/proyectomonastic\/wp-json\/wp\/v2\/posts"}],"about":[{"href":"https:\/\/www.ub.edu\/proyectomonastic\/wp-json\/wp\/v2\/types\/post"}],"author":[{"embeddable":true,"href":"https:\/\/www.ub.edu\/proyectomonastic\/wp-json\/wp\/v2\/users\/3"}],"replies":[{"embeddable":true,"href":"https:\/\/www.ub.edu\/proyectomonastic\/wp-json\/wp\/v2\/comments?post=7796"}],"version-history":[{"count":10,"href":"https:\/\/www.ub.edu\/proyectomonastic\/wp-json\/wp\/v2\/posts\/7796\/revisions"}],"predecessor-version":[{"id":7815,"href":"https:\/\/www.ub.edu\/proyectomonastic\/wp-json\/wp\/v2\/posts\/7796\/revisions\/7815"}],"wp:attachment":[{"href":"https:\/\/www.ub.edu\/proyectomonastic\/wp-json\/wp\/v2\/media?parent=7796"}],"wp:term":[{"taxonomy":"category","embeddable":true,"href":"https:\/\/www.ub.edu\/proyectomonastic\/wp-json\/wp\/v2\/categories?post=7796"},{"taxonomy":"post_tag","embeddable":true,"href":"https:\/\/www.ub.edu\/proyectomonastic\/wp-json\/wp\/v2\/tags?post=7796"}],"curies":[{"name":"wp","href":"https:\/\/api.w.org\/{rel}","templated":true}]}}