{"id":15048,"date":"2023-02-15T18:41:00","date_gmt":"2023-02-15T17:41:00","guid":{"rendered":"https:\/\/www.ub.edu\/retrucs\/?p=15048"},"modified":"2025-06-24T10:28:42","modified_gmt":"2025-06-24T08:28:42","slug":"wcag21","status":"publish","type":"post","link":"https:\/\/www.ub.edu\/retrucs\/wcag21\/","title":{"rendered":"Les Directrius per a l&#8217;accessibilitat web 2.1, en catal\u00e0"},"content":{"rendered":"\n<p>El febrer de 2023 s&#8217;ha aprovat la traducci\u00f3 oficial al catal\u00e0 de les\u00a0<a href=\"https:\/\/www.w3.org\/Translations\/WCAG21-ca\/\"><strong>Directrius per a l&#8217;accessibilitat web (WCAG) 2.1<\/strong><\/a>, un conjunt de directrius i consells per fer els continguts web accessibles per a tothom, especialment per a les persones que tenen algun tipus de discapacitat o trastorn d&#8217;aprenentatge.<\/p>\n\n\n\n<p>Les directrius del W3C s\u00f3n adoptades com a normes t\u00e8cniques o com a legislaci\u00f3 estatal. En aquesta l\u00ednia, les WCAG 2.1 proporcionen un marc per a l&#8217;aplicaci\u00f3 del Reial decret 1112\/2018 sobre accessibilitat dels llocs web i aplicacions per a dispositius m\u00f2bils del sector p\u00fablic. Aquesta normativa \u00e9s obligat\u00f2ria per a tots els portals de l&#8217;Administraci\u00f3 p\u00fablica, aix\u00ed com els de les empreses privades amb m\u00e9s de cent treballadors o que facturin m\u00e9s de sis milions d&#8217;euros.<\/p>\n\n\n\n<p>La traducci\u00f3 s&#8217;ha coordinat des de la Facultat de Matem\u00e0tiques i Inform\u00e0tica de la Universitat de Barcelona. Hi han participat els Serveis Ling\u00fc\u00edstics i el Grup de Recerca&nbsp;Adaptabit, i hi han donat suport el TERMCAT i la Generalitat de Catalunya. Aquest nou projecte de traducci\u00f3 ha estat possible gr\u00e0cies al comprom\u00eds d&#8217;un <a href=\"https:\/\/lists.w3.org\/Archives\/Public\/public-auth-trans-ca\/2023Feb\/0003.html\">conjunt d&#8217;entitats de la societat civil<\/a>, en qualitat de representants dels interessos de diferents grups de persones amb discapacitat, que han revisat i aprovat el text final.<\/p>\n","protected":false},"excerpt":{"rendered":"<p>El febrer de 2023 s&#8217;ha aprovat la traducci\u00f3 oficial al catal\u00e0 de les\u00a0Directrius per a l&#8217;accessibilitat web (WCAG) 2.1, un conjunt de directrius i consells per fer els continguts web accessibles per a tothom, especialment per a les persones que tenen algun tipus de discapacitat o trastorn d&#8217;aprenentatge. Les directrius &#8230;<\/p>\n","protected":false},"author":3,"featured_media":15049,"comment_status":"open","ping_status":"closed","sticky":false,"template":"","format":"standard","meta":{"_acf_changed":false,"footnotes":""},"categories":[187],"tags":[210],"class_list":["post-15048","post","type-post","status-publish","format-standard","has-post-thumbnail","hentry","category-directrius-accessibilitat","tag-accessibilitat","column","threecol","has-thumbnail"],"acf":[],"_links":{"self":[{"href":"https:\/\/www.ub.edu\/retrucs\/wp-json\/wp\/v2\/posts\/15048","targetHints":{"allow":["GET"]}}],"collection":[{"href":"https:\/\/www.ub.edu\/retrucs\/wp-json\/wp\/v2\/posts"}],"about":[{"href":"https:\/\/www.ub.edu\/retrucs\/wp-json\/wp\/v2\/types\/post"}],"author":[{"embeddable":true,"href":"https:\/\/www.ub.edu\/retrucs\/wp-json\/wp\/v2\/users\/3"}],"replies":[{"embeddable":true,"href":"https:\/\/www.ub.edu\/retrucs\/wp-json\/wp\/v2\/comments?post=15048"}],"version-history":[{"count":1,"href":"https:\/\/www.ub.edu\/retrucs\/wp-json\/wp\/v2\/posts\/15048\/revisions"}],"predecessor-version":[{"id":17426,"href":"https:\/\/www.ub.edu\/retrucs\/wp-json\/wp\/v2\/posts\/15048\/revisions\/17426"}],"wp:featuredmedia":[{"embeddable":true,"href":"https:\/\/www.ub.edu\/retrucs\/wp-json\/wp\/v2\/media\/15049"}],"wp:attachment":[{"href":"https:\/\/www.ub.edu\/retrucs\/wp-json\/wp\/v2\/media?parent=15048"}],"wp:term":[{"taxonomy":"category","embeddable":true,"href":"https:\/\/www.ub.edu\/retrucs\/wp-json\/wp\/v2\/categories?post=15048"},{"taxonomy":"post_tag","embeddable":true,"href":"https:\/\/www.ub.edu\/retrucs\/wp-json\/wp\/v2\/tags?post=15048"}],"curies":[{"name":"wp","href":"https:\/\/api.w.org\/{rel}","templated":true}]}}